{"id":13681,"date":"2024-02-09T13:52:39","date_gmt":"2024-02-09T16:52:39","guid":{"rendered":"https:\/\/www.cambe.pr.gov.br\/?p=13681"},"modified":"2024-10-07T13:01:35","modified_gmt":"2024-10-07T16:01:35","slug":"prefeitura-inaugura-escritorio-de-compras-e-sala-digital-para-empresarios-locais","status":"publish","type":"post","link":"https:\/\/www.cambe.pr.gov.br\/index.php\/prefeitura-inaugura-escritorio-de-compras-e-sala-digital-para-empresarios-locais\/","title":{"rendered":"Prefeitura inaugura Escrit\u00f3rio de Compras e Sala Digital para empres\u00e1rios locais"},"content":{"rendered":"<p style=\"text-align: justify;\"><span style=\"font-weight: 400; font-family: arial, helvetica, sans-serif;\"><img fetchpriority=\"high\" decoding=\"async\" class=\"alignleft size-large wp-image-13742\" src=\"https:\/\/www.cambe.pr.gov.br\/wp-content\/uploads\/2024\/02\/WhatsApp-Image-2024-02-09-at-12.12.57-1024x768.jpeg\" alt=\"\" width=\"610\" height=\"458\" srcset=\"https:\/\/www.cambe.pr.gov.br\/wp-content\/uploads\/2024\/02\/WhatsApp-Image-2024-02-09-at-12.12.57-1024x768.jpeg 1024w, https:\/\/www.cambe.pr.gov.br\/wp-content\/uploads\/2024\/02\/WhatsApp-Image-2024-02-09-at-12.12.57-300x225.jpeg 300w, https:\/\/www.cambe.pr.gov.br\/wp-content\/uploads\/2024\/02\/WhatsApp-Image-2024-02-09-at-12.12.57-768x576.jpeg 768w, https:\/\/www.cambe.pr.gov.br\/wp-content\/uploads\/2024\/02\/WhatsApp-Image-2024-02-09-at-12.12.57-1536x1152.jpeg 1536w, https:\/\/www.cambe.pr.gov.br\/wp-content\/uploads\/2024\/02\/WhatsApp-Image-2024-02-09-at-12.12.57-400x300.jpeg 400w, https:\/\/www.cambe.pr.gov.br\/wp-content\/uploads\/2024\/02\/WhatsApp-Image-2024-02-09-at-12.12.57.jpeg 1600w\" sizes=\"(max-width: 610px) 100vw, 610px\" \/>Visando capacitar e orientar empres\u00e1rios locais a participarem de licita\u00e7\u00f5es no munic\u00edpio, a Prefeitura de Camb\u00e9, atrav\u00e9s da Secretaria de Desenvolvimento Econ\u00f4mico, inaugurou nesta sexta-feira (9) o Escrit\u00f3rio de Compras. O servi\u00e7o faz parte do programa Compras Camb\u00e9, e tem o objetivo de aumentar a participa\u00e7\u00e3o de micro e pequenas empresas, de forma gratuita, nos processos de vendas e disponibilidade de servi\u00e7os ao poder p\u00fablico municipal. A cerim\u00f4nia de inaugura\u00e7\u00e3o contou com a participa\u00e7\u00e3o do prefeito Conrado Scheller, do vice-prefeito Zezinho da Ra\u00e7\u00e3o, de vereadores, secret\u00e1rios municipais, servidores, representantes do Sebrae, Associa\u00e7\u00e3o Comercial e Empresarial de Camb\u00e9 (ACIC) e empres\u00e1rios.<\/span><\/p>\n<p style=\"text-align: justify;\"><span style=\"font-weight: 400; font-family: arial, helvetica, sans-serif;\">A secret\u00e1ria municipal de Desenvolvimento Econ\u00f4mico, Lourdes Ma\u00e7olla, explicou que o atendimento do Escrit\u00f3rio de Compras ser\u00e1 segmentado, de acordo com as atividades de cada empres\u00e1rio, com a disponibiliza\u00e7\u00e3o de cursos, palestras e tamb\u00e9m o aux\u00edlio presencial, feito por uma servidora, capacitando o empreendedor para participar dos processos licitat\u00f3rios locais. O servi\u00e7o ser\u00e1 realizado j\u00e1 a partir desta sexta-feira, na Secretaria de Desenvolvimento Econ\u00f4mico, ao lado da Sala do Empreendedor. Em um primeiro momento, os empres\u00e1rios podem procurar o Escrit\u00f3rio de Compras no per\u00edodo da tarde, das 13h \u00e0s 17h.<\/span><\/p>\n<p style=\"text-align: justify;\"><span style=\"font-weight: 400; font-family: arial, helvetica, sans-serif;\">\u201cMuitas vezes, essas empresas n\u00e3o conseguem entrar na concorr\u00eancia da licita\u00e7\u00e3o, por falta de conhecimento ou documenta\u00e7\u00e3o, coisas f\u00e1ceis de solucionar. Portanto, vamos buscar qualificar e orientar esses empres\u00e1rios. Isso fortalece a economia local, colabora com o desenvolvimento da cidade, dos empres\u00e1rios, gera mais postos de empregos. E, por outro lado, tamb\u00e9m traz benef\u00edcios para eles tamb\u00e9m. A Prefeitura \u00e9 a maior empresa de Camb\u00e9. Logo, os empreendedores ter\u00e3o a possibilidade de ampliar o hall de venda deles, aumentando o faturamento e, consequentemente, o crescimento e expans\u00e3o da empresa\u201d, afirmou.<\/span><\/p>\n<p style=\"text-align: justify;\"><span style=\"font-family: arial, helvetica, sans-serif;\">O prefeito Conrado Scheller salientou que essa \u00e9 uma valoriza\u00e7\u00e3o com o empres\u00e1rio da cidade que cumpre suas obriga\u00e7\u00f5es, deveres, e pode oferecer um servi\u00e7o de qualidade ao munic\u00edpio. &#8220;Com o Escrit\u00f3rio de Compras visamos incentivar quem j\u00e1 agrega em Camb\u00e9. \u00c9 uma troca, como gostamos de trabalhar aqui. Nossa equipe de trabalho pensa em servi\u00e7os que fomentam o empreendedorismo, a forma\u00e7\u00e3o, a desburocratiza\u00e7\u00e3o, melhorias de a\u00e7\u00f5es, e l\u00e1 na frente seremos contemplados com produtos e servi\u00e7os locais, que nos d\u00e1 mais confian\u00e7a por j\u00e1 ser daqui, que fomenta a economia local porque o dinheiro vai ficar aqui. Enfim, todo mundo ganha&#8221;, destacou o prefeito.<\/span><\/p>\n<p style=\"text-align: justify;\"><span style=\"font-weight: 400; font-family: arial, helvetica, sans-serif;\"><img decoding=\"async\" class=\"alignleft size-large wp-image-13743\" src=\"https:\/\/www.cambe.pr.gov.br\/wp-content\/uploads\/2024\/02\/WhatsApp-Image-2024-02-09-at-12.04.53-1024x768.jpeg\" alt=\"\" width=\"610\" height=\"458\" srcset=\"https:\/\/www.cambe.pr.gov.br\/wp-content\/uploads\/2024\/02\/WhatsApp-Image-2024-02-09-at-12.04.53-1024x768.jpeg 1024w, https:\/\/www.cambe.pr.gov.br\/wp-content\/uploads\/2024\/02\/WhatsApp-Image-2024-02-09-at-12.04.53-300x225.jpeg 300w, https:\/\/www.cambe.pr.gov.br\/wp-content\/uploads\/2024\/02\/WhatsApp-Image-2024-02-09-at-12.04.53-768x576.jpeg 768w, https:\/\/www.cambe.pr.gov.br\/wp-content\/uploads\/2024\/02\/WhatsApp-Image-2024-02-09-at-12.04.53-400x300.jpeg 400w, https:\/\/www.cambe.pr.gov.br\/wp-content\/uploads\/2024\/02\/WhatsApp-Image-2024-02-09-at-12.04.53.jpeg 1280w\" sizes=\"(max-width: 610px) 100vw, 610px\" \/>O projeto ainda foi classificado como um divisor de \u00e1guas para o empreendedorismo de Camb\u00e9, segundo o gerente da regional Norte do Sebrae, Fabricio Bianchi. \u201cQuando voc\u00ea realmente tem esse alinhamento que Camb\u00e9 tem hoje do executivo com o legislativo e a sociedade civil organizada, gera um grande impacto. Principalmente porque as empresas passam a ter acesso de forma muito convergente com o interesse p\u00fablico, oferecendo para o cidad\u00e3o os melhores produtos e os servi\u00e7os com grande qualidade. E o potencial de compra aqui \u00e9 muito grande. Agora as empresas que n\u00e3o tem conhecimento de como fazer isso, v\u00e3o ter o Escrit\u00f3rio de Compras, v\u00e3o poder fazer contato direto com a Secretaria, para tirar d\u00favidas e se preparar para ficar apto a vender para o poder p\u00fablico. Para o munic\u00edpio, isso \u00e9 inje\u00e7\u00e3o de dinheiro porque gera emprego, sal\u00e1rio, recolhimento de tributos e prosperidade\u201d.<\/span><\/p>\n<p style=\"text-align: justify;\"><span style=\"font-weight: 400; font-family: arial, helvetica, sans-serif;\">David Garcia, presidente da ACIC, ainda ressaltou que a classe empresarial est\u00e1 em festa porque Camb\u00e9 saiu na frente mais uma vez, com uma aula de organiza\u00e7\u00e3o para a regi\u00e3o. \u201cO Escrit\u00f3rio de Compras P\u00fablica de Camb\u00e9 \u00e9 uma resposta a um anseio antigo da comunidade empresarial, principalmente as micro e pequenas empresas, que precisava desse apoio e desse local para vender produtos e servi\u00e7os para a Prefeitura. E mais importante, de cambeenses, de empresas cambeenses, e que ir\u00e3o vender para Camb\u00e9. Essa conjun\u00e7\u00e3o de for\u00e7as vem em um momento muito bom porque temos uma cidade empreendedora, uma cidade que hoje \u00e9 destaque estadual, por conta dessa din\u00e2mica que foi criada em Camb\u00e9. Esse \u00e9 um marco important\u00edssimo para essas empresas que n\u00e3o tinham acesso nenhum para vender ao poder p\u00fablico. Uma valoriza\u00e7\u00e3o ao pequeno empres\u00e1rio\u201d, disse.<\/span><\/p>\n<p>&nbsp;<\/p>\n<p style=\"text-align: justify;\"><strong><span style=\"font-family: arial, helvetica, sans-serif;\">Sala do Empreendedor e Sala Digital<\/span><\/strong><\/p>\n<p style=\"text-align: justify;\"><span style=\"font-weight: 400; font-family: arial, helvetica, sans-serif;\">Al\u00e9m do Escrit\u00f3rio de Compras, a Secretaria de Desenvolvimento Econ\u00f4mico fornece outro servi\u00e7o importante para o empres\u00e1rio local: a Sala do Empreendedor. Ativo desde 2014, o servi\u00e7o tamb\u00e9m \u00e9 prestado gratuitamente aos microempreendedores individuais sem funcion\u00e1rio, com palestras de orienta\u00e7\u00e3o sobre o que \u00e9 ser MEI, quais os benef\u00edcios do MEI, o que contribui para ele e o munic\u00edpio, formaliza\u00e7\u00e3o e abertura de CNPJ, parcelamentos, impress\u00e3o de boletos, declara\u00e7\u00e3o de imposto de renda, consultorias em v\u00e1rias \u00e1reas durante o ano todo, oficinas, workshops e cursos.\u00a0<\/span><\/p>\n<p style=\"text-align: justify;\"><span style=\"font-family: arial, helvetica, sans-serif;\">Por\u00e9m, tamb\u00e9m a partir desta sexta-feira, ser\u00e1 disponibilizado aos empres\u00e1rios do munic\u00edpio a Sala Digital. O recurso ir\u00e1 possibilitar um auto atendimento, onde em um primeiro momento ter\u00e1 um servidor para acompanhar e direcionar o empres\u00e1rio, mas com objetivo de agrupar e disponibilizar servi\u00e7os de forma digital para otimizar o atendimento ao empreendedor, concentrar em um mesmo espa\u00e7o os servi\u00e7os oferecidos pelo munic\u00edpio e seus parceiros, e tamb\u00e9m agilizar o contato com a Secretaria, tudo atrav\u00e9s de um terminal disponibilizado na Sala do Empreendedor.\u00a0<\/span><\/p>\n<p style=\"text-align: justify;\"><span style=\"font-family: arial, helvetica, sans-serif;\">Segundo a Secretaria, atrav\u00e9s do equipamento de autoatendimento o usu\u00e1rio ter\u00e1 seguran\u00e7a para imprimir os boletos mensais do MEI, fazer a declara\u00e7\u00e3o anual de rendimentos, imprimir o cart\u00e3o de CNPJ, o Certificado de Condi\u00e7\u00e3o de MEI, acesso \u00e0 Certid\u00e3o Municipal, Estadual e Federal e acesso a oportunidades de compras p\u00fablicas atrav\u00e9s do Portal de Transpar\u00eancia do munic\u00edpio. <\/span><strong><a href=\"https:\/\/www.instagram.com\/p\/C3IRjxMAxTl\/\">Clique aqui e assista ao v\u00eddeo que explica o funcionamento da Sala Digital.<\/a><\/strong><\/p>\n<p>&nbsp;<\/p>\n<p style=\"text-align: justify;\"><strong><span style=\"font-family: arial, helvetica, sans-serif;\">Comit\u00ea Gestor de Camb\u00e9<\/span><\/strong><\/p>\n<p style=\"text-align: justify;\"><span style=\"font-weight: 400; font-family: arial, helvetica, sans-serif;\">Lourdes Ma\u00e7olla ainda real\u00e7ou que o Escrit\u00f3rio de Compras e muitos dos servi\u00e7os disponibilizados na Sala do Empreendedor surgiu atrav\u00e9s do Comit\u00ea Gestor de Camb\u00e9. Em vigor desde 2015, a associa\u00e7\u00e3o visa desenvolver pol\u00edticas que auxiliem micro e pequenas empresas, coordenando projetos de inova\u00e7\u00e3o que podem ser desenvolvidos e implantados no munic\u00edpio. O comit\u00ea \u00e9 formado por membros da Prefeitura, da C\u00e2mara Municipal, da Associa\u00e7\u00e3o Comercial e Empresarial de Camb\u00e9 (ACIC), empres\u00e1rios, comerciantes e conta com a consultoria do Sebrae.<\/span><\/p>\n<p style=\"text-align: justify;\"><span style=\"font-weight: 400; font-family: arial, helvetica, sans-serif;\">\u201cHoje, mais de 95% das institui\u00e7\u00f5es do pa\u00eds s\u00e3o micro e pequenas empresas. E a iniciativa do Escrit\u00f3rio de Compras veio atrav\u00e9s desse Comit\u00ea, com o apoio do governo do prefeito Conrado Scheller, que \u00e9 um entusiasta, motivou e nos incentivou para a cria\u00e7\u00e3o desse projeto. O Comit\u00ea \u00e9 muito pr\u00f3ximo dos empres\u00e1rios, n\u00e3o \u00e9 algo fechado. Deixamos o convite para todos aqueles que quiserem vir, participar e conhecer quais as a\u00e7\u00f5es que fazemos para otimizar alguns servi\u00e7os para o micro empres\u00e1rio e micro empreendedor\u201d, concluiu Ma\u00e7olla.<\/span><\/p>\n<p style=\"text-align: justify;\"><span style=\"font-weight: 400; font-family: arial, helvetica, sans-serif;\">A Secretaria de Desenvolvimento Econ\u00f4mico, sede da Sala do Empreendedor e agora do Escrit\u00f3rio de Compras e da Sala Digital, fica na Rua Fran\u00e7a, 84. O hor\u00e1rio de atendimento \u00e9 das 8h30 \u00e0s 11h30 e das 13h \u00e0s 17h, e o telefone de contato \u00e9 o (43) 3174-2660.<\/span><\/p>\n","protected":false},"excerpt":{"rendered":"<p>Visando capacitar e orientar empres\u00e1rios locais a participarem de licita\u00e7\u00f5es no munic\u00edpio, a Prefeitura de Camb\u00e9, atrav\u00e9s da Secretaria de Desenvolvimento Econ\u00f4mico, inaugurou nesta sexta-feira (9) o Escrit\u00f3rio de Compras. O servi\u00e7o faz parte do programa Compras Camb\u00e9, e tem o objetivo de aumentar a participa\u00e7\u00e3o de micro e pequenas empresas, de forma gratuita, nos [&hellip;]<\/p>\n","protected":false},"author":16,"featured_media":0,"comment_status":"closed","ping_status":"open","sticky":false,"template":"","format":"standard","meta":{"ngg_post_thumbnail":0,"footnotes":""},"categories":[1],"tags":[],"class_list":["post-13681","post","type-post","status-publish","format-standard","hentry","category-principal"],"yoast_head":"<!-- This site is optimized with the Yoast SEO plugin v27.4 - https:\/\/yoast.com\/product\/yoast-seo-wordpress\/ -->\n<title>Prefeitura inaugura Escrit\u00f3rio de Compras e Sala Digital para empres\u00e1rios locais - Prefeitura de Camb\u00e9<\/title>\n<meta name=\"robots\" content=\"index, follow, max-snippet:-1, max-image-preview:large, max-video-preview:-1\" \/>\n<link rel=\"canonical\" href=\"https:\/\/www.cambe.pr.gov.br\/index.php\/prefeitura-inaugura-escritorio-de-compras-e-sala-digital-para-empresarios-locais\/\" \/>\n<meta property=\"og:locale\" content=\"pt_BR\" \/>\n<meta property=\"og:type\" content=\"article\" \/>\n<meta property=\"og:title\" content=\"Prefeitura inaugura Escrit\u00f3rio de Compras e Sala Digital para empres\u00e1rios locais - Prefeitura de Camb\u00e9\" \/>\n<meta property=\"og:description\" content=\"Visando capacitar e orientar empres\u00e1rios locais a participarem de licita\u00e7\u00f5es no munic\u00edpio, a Prefeitura de Camb\u00e9, atrav\u00e9s da Secretaria de Desenvolvimento Econ\u00f4mico, inaugurou nesta sexta-feira (9) o Escrit\u00f3rio de Compras. O servi\u00e7o faz parte do programa Compras Camb\u00e9, e tem o objetivo de aumentar a participa\u00e7\u00e3o de micro e pequenas empresas, de forma gratuita, nos [&hellip;]\" \/>\n<meta property=\"og:url\" content=\"https:\/\/www.cambe.pr.gov.br\/index.php\/prefeitura-inaugura-escritorio-de-compras-e-sala-digital-para-empresarios-locais\/\" \/>\n<meta property=\"og:site_name\" content=\"Prefeitura de Camb\u00e9\" \/>\n<meta property=\"article:publisher\" content=\"https:\/\/m.facebook.com\/prefeituradecambe\" \/>\n<meta property=\"article:published_time\" content=\"2024-02-09T16:52:39+00:00\" \/>\n<meta property=\"article:modified_time\" content=\"2024-10-07T16:01:35+00:00\" \/>\n<meta property=\"og:image\" content=\"https:\/\/www.cambe.pr.gov.br\/wp-content\/uploads\/2024\/02\/WhatsApp-Image-2024-02-09-at-12.12.57-1024x768.jpeg\" \/>\n<meta name=\"author\" content=\"Vinicius Augusto Batista Eira\" \/>\n<meta name=\"twitter:card\" content=\"summary_large_image\" \/>\n<meta name=\"twitter:label1\" content=\"Escrito por\" \/>\n\t<meta name=\"twitter:data1\" content=\"Vinicius Augusto Batista Eira\" \/>\n\t<meta name=\"twitter:label2\" content=\"Est. tempo de leitura\" \/>\n\t<meta name=\"twitter:data2\" content=\"7 minutos\" \/>\n<script type=\"application\/ld+json\" class=\"yoast-schema-graph\">{\"@context\":\"https:\\\/\\\/schema.org\",\"@graph\":[{\"@type\":\"Article\",\"@id\":\"https:\\\/\\\/www.cambe.pr.gov.br\\\/index.php\\\/prefeitura-inaugura-escritorio-de-compras-e-sala-digital-para-empresarios-locais\\\/#article\",\"isPartOf\":{\"@id\":\"https:\\\/\\\/www.cambe.pr.gov.br\\\/index.php\\\/prefeitura-inaugura-escritorio-de-compras-e-sala-digital-para-empresarios-locais\\\/\"},\"author\":{\"name\":\"Vinicius Augusto Batista Eira\",\"@id\":\"https:\\\/\\\/www.cambe.pr.gov.br\\\/#\\\/schema\\\/person\\\/8e3ee69cb2cadf4b9f8377407227effd\"},\"headline\":\"Prefeitura inaugura Escrit\u00f3rio de Compras e Sala Digital para empres\u00e1rios locais\",\"datePublished\":\"2024-02-09T16:52:39+00:00\",\"dateModified\":\"2024-10-07T16:01:35+00:00\",\"mainEntityOfPage\":{\"@id\":\"https:\\\/\\\/www.cambe.pr.gov.br\\\/index.php\\\/prefeitura-inaugura-escritorio-de-compras-e-sala-digital-para-empresarios-locais\\\/\"},\"wordCount\":1270,\"publisher\":{\"@id\":\"https:\\\/\\\/www.cambe.pr.gov.br\\\/#organization\"},\"image\":{\"@id\":\"https:\\\/\\\/www.cambe.pr.gov.br\\\/index.php\\\/prefeitura-inaugura-escritorio-de-compras-e-sala-digital-para-empresarios-locais\\\/#primaryimage\"},\"thumbnailUrl\":\"https:\\\/\\\/www.cambe.pr.gov.br\\\/wp-content\\\/uploads\\\/2024\\\/02\\\/WhatsApp-Image-2024-02-09-at-12.12.57-1024x768.jpeg\",\"articleSection\":[\"Principal\"],\"inLanguage\":\"pt-BR\"},{\"@type\":\"WebPage\",\"@id\":\"https:\\\/\\\/www.cambe.pr.gov.br\\\/index.php\\\/prefeitura-inaugura-escritorio-de-compras-e-sala-digital-para-empresarios-locais\\\/\",\"url\":\"https:\\\/\\\/www.cambe.pr.gov.br\\\/index.php\\\/prefeitura-inaugura-escritorio-de-compras-e-sala-digital-para-empresarios-locais\\\/\",\"name\":\"Prefeitura inaugura Escrit\u00f3rio de Compras e Sala Digital para empres\u00e1rios locais - Prefeitura de Camb\u00e9\",\"isPartOf\":{\"@id\":\"https:\\\/\\\/www.cambe.pr.gov.br\\\/#website\"},\"primaryImageOfPage\":{\"@id\":\"https:\\\/\\\/www.cambe.pr.gov.br\\\/index.php\\\/prefeitura-inaugura-escritorio-de-compras-e-sala-digital-para-empresarios-locais\\\/#primaryimage\"},\"image\":{\"@id\":\"https:\\\/\\\/www.cambe.pr.gov.br\\\/index.php\\\/prefeitura-inaugura-escritorio-de-compras-e-sala-digital-para-empresarios-locais\\\/#primaryimage\"},\"thumbnailUrl\":\"https:\\\/\\\/www.cambe.pr.gov.br\\\/wp-content\\\/uploads\\\/2024\\\/02\\\/WhatsApp-Image-2024-02-09-at-12.12.57-1024x768.jpeg\",\"datePublished\":\"2024-02-09T16:52:39+00:00\",\"dateModified\":\"2024-10-07T16:01:35+00:00\",\"breadcrumb\":{\"@id\":\"https:\\\/\\\/www.cambe.pr.gov.br\\\/index.php\\\/prefeitura-inaugura-escritorio-de-compras-e-sala-digital-para-empresarios-locais\\\/#breadcrumb\"},\"inLanguage\":\"pt-BR\",\"potentialAction\":[{\"@type\":\"ReadAction\",\"target\":[\"https:\\\/\\\/www.cambe.pr.gov.br\\\/index.php\\\/prefeitura-inaugura-escritorio-de-compras-e-sala-digital-para-empresarios-locais\\\/\"]}]},{\"@type\":\"ImageObject\",\"inLanguage\":\"pt-BR\",\"@id\":\"https:\\\/\\\/www.cambe.pr.gov.br\\\/index.php\\\/prefeitura-inaugura-escritorio-de-compras-e-sala-digital-para-empresarios-locais\\\/#primaryimage\",\"url\":\"https:\\\/\\\/www.cambe.pr.gov.br\\\/wp-content\\\/uploads\\\/2024\\\/02\\\/WhatsApp-Image-2024-02-09-at-12.12.57.jpeg\",\"contentUrl\":\"https:\\\/\\\/www.cambe.pr.gov.br\\\/wp-content\\\/uploads\\\/2024\\\/02\\\/WhatsApp-Image-2024-02-09-at-12.12.57.jpeg\",\"width\":1600,\"height\":1200},{\"@type\":\"BreadcrumbList\",\"@id\":\"https:\\\/\\\/www.cambe.pr.gov.br\\\/index.php\\\/prefeitura-inaugura-escritorio-de-compras-e-sala-digital-para-empresarios-locais\\\/#breadcrumb\",\"itemListElement\":[{\"@type\":\"ListItem\",\"position\":1,\"name\":\"In\u00edcio\",\"item\":\"https:\\\/\\\/www.cambe.pr.gov.br\\\/\"},{\"@type\":\"ListItem\",\"position\":2,\"name\":\"Prefeitura inaugura Escrit\u00f3rio de Compras e Sala Digital para empres\u00e1rios locais\"}]},{\"@type\":\"WebSite\",\"@id\":\"https:\\\/\\\/www.cambe.pr.gov.br\\\/#website\",\"url\":\"https:\\\/\\\/www.cambe.pr.gov.br\\\/\",\"name\":\"Prefeitura de Camb\u00e9\",\"description\":\"UM GOVERNO PARA TODOS\",\"publisher\":{\"@id\":\"https:\\\/\\\/www.cambe.pr.gov.br\\\/#organization\"},\"potentialAction\":[{\"@type\":\"SearchAction\",\"target\":{\"@type\":\"EntryPoint\",\"urlTemplate\":\"https:\\\/\\\/www.cambe.pr.gov.br\\\/?s={search_term_string}\"},\"query-input\":{\"@type\":\"PropertyValueSpecification\",\"valueRequired\":true,\"valueName\":\"search_term_string\"}}],\"inLanguage\":\"pt-BR\"},{\"@type\":\"Organization\",\"@id\":\"https:\\\/\\\/www.cambe.pr.gov.br\\\/#organization\",\"name\":\"Prefeitura de Camb\u00e9\",\"url\":\"https:\\\/\\\/www.cambe.pr.gov.br\\\/\",\"logo\":{\"@type\":\"ImageObject\",\"inLanguage\":\"pt-BR\",\"@id\":\"https:\\\/\\\/www.cambe.pr.gov.br\\\/#\\\/schema\\\/logo\\\/image\\\/\",\"url\":\"https:\\\/\\\/www.cambe.pr.gov.br\\\/wp-content\\\/uploads\\\/2021\\\/01\\\/cropped-cropped-cambe_brazao-icone.png\",\"contentUrl\":\"https:\\\/\\\/www.cambe.pr.gov.br\\\/wp-content\\\/uploads\\\/2021\\\/01\\\/cropped-cropped-cambe_brazao-icone.png\",\"width\":240,\"height\":240,\"caption\":\"Prefeitura de Camb\u00e9\"},\"image\":{\"@id\":\"https:\\\/\\\/www.cambe.pr.gov.br\\\/#\\\/schema\\\/logo\\\/image\\\/\"},\"sameAs\":[\"https:\\\/\\\/m.facebook.com\\\/prefeituradecambe\"]},{\"@type\":\"Person\",\"@id\":\"https:\\\/\\\/www.cambe.pr.gov.br\\\/#\\\/schema\\\/person\\\/8e3ee69cb2cadf4b9f8377407227effd\",\"name\":\"Vinicius Augusto Batista Eira\",\"image\":{\"@type\":\"ImageObject\",\"inLanguage\":\"pt-BR\",\"@id\":\"https:\\\/\\\/secure.gravatar.com\\\/avatar\\\/1ec500de7013b30e1d4d7c8c3978f0e4433c37e5d5e4cd186239369c6440122b?s=96&d=mm&r=g\",\"url\":\"https:\\\/\\\/secure.gravatar.com\\\/avatar\\\/1ec500de7013b30e1d4d7c8c3978f0e4433c37e5d5e4cd186239369c6440122b?s=96&d=mm&r=g\",\"contentUrl\":\"https:\\\/\\\/secure.gravatar.com\\\/avatar\\\/1ec500de7013b30e1d4d7c8c3978f0e4433c37e5d5e4cd186239369c6440122b?s=96&d=mm&r=g\",\"caption\":\"Vinicius Augusto Batista Eira\"},\"url\":\"https:\\\/\\\/www.cambe.pr.gov.br\\\/index.php\\\/author\\\/vabeira\\\/\"}]}<\/script>\n<!-- \/ Yoast SEO plugin. -->","yoast_head_json":{"title":"Prefeitura inaugura Escrit\u00f3rio de Compras e Sala Digital para empres\u00e1rios locais - Prefeitura de Camb\u00e9","robots":{"index":"index","follow":"follow","max-snippet":"max-snippet:-1","max-image-preview":"max-image-preview:large","max-video-preview":"max-video-preview:-1"},"canonical":"https:\/\/www.cambe.pr.gov.br\/index.php\/prefeitura-inaugura-escritorio-de-compras-e-sala-digital-para-empresarios-locais\/","og_locale":"pt_BR","og_type":"article","og_title":"Prefeitura inaugura Escrit\u00f3rio de Compras e Sala Digital para empres\u00e1rios locais - Prefeitura de Camb\u00e9","og_description":"Visando capacitar e orientar empres\u00e1rios locais a participarem de licita\u00e7\u00f5es no munic\u00edpio, a Prefeitura de Camb\u00e9, atrav\u00e9s da Secretaria de Desenvolvimento Econ\u00f4mico, inaugurou nesta sexta-feira (9) o Escrit\u00f3rio de Compras. O servi\u00e7o faz parte do programa Compras Camb\u00e9, e tem o objetivo de aumentar a participa\u00e7\u00e3o de micro e pequenas empresas, de forma gratuita, nos [&hellip;]","og_url":"https:\/\/www.cambe.pr.gov.br\/index.php\/prefeitura-inaugura-escritorio-de-compras-e-sala-digital-para-empresarios-locais\/","og_site_name":"Prefeitura de Camb\u00e9","article_publisher":"https:\/\/m.facebook.com\/prefeituradecambe","article_published_time":"2024-02-09T16:52:39+00:00","article_modified_time":"2024-10-07T16:01:35+00:00","og_image":[{"url":"https:\/\/www.cambe.pr.gov.br\/wp-content\/uploads\/2024\/02\/WhatsApp-Image-2024-02-09-at-12.12.57-1024x768.jpeg","type":"","width":"","height":""}],"author":"Vinicius Augusto Batista Eira","twitter_card":"summary_large_image","twitter_misc":{"Escrito por":"Vinicius Augusto Batista Eira","Est. tempo de leitura":"7 minutos"},"schema":{"@context":"https:\/\/schema.org","@graph":[{"@type":"Article","@id":"https:\/\/www.cambe.pr.gov.br\/index.php\/prefeitura-inaugura-escritorio-de-compras-e-sala-digital-para-empresarios-locais\/#article","isPartOf":{"@id":"https:\/\/www.cambe.pr.gov.br\/index.php\/prefeitura-inaugura-escritorio-de-compras-e-sala-digital-para-empresarios-locais\/"},"author":{"name":"Vinicius Augusto Batista Eira","@id":"https:\/\/www.cambe.pr.gov.br\/#\/schema\/person\/8e3ee69cb2cadf4b9f8377407227effd"},"headline":"Prefeitura inaugura Escrit\u00f3rio de Compras e Sala Digital para empres\u00e1rios locais","datePublished":"2024-02-09T16:52:39+00:00","dateModified":"2024-10-07T16:01:35+00:00","mainEntityOfPage":{"@id":"https:\/\/www.cambe.pr.gov.br\/index.php\/prefeitura-inaugura-escritorio-de-compras-e-sala-digital-para-empresarios-locais\/"},"wordCount":1270,"publisher":{"@id":"https:\/\/www.cambe.pr.gov.br\/#organization"},"image":{"@id":"https:\/\/www.cambe.pr.gov.br\/index.php\/prefeitura-inaugura-escritorio-de-compras-e-sala-digital-para-empresarios-locais\/#primaryimage"},"thumbnailUrl":"https:\/\/www.cambe.pr.gov.br\/wp-content\/uploads\/2024\/02\/WhatsApp-Image-2024-02-09-at-12.12.57-1024x768.jpeg","articleSection":["Principal"],"inLanguage":"pt-BR"},{"@type":"WebPage","@id":"https:\/\/www.cambe.pr.gov.br\/index.php\/prefeitura-inaugura-escritorio-de-compras-e-sala-digital-para-empresarios-locais\/","url":"https:\/\/www.cambe.pr.gov.br\/index.php\/prefeitura-inaugura-escritorio-de-compras-e-sala-digital-para-empresarios-locais\/","name":"Prefeitura inaugura Escrit\u00f3rio de Compras e Sala Digital para empres\u00e1rios locais - Prefeitura de Camb\u00e9","isPartOf":{"@id":"https:\/\/www.cambe.pr.gov.br\/#website"},"primaryImageOfPage":{"@id":"https:\/\/www.cambe.pr.gov.br\/index.php\/prefeitura-inaugura-escritorio-de-compras-e-sala-digital-para-empresarios-locais\/#primaryimage"},"image":{"@id":"https:\/\/www.cambe.pr.gov.br\/index.php\/prefeitura-inaugura-escritorio-de-compras-e-sala-digital-para-empresarios-locais\/#primaryimage"},"thumbnailUrl":"https:\/\/www.cambe.pr.gov.br\/wp-content\/uploads\/2024\/02\/WhatsApp-Image-2024-02-09-at-12.12.57-1024x768.jpeg","datePublished":"2024-02-09T16:52:39+00:00","dateModified":"2024-10-07T16:01:35+00:00","breadcrumb":{"@id":"https:\/\/www.cambe.pr.gov.br\/index.php\/prefeitura-inaugura-escritorio-de-compras-e-sala-digital-para-empresarios-locais\/#breadcrumb"},"inLanguage":"pt-BR","potentialAction":[{"@type":"ReadAction","target":["https:\/\/www.cambe.pr.gov.br\/index.php\/prefeitura-inaugura-escritorio-de-compras-e-sala-digital-para-empresarios-locais\/"]}]},{"@type":"ImageObject","inLanguage":"pt-BR","@id":"https:\/\/www.cambe.pr.gov.br\/index.php\/prefeitura-inaugura-escritorio-de-compras-e-sala-digital-para-empresarios-locais\/#primaryimage","url":"https:\/\/www.cambe.pr.gov.br\/wp-content\/uploads\/2024\/02\/WhatsApp-Image-2024-02-09-at-12.12.57.jpeg","contentUrl":"https:\/\/www.cambe.pr.gov.br\/wp-content\/uploads\/2024\/02\/WhatsApp-Image-2024-02-09-at-12.12.57.jpeg","width":1600,"height":1200},{"@type":"BreadcrumbList","@id":"https:\/\/www.cambe.pr.gov.br\/index.php\/prefeitura-inaugura-escritorio-de-compras-e-sala-digital-para-empresarios-locais\/#breadcrumb","itemListElement":[{"@type":"ListItem","position":1,"name":"In\u00edcio","item":"https:\/\/www.cambe.pr.gov.br\/"},{"@type":"ListItem","position":2,"name":"Prefeitura inaugura Escrit\u00f3rio de Compras e Sala Digital para empres\u00e1rios locais"}]},{"@type":"WebSite","@id":"https:\/\/www.cambe.pr.gov.br\/#website","url":"https:\/\/www.cambe.pr.gov.br\/","name":"Prefeitura de Camb\u00e9","description":"UM GOVERNO PARA TODOS","publisher":{"@id":"https:\/\/www.cambe.pr.gov.br\/#organization"},"potentialAction":[{"@type":"SearchAction","target":{"@type":"EntryPoint","urlTemplate":"https:\/\/www.cambe.pr.gov.br\/?s={search_term_string}"},"query-input":{"@type":"PropertyValueSpecification","valueRequired":true,"valueName":"search_term_string"}}],"inLanguage":"pt-BR"},{"@type":"Organization","@id":"https:\/\/www.cambe.pr.gov.br\/#organization","name":"Prefeitura de Camb\u00e9","url":"https:\/\/www.cambe.pr.gov.br\/","logo":{"@type":"ImageObject","inLanguage":"pt-BR","@id":"https:\/\/www.cambe.pr.gov.br\/#\/schema\/logo\/image\/","url":"https:\/\/www.cambe.pr.gov.br\/wp-content\/uploads\/2021\/01\/cropped-cropped-cambe_brazao-icone.png","contentUrl":"https:\/\/www.cambe.pr.gov.br\/wp-content\/uploads\/2021\/01\/cropped-cropped-cambe_brazao-icone.png","width":240,"height":240,"caption":"Prefeitura de Camb\u00e9"},"image":{"@id":"https:\/\/www.cambe.pr.gov.br\/#\/schema\/logo\/image\/"},"sameAs":["https:\/\/m.facebook.com\/prefeituradecambe"]},{"@type":"Person","@id":"https:\/\/www.cambe.pr.gov.br\/#\/schema\/person\/8e3ee69cb2cadf4b9f8377407227effd","name":"Vinicius Augusto Batista Eira","image":{"@type":"ImageObject","inLanguage":"pt-BR","@id":"https:\/\/secure.gravatar.com\/avatar\/1ec500de7013b30e1d4d7c8c3978f0e4433c37e5d5e4cd186239369c6440122b?s=96&d=mm&r=g","url":"https:\/\/secure.gravatar.com\/avatar\/1ec500de7013b30e1d4d7c8c3978f0e4433c37e5d5e4cd186239369c6440122b?s=96&d=mm&r=g","contentUrl":"https:\/\/secure.gravatar.com\/avatar\/1ec500de7013b30e1d4d7c8c3978f0e4433c37e5d5e4cd186239369c6440122b?s=96&d=mm&r=g","caption":"Vinicius Augusto Batista Eira"},"url":"https:\/\/www.cambe.pr.gov.br\/index.php\/author\/vabeira\/"}]}},"_links":{"self":[{"href":"https:\/\/www.cambe.pr.gov.br\/index.php\/wp-json\/wp\/v2\/posts\/13681","targetHints":{"allow":["GET"]}}],"collection":[{"href":"https:\/\/www.cambe.pr.gov.br\/index.php\/wp-json\/wp\/v2\/posts"}],"about":[{"href":"https:\/\/www.cambe.pr.gov.br\/index.php\/wp-json\/wp\/v2\/types\/post"}],"author":[{"embeddable":true,"href":"https:\/\/www.cambe.pr.gov.br\/index.php\/wp-json\/wp\/v2\/users\/16"}],"replies":[{"embeddable":true,"href":"https:\/\/www.cambe.pr.gov.br\/index.php\/wp-json\/wp\/v2\/comments?post=13681"}],"version-history":[{"count":11,"href":"https:\/\/www.cambe.pr.gov.br\/index.php\/wp-json\/wp\/v2\/posts\/13681\/revisions"}],"predecessor-version":[{"id":13762,"href":"https:\/\/www.cambe.pr.gov.br\/index.php\/wp-json\/wp\/v2\/posts\/13681\/revisions\/13762"}],"wp:attachment":[{"href":"https:\/\/www.cambe.pr.gov.br\/index.php\/wp-json\/wp\/v2\/media?parent=13681"}],"wp:term":[{"taxonomy":"category","embeddable":true,"href":"https:\/\/www.cambe.pr.gov.br\/index.php\/wp-json\/wp\/v2\/categories?post=13681"},{"taxonomy":"post_tag","embeddable":true,"href":"https:\/\/www.cambe.pr.gov.br\/index.php\/wp-json\/wp\/v2\/tags?post=13681"}],"curies":[{"name":"wp","href":"https:\/\/api.w.org\/{rel}","templated":true}]}}