{"id":13123,"date":"2023-12-09T14:56:13","date_gmt":"2023-12-09T17:56:13","guid":{"rendered":"https:\/\/www.cambe.pr.gov.br\/?p=13123"},"modified":"2024-10-07T13:01:33","modified_gmt":"2024-10-07T16:01:33","slug":"papai-noel-desembarca-em-cambe-e-inicia-a-programacao-especial-de-natal","status":"publish","type":"post","link":"https:\/\/www.cambe.pr.gov.br\/index.php\/papai-noel-desembarca-em-cambe-e-inicia-a-programacao-especial-de-natal\/","title":{"rendered":"Papai Noel desembarca em Camb\u00e9 e inicia a programa\u00e7\u00e3o especial de Natal"},"content":{"rendered":"<p style=\"text-align: justify;\"><span style=\"font-weight: 400; font-family: arial, helvetica, sans-serif;\"><img fetchpriority=\"high\" decoding=\"async\" class=\"alignleft size-large wp-image-13127\" src=\"https:\/\/www.cambe.pr.gov.br\/wp-content\/uploads\/2023\/12\/DSC_0366-1024x678.jpg\" alt=\"\" width=\"610\" height=\"404\" srcset=\"https:\/\/www.cambe.pr.gov.br\/wp-content\/uploads\/2023\/12\/DSC_0366-1024x678.jpg 1024w, https:\/\/www.cambe.pr.gov.br\/wp-content\/uploads\/2023\/12\/DSC_0366-300x199.jpg 300w, https:\/\/www.cambe.pr.gov.br\/wp-content\/uploads\/2023\/12\/DSC_0366-768x509.jpg 768w, https:\/\/www.cambe.pr.gov.br\/wp-content\/uploads\/2023\/12\/DSC_0366-1536x1017.jpg 1536w, https:\/\/www.cambe.pr.gov.br\/wp-content\/uploads\/2023\/12\/DSC_0366-2048x1357.jpg 2048w\" sizes=\"(max-width: 610px) 100vw, 610px\" \/>Em uma noite muito especial, o Papai Noel chegou em Camb\u00e9 e deu o pontap\u00e9 inicial \u00e0 programa\u00e7\u00e3o especial de Natal. Com show de luzes, m\u00fasica e muita alegria, a popula\u00e7\u00e3o cambeense fez a festa em todo o percurso da carreata do Papai Noel, al\u00e9m do Cal\u00e7ad\u00e3o com com\u00e9rcio aberto \u00e0 noite, e o Centro Cultural onde est\u00e1 localizada a Casa do Papai Noel.<\/span><\/p>\n<p style=\"text-align: justify;\"><span style=\"font-weight: 400; font-family: arial, helvetica, sans-serif;\">A programa\u00e7\u00e3o especial come\u00e7ou \u00e0s 19 horas, com o in\u00edcio da Caravana do Papai Noel em uma parceria da Prefeitura com a Associa\u00e7\u00e3o Comercial e Empresarial de Camb\u00e9 (ACIC). A partir das 20 horas, a Big Band de Vitor Gorni e o cantor Ivo Pessoa ficaram respons\u00e1veis por animar o p\u00fablico e comandar um show muito especial com grandes sucessos do passado, presente, trilha de sonora de novelas e m\u00fasicas natalinas ao lado do Centro Cultural.<\/span><\/p>\n<p style=\"text-align: justify;\"><span style=\"font-weight: 400; font-family: arial, helvetica, sans-serif;\">Pouco depois das 21 horas, o grande astro da noite, o Papai Noel, chegou ao Centro Cultural e participou da cerim\u00f4nia oficial de abertura do calend\u00e1rio de festividades de Natal ao lado do prefeito Conrado Scheller, do vice-prefeito Zezinho da Ra\u00e7\u00e3o, e tamb\u00e9m de vereadores, secret\u00e1rios municipais, autoridades, as crian\u00e7as que receberam a chave da cidade e a popula\u00e7\u00e3o. Ap\u00f3s a cerim\u00f4nia, a Casa do Papai Noel foi oficialmente aberta para o p\u00fablico tirar fotos e fazer pedidos com o \u2018Bom Velhinho\u2019.<\/span><\/p>\n<p style=\"text-align: justify;\"><span style=\"font-weight: 400; font-family: arial, helvetica, sans-serif;\">O prefeito Conrado Scheller destacou esse Natal como mais um momento hist\u00f3rico para o munic\u00edpio, que investe cada vez mais na decora\u00e7\u00e3o e em momentos especiais para a popula\u00e7\u00e3o. \u201cIsso tudo \u00e9 um retorno para a popula\u00e7\u00e3o, que trabalha o ano todo e merece chegar em dezembro e ver uma cidade bonita, bem iluminada, com bons shows e a possibilidade de vivenciar tudo isso aqui. \u00c9 por isso que buscamos ter a cidade com mais enfeites, com mais atra\u00e7\u00f5es, com a melhor Casa do Papai Noel e o melhor Papai Noel da regi\u00e3o. Esse \u00e9 o come\u00e7o de mais um Natal inesquec\u00edvel em Camb\u00e9\u201d, enfatizou.<\/span><\/p>\n<p style=\"text-align: justify;\"><span style=\"font-weight: 400; font-family: arial, helvetica, sans-serif;\"><img decoding=\"async\" class=\"alignleft size-large wp-image-13128\" src=\"https:\/\/www.cambe.pr.gov.br\/wp-content\/uploads\/2023\/12\/DSC_0644-1024x678.jpg\" alt=\"\" width=\"610\" height=\"404\" srcset=\"https:\/\/www.cambe.pr.gov.br\/wp-content\/uploads\/2023\/12\/DSC_0644-1024x678.jpg 1024w, https:\/\/www.cambe.pr.gov.br\/wp-content\/uploads\/2023\/12\/DSC_0644-300x199.jpg 300w, https:\/\/www.cambe.pr.gov.br\/wp-content\/uploads\/2023\/12\/DSC_0644-768x509.jpg 768w, https:\/\/www.cambe.pr.gov.br\/wp-content\/uploads\/2023\/12\/DSC_0644-1536x1017.jpg 1536w, https:\/\/www.cambe.pr.gov.br\/wp-content\/uploads\/2023\/12\/DSC_0644-2048x1357.jpg 2048w\" sizes=\"(max-width: 610px) 100vw, 610px\" \/><\/span><\/p>\n<p style=\"text-align: justify;\"><span style=\"font-weight: 400; font-family: arial, helvetica, sans-serif;\">Isis Caroline estava acompanhada do filho Luis Ot\u00e1vio, de seis anos, e eles foram os primeiros a visitar o Papai Noel na Casa dele. A m\u00e3e explicou que o filho estava bastante ansioso, mas teve uma noite muito especial. \u201cEle estava contando as horas para vir, e ainda foi convidado para ser uma das crian\u00e7as que recebeu a chave da cidade e foi o primeiro a ter contato com o Papai Noel. Ficou muito feliz\u201d, disse. J\u00e1 o Luis Ot\u00e1vio nos confidenciou que al\u00e9m de dar um abra\u00e7o apertado no Papai Noel, aproveitou para pedir um carrinho de presente.<\/span><\/p>\n<p style=\"text-align: justify;\"><span style=\"font-weight: 400; font-family: arial, helvetica, sans-serif;\">A fam\u00edlia Ant\u00f4nio, do pai Fernando e da m\u00e3e Camila, faz quest\u00e3o de participar todos os anos e s\u00e3o muito ativos com o Natal em Camb\u00e9, ainda mais depois da chegada dos filhos Isabella, de cinco anos, e Fellipe, de tr\u00eas anos. No entanto, Camila declarou que, particularmente, esse Natal est\u00e1 ainda mais especial. \u201cEst\u00e1 tudo muito lindo, perfeito. Todos os anos a gente vem, mas esse ano est\u00e1 fora de s\u00e9rie. A ilumina\u00e7\u00e3o, o Papai Noel, o show. Est\u00e1 tudo incr\u00edvel\u201d.<\/span><\/p>\n<p>&nbsp;<\/p>\n<p>&nbsp;<\/p>\n<p>&nbsp;<\/p>\n<p style=\"text-align: justify;\"><strong><span style=\"font-family: arial, helvetica, sans-serif;\">Programa\u00e7\u00e3o completa de Natal:<\/span><\/strong><\/p>\n<p style=\"text-align: justify;\">\n<p style=\"text-align: justify;\"><strong><span style=\"font-family: arial, helvetica, sans-serif;\">At\u00e9 23\/12 \u2013 Atendimento do Papai Noel na Casa do Papai Noel<\/span><\/strong><br \/>\n<span style=\"font-family: arial, helvetica, sans-serif;\">Dias da semana: das 19h \u00e0s 22h<\/span><br \/>\n<span style=\"font-family: arial, helvetica, sans-serif;\">Finais de semana: das 18h \u00e0s 21h<\/span><\/p>\n<p>&nbsp;<\/p>\n<p style=\"text-align: justify;\"><strong><span style=\"font-family: arial, helvetica, sans-serif;\">12 e 19\/12 \u2013 Coral Palestrina<\/span><\/strong><br \/>\n<span style=\"font-family: arial, helvetica, sans-serif;\">\u00c0s 20h, no Cal\u00e7ad\u00e3o<\/span><\/p>\n<p>&nbsp;<\/p>\n<p style=\"text-align: justify;\"><strong><span style=\"font-family: arial, helvetica, sans-serif;\">13\/12 \u2013 Coral CCI<\/span><\/strong><br \/>\n<span style=\"font-family: arial, helvetica, sans-serif;\">\u00c0s 20h30, em frente \u00e0 Prefeitura<\/span><\/p>\n<p>&nbsp;<\/p>\n<p style=\"text-align: justify;\"><strong><span style=\"font-family: arial, helvetica, sans-serif;\">15\/12 \u2013 Opera Brass<\/span><\/strong><br \/>\n<span style=\"font-family: arial, helvetica, sans-serif;\">\u00c0s 20h, do Banco do Brasil at\u00e9 o Centro Cultural<\/span><\/p>\n<p>&nbsp;<\/p>\n<p style=\"text-align: justify;\"><strong><span style=\"font-family: arial, helvetica, sans-serif;\">20\/12 \u2013 Septeto<\/span><\/strong><br \/>\n<span style=\"font-family: arial, helvetica, sans-serif;\">\u00c0s 20h, na Pra\u00e7a Get\u00falio Vargas, na Avenida Inglaterra<\/span><\/p>\n<p>&nbsp;<\/p>\n<p style=\"text-align: justify;\"><strong><span style=\"font-family: arial, helvetica, sans-serif;\">Hor\u00e1rio especial do com\u00e9rcio<\/span><\/strong><br \/>\n<span style=\"font-family: arial, helvetica, sans-serif;\">Dias de semana: das 09h \u00e0s 22h;<\/span><br \/>\n<span style=\"font-family: arial, helvetica, sans-serif;\">S\u00e1bados: das 09h \u00e0s 18h &#8211; com possibilidade de se estender at\u00e9 \u00e0s 21h, segundo o Sindicato de Com\u00e9rcio Varejista (Sincoval);<\/span><br \/>\n<span style=\"font-family: arial, helvetica, sans-serif;\">Dia 24: das 09h \u00e0s 13h.<\/span><\/p>\n","protected":false},"excerpt":{"rendered":"<p>Em uma noite muito especial, o Papai Noel chegou em Camb\u00e9 e deu o pontap\u00e9 inicial \u00e0 programa\u00e7\u00e3o especial de Natal. Com show de luzes, m\u00fasica e muita alegria, a popula\u00e7\u00e3o cambeense fez a festa em todo o percurso da carreata do Papai Noel, al\u00e9m do Cal\u00e7ad\u00e3o com com\u00e9rcio aberto \u00e0 noite, e o Centro [&hellip;]<\/p>\n","protected":false},"author":16,"featured_media":0,"comment_status":"closed","ping_status":"open","sticky":false,"template":"","format":"standard","meta":{"ngg_post_thumbnail":0,"footnotes":""},"categories":[1],"tags":[],"class_list":["post-13123","post","type-post","status-publish","format-standard","hentry","category-principal"],"yoast_head":"<!-- This site is optimized with the Yoast SEO plugin v27.4 - https:\/\/yoast.com\/product\/yoast-seo-wordpress\/ -->\n<title>Papai Noel desembarca em Camb\u00e9 e inicia a programa\u00e7\u00e3o especial de Natal - Prefeitura de Camb\u00e9<\/title>\n<meta name=\"robots\" content=\"index, follow, max-snippet:-1, max-image-preview:large, max-video-preview:-1\" \/>\n<link rel=\"canonical\" href=\"https:\/\/www.cambe.pr.gov.br\/index.php\/papai-noel-desembarca-em-cambe-e-inicia-a-programacao-especial-de-natal\/\" \/>\n<meta property=\"og:locale\" content=\"pt_BR\" \/>\n<meta property=\"og:type\" content=\"article\" \/>\n<meta property=\"og:title\" content=\"Papai Noel desembarca em Camb\u00e9 e inicia a programa\u00e7\u00e3o especial de Natal - Prefeitura de Camb\u00e9\" \/>\n<meta property=\"og:description\" content=\"Em uma noite muito especial, o Papai Noel chegou em Camb\u00e9 e deu o pontap\u00e9 inicial \u00e0 programa\u00e7\u00e3o especial de Natal. Com show de luzes, m\u00fasica e muita alegria, a popula\u00e7\u00e3o cambeense fez a festa em todo o percurso da carreata do Papai Noel, al\u00e9m do Cal\u00e7ad\u00e3o com com\u00e9rcio aberto \u00e0 noite, e o Centro [&hellip;]\" \/>\n<meta property=\"og:url\" content=\"https:\/\/www.cambe.pr.gov.br\/index.php\/papai-noel-desembarca-em-cambe-e-inicia-a-programacao-especial-de-natal\/\" \/>\n<meta property=\"og:site_name\" content=\"Prefeitura de Camb\u00e9\" \/>\n<meta property=\"article:publisher\" content=\"https:\/\/m.facebook.com\/prefeituradecambe\" \/>\n<meta property=\"article:published_time\" content=\"2023-12-09T17:56:13+00:00\" \/>\n<meta property=\"article:modified_time\" content=\"2024-10-07T16:01:33+00:00\" \/>\n<meta property=\"og:image\" content=\"https:\/\/www.cambe.pr.gov.br\/wp-content\/uploads\/2023\/12\/DSC_0366-1024x678.jpg\" \/>\n<meta name=\"author\" content=\"Vinicius Augusto Batista Eira\" \/>\n<meta name=\"twitter:card\" content=\"summary_large_image\" \/>\n<meta name=\"twitter:label1\" content=\"Escrito por\" \/>\n\t<meta name=\"twitter:data1\" content=\"Vinicius Augusto Batista Eira\" \/>\n\t<meta name=\"twitter:label2\" content=\"Est. tempo de leitura\" \/>\n\t<meta name=\"twitter:data2\" content=\"3 minutos\" \/>\n<script type=\"application\/ld+json\" class=\"yoast-schema-graph\">{\"@context\":\"https:\\\/\\\/schema.org\",\"@graph\":[{\"@type\":\"Article\",\"@id\":\"https:\\\/\\\/www.cambe.pr.gov.br\\\/index.php\\\/papai-noel-desembarca-em-cambe-e-inicia-a-programacao-especial-de-natal\\\/#article\",\"isPartOf\":{\"@id\":\"https:\\\/\\\/www.cambe.pr.gov.br\\\/index.php\\\/papai-noel-desembarca-em-cambe-e-inicia-a-programacao-especial-de-natal\\\/\"},\"author\":{\"name\":\"Vinicius Augusto Batista Eira\",\"@id\":\"https:\\\/\\\/www.cambe.pr.gov.br\\\/#\\\/schema\\\/person\\\/8e3ee69cb2cadf4b9f8377407227effd\"},\"headline\":\"Papai Noel desembarca em Camb\u00e9 e inicia a programa\u00e7\u00e3o especial de Natal\",\"datePublished\":\"2023-12-09T17:56:13+00:00\",\"dateModified\":\"2024-10-07T16:01:33+00:00\",\"mainEntityOfPage\":{\"@id\":\"https:\\\/\\\/www.cambe.pr.gov.br\\\/index.php\\\/papai-noel-desembarca-em-cambe-e-inicia-a-programacao-especial-de-natal\\\/\"},\"wordCount\":679,\"publisher\":{\"@id\":\"https:\\\/\\\/www.cambe.pr.gov.br\\\/#organization\"},\"image\":{\"@id\":\"https:\\\/\\\/www.cambe.pr.gov.br\\\/index.php\\\/papai-noel-desembarca-em-cambe-e-inicia-a-programacao-especial-de-natal\\\/#primaryimage\"},\"thumbnailUrl\":\"https:\\\/\\\/www.cambe.pr.gov.br\\\/wp-content\\\/uploads\\\/2023\\\/12\\\/DSC_0366-1024x678.jpg\",\"articleSection\":[\"Principal\"],\"inLanguage\":\"pt-BR\"},{\"@type\":\"WebPage\",\"@id\":\"https:\\\/\\\/www.cambe.pr.gov.br\\\/index.php\\\/papai-noel-desembarca-em-cambe-e-inicia-a-programacao-especial-de-natal\\\/\",\"url\":\"https:\\\/\\\/www.cambe.pr.gov.br\\\/index.php\\\/papai-noel-desembarca-em-cambe-e-inicia-a-programacao-especial-de-natal\\\/\",\"name\":\"Papai Noel desembarca em Camb\u00e9 e inicia a programa\u00e7\u00e3o especial de Natal - Prefeitura de Camb\u00e9\",\"isPartOf\":{\"@id\":\"https:\\\/\\\/www.cambe.pr.gov.br\\\/#website\"},\"primaryImageOfPage\":{\"@id\":\"https:\\\/\\\/www.cambe.pr.gov.br\\\/index.php\\\/papai-noel-desembarca-em-cambe-e-inicia-a-programacao-especial-de-natal\\\/#primaryimage\"},\"image\":{\"@id\":\"https:\\\/\\\/www.cambe.pr.gov.br\\\/index.php\\\/papai-noel-desembarca-em-cambe-e-inicia-a-programacao-especial-de-natal\\\/#primaryimage\"},\"thumbnailUrl\":\"https:\\\/\\\/www.cambe.pr.gov.br\\\/wp-content\\\/uploads\\\/2023\\\/12\\\/DSC_0366-1024x678.jpg\",\"datePublished\":\"2023-12-09T17:56:13+00:00\",\"dateModified\":\"2024-10-07T16:01:33+00:00\",\"breadcrumb\":{\"@id\":\"https:\\\/\\\/www.cambe.pr.gov.br\\\/index.php\\\/papai-noel-desembarca-em-cambe-e-inicia-a-programacao-especial-de-natal\\\/#breadcrumb\"},\"inLanguage\":\"pt-BR\",\"potentialAction\":[{\"@type\":\"ReadAction\",\"target\":[\"https:\\\/\\\/www.cambe.pr.gov.br\\\/index.php\\\/papai-noel-desembarca-em-cambe-e-inicia-a-programacao-especial-de-natal\\\/\"]}]},{\"@type\":\"ImageObject\",\"inLanguage\":\"pt-BR\",\"@id\":\"https:\\\/\\\/www.cambe.pr.gov.br\\\/index.php\\\/papai-noel-desembarca-em-cambe-e-inicia-a-programacao-especial-de-natal\\\/#primaryimage\",\"url\":\"https:\\\/\\\/www.cambe.pr.gov.br\\\/wp-content\\\/uploads\\\/2023\\\/12\\\/DSC_0366-scaled.jpg\",\"contentUrl\":\"https:\\\/\\\/www.cambe.pr.gov.br\\\/wp-content\\\/uploads\\\/2023\\\/12\\\/DSC_0366-scaled.jpg\",\"width\":2560,\"height\":1696},{\"@type\":\"BreadcrumbList\",\"@id\":\"https:\\\/\\\/www.cambe.pr.gov.br\\\/index.php\\\/papai-noel-desembarca-em-cambe-e-inicia-a-programacao-especial-de-natal\\\/#breadcrumb\",\"itemListElement\":[{\"@type\":\"ListItem\",\"position\":1,\"name\":\"In\u00edcio\",\"item\":\"https:\\\/\\\/www.cambe.pr.gov.br\\\/\"},{\"@type\":\"ListItem\",\"position\":2,\"name\":\"Papai Noel desembarca em Camb\u00e9 e inicia a programa\u00e7\u00e3o especial de Natal\"}]},{\"@type\":\"WebSite\",\"@id\":\"https:\\\/\\\/www.cambe.pr.gov.br\\\/#website\",\"url\":\"https:\\\/\\\/www.cambe.pr.gov.br\\\/\",\"name\":\"Prefeitura de Camb\u00e9\",\"description\":\"UM GOVERNO PARA TODOS\",\"publisher\":{\"@id\":\"https:\\\/\\\/www.cambe.pr.gov.br\\\/#organization\"},\"potentialAction\":[{\"@type\":\"SearchAction\",\"target\":{\"@type\":\"EntryPoint\",\"urlTemplate\":\"https:\\\/\\\/www.cambe.pr.gov.br\\\/?s={search_term_string}\"},\"query-input\":{\"@type\":\"PropertyValueSpecification\",\"valueRequired\":true,\"valueName\":\"search_term_string\"}}],\"inLanguage\":\"pt-BR\"},{\"@type\":\"Organization\",\"@id\":\"https:\\\/\\\/www.cambe.pr.gov.br\\\/#organization\",\"name\":\"Prefeitura de Camb\u00e9\",\"url\":\"https:\\\/\\\/www.cambe.pr.gov.br\\\/\",\"logo\":{\"@type\":\"ImageObject\",\"inLanguage\":\"pt-BR\",\"@id\":\"https:\\\/\\\/www.cambe.pr.gov.br\\\/#\\\/schema\\\/logo\\\/image\\\/\",\"url\":\"https:\\\/\\\/www.cambe.pr.gov.br\\\/wp-content\\\/uploads\\\/2021\\\/01\\\/cropped-cropped-cambe_brazao-icone.png\",\"contentUrl\":\"https:\\\/\\\/www.cambe.pr.gov.br\\\/wp-content\\\/uploads\\\/2021\\\/01\\\/cropped-cropped-cambe_brazao-icone.png\",\"width\":240,\"height\":240,\"caption\":\"Prefeitura de Camb\u00e9\"},\"image\":{\"@id\":\"https:\\\/\\\/www.cambe.pr.gov.br\\\/#\\\/schema\\\/logo\\\/image\\\/\"},\"sameAs\":[\"https:\\\/\\\/m.facebook.com\\\/prefeituradecambe\"]},{\"@type\":\"Person\",\"@id\":\"https:\\\/\\\/www.cambe.pr.gov.br\\\/#\\\/schema\\\/person\\\/8e3ee69cb2cadf4b9f8377407227effd\",\"name\":\"Vinicius Augusto Batista Eira\",\"image\":{\"@type\":\"ImageObject\",\"inLanguage\":\"pt-BR\",\"@id\":\"https:\\\/\\\/secure.gravatar.com\\\/avatar\\\/1ec500de7013b30e1d4d7c8c3978f0e4433c37e5d5e4cd186239369c6440122b?s=96&d=mm&r=g\",\"url\":\"https:\\\/\\\/secure.gravatar.com\\\/avatar\\\/1ec500de7013b30e1d4d7c8c3978f0e4433c37e5d5e4cd186239369c6440122b?s=96&d=mm&r=g\",\"contentUrl\":\"https:\\\/\\\/secure.gravatar.com\\\/avatar\\\/1ec500de7013b30e1d4d7c8c3978f0e4433c37e5d5e4cd186239369c6440122b?s=96&d=mm&r=g\",\"caption\":\"Vinicius Augusto Batista Eira\"},\"url\":\"https:\\\/\\\/www.cambe.pr.gov.br\\\/index.php\\\/author\\\/vabeira\\\/\"}]}<\/script>\n<!-- \/ Yoast SEO plugin. -->","yoast_head_json":{"title":"Papai Noel desembarca em Camb\u00e9 e inicia a programa\u00e7\u00e3o especial de Natal - Prefeitura de Camb\u00e9","robots":{"index":"index","follow":"follow","max-snippet":"max-snippet:-1","max-image-preview":"max-image-preview:large","max-video-preview":"max-video-preview:-1"},"canonical":"https:\/\/www.cambe.pr.gov.br\/index.php\/papai-noel-desembarca-em-cambe-e-inicia-a-programacao-especial-de-natal\/","og_locale":"pt_BR","og_type":"article","og_title":"Papai Noel desembarca em Camb\u00e9 e inicia a programa\u00e7\u00e3o especial de Natal - Prefeitura de Camb\u00e9","og_description":"Em uma noite muito especial, o Papai Noel chegou em Camb\u00e9 e deu o pontap\u00e9 inicial \u00e0 programa\u00e7\u00e3o especial de Natal. Com show de luzes, m\u00fasica e muita alegria, a popula\u00e7\u00e3o cambeense fez a festa em todo o percurso da carreata do Papai Noel, al\u00e9m do Cal\u00e7ad\u00e3o com com\u00e9rcio aberto \u00e0 noite, e o Centro [&hellip;]","og_url":"https:\/\/www.cambe.pr.gov.br\/index.php\/papai-noel-desembarca-em-cambe-e-inicia-a-programacao-especial-de-natal\/","og_site_name":"Prefeitura de Camb\u00e9","article_publisher":"https:\/\/m.facebook.com\/prefeituradecambe","article_published_time":"2023-12-09T17:56:13+00:00","article_modified_time":"2024-10-07T16:01:33+00:00","og_image":[{"url":"https:\/\/www.cambe.pr.gov.br\/wp-content\/uploads\/2023\/12\/DSC_0366-1024x678.jpg","type":"","width":"","height":""}],"author":"Vinicius Augusto Batista Eira","twitter_card":"summary_large_image","twitter_misc":{"Escrito por":"Vinicius Augusto Batista Eira","Est. tempo de leitura":"3 minutos"},"schema":{"@context":"https:\/\/schema.org","@graph":[{"@type":"Article","@id":"https:\/\/www.cambe.pr.gov.br\/index.php\/papai-noel-desembarca-em-cambe-e-inicia-a-programacao-especial-de-natal\/#article","isPartOf":{"@id":"https:\/\/www.cambe.pr.gov.br\/index.php\/papai-noel-desembarca-em-cambe-e-inicia-a-programacao-especial-de-natal\/"},"author":{"name":"Vinicius Augusto Batista Eira","@id":"https:\/\/www.cambe.pr.gov.br\/#\/schema\/person\/8e3ee69cb2cadf4b9f8377407227effd"},"headline":"Papai Noel desembarca em Camb\u00e9 e inicia a programa\u00e7\u00e3o especial de Natal","datePublished":"2023-12-09T17:56:13+00:00","dateModified":"2024-10-07T16:01:33+00:00","mainEntityOfPage":{"@id":"https:\/\/www.cambe.pr.gov.br\/index.php\/papai-noel-desembarca-em-cambe-e-inicia-a-programacao-especial-de-natal\/"},"wordCount":679,"publisher":{"@id":"https:\/\/www.cambe.pr.gov.br\/#organization"},"image":{"@id":"https:\/\/www.cambe.pr.gov.br\/index.php\/papai-noel-desembarca-em-cambe-e-inicia-a-programacao-especial-de-natal\/#primaryimage"},"thumbnailUrl":"https:\/\/www.cambe.pr.gov.br\/wp-content\/uploads\/2023\/12\/DSC_0366-1024x678.jpg","articleSection":["Principal"],"inLanguage":"pt-BR"},{"@type":"WebPage","@id":"https:\/\/www.cambe.pr.gov.br\/index.php\/papai-noel-desembarca-em-cambe-e-inicia-a-programacao-especial-de-natal\/","url":"https:\/\/www.cambe.pr.gov.br\/index.php\/papai-noel-desembarca-em-cambe-e-inicia-a-programacao-especial-de-natal\/","name":"Papai Noel desembarca em Camb\u00e9 e inicia a programa\u00e7\u00e3o especial de Natal - Prefeitura de Camb\u00e9","isPartOf":{"@id":"https:\/\/www.cambe.pr.gov.br\/#website"},"primaryImageOfPage":{"@id":"https:\/\/www.cambe.pr.gov.br\/index.php\/papai-noel-desembarca-em-cambe-e-inicia-a-programacao-especial-de-natal\/#primaryimage"},"image":{"@id":"https:\/\/www.cambe.pr.gov.br\/index.php\/papai-noel-desembarca-em-cambe-e-inicia-a-programacao-especial-de-natal\/#primaryimage"},"thumbnailUrl":"https:\/\/www.cambe.pr.gov.br\/wp-content\/uploads\/2023\/12\/DSC_0366-1024x678.jpg","datePublished":"2023-12-09T17:56:13+00:00","dateModified":"2024-10-07T16:01:33+00:00","breadcrumb":{"@id":"https:\/\/www.cambe.pr.gov.br\/index.php\/papai-noel-desembarca-em-cambe-e-inicia-a-programacao-especial-de-natal\/#breadcrumb"},"inLanguage":"pt-BR","potentialAction":[{"@type":"ReadAction","target":["https:\/\/www.cambe.pr.gov.br\/index.php\/papai-noel-desembarca-em-cambe-e-inicia-a-programacao-especial-de-natal\/"]}]},{"@type":"ImageObject","inLanguage":"pt-BR","@id":"https:\/\/www.cambe.pr.gov.br\/index.php\/papai-noel-desembarca-em-cambe-e-inicia-a-programacao-especial-de-natal\/#primaryimage","url":"https:\/\/www.cambe.pr.gov.br\/wp-content\/uploads\/2023\/12\/DSC_0366-scaled.jpg","contentUrl":"https:\/\/www.cambe.pr.gov.br\/wp-content\/uploads\/2023\/12\/DSC_0366-scaled.jpg","width":2560,"height":1696},{"@type":"BreadcrumbList","@id":"https:\/\/www.cambe.pr.gov.br\/index.php\/papai-noel-desembarca-em-cambe-e-inicia-a-programacao-especial-de-natal\/#breadcrumb","itemListElement":[{"@type":"ListItem","position":1,"name":"In\u00edcio","item":"https:\/\/www.cambe.pr.gov.br\/"},{"@type":"ListItem","position":2,"name":"Papai Noel desembarca em Camb\u00e9 e inicia a programa\u00e7\u00e3o especial de Natal"}]},{"@type":"WebSite","@id":"https:\/\/www.cambe.pr.gov.br\/#website","url":"https:\/\/www.cambe.pr.gov.br\/","name":"Prefeitura de Camb\u00e9","description":"UM GOVERNO PARA TODOS","publisher":{"@id":"https:\/\/www.cambe.pr.gov.br\/#organization"},"potentialAction":[{"@type":"SearchAction","target":{"@type":"EntryPoint","urlTemplate":"https:\/\/www.cambe.pr.gov.br\/?s={search_term_string}"},"query-input":{"@type":"PropertyValueSpecification","valueRequired":true,"valueName":"search_term_string"}}],"inLanguage":"pt-BR"},{"@type":"Organization","@id":"https:\/\/www.cambe.pr.gov.br\/#organization","name":"Prefeitura de Camb\u00e9","url":"https:\/\/www.cambe.pr.gov.br\/","logo":{"@type":"ImageObject","inLanguage":"pt-BR","@id":"https:\/\/www.cambe.pr.gov.br\/#\/schema\/logo\/image\/","url":"https:\/\/www.cambe.pr.gov.br\/wp-content\/uploads\/2021\/01\/cropped-cropped-cambe_brazao-icone.png","contentUrl":"https:\/\/www.cambe.pr.gov.br\/wp-content\/uploads\/2021\/01\/cropped-cropped-cambe_brazao-icone.png","width":240,"height":240,"caption":"Prefeitura de Camb\u00e9"},"image":{"@id":"https:\/\/www.cambe.pr.gov.br\/#\/schema\/logo\/image\/"},"sameAs":["https:\/\/m.facebook.com\/prefeituradecambe"]},{"@type":"Person","@id":"https:\/\/www.cambe.pr.gov.br\/#\/schema\/person\/8e3ee69cb2cadf4b9f8377407227effd","name":"Vinicius Augusto Batista Eira","image":{"@type":"ImageObject","inLanguage":"pt-BR","@id":"https:\/\/secure.gravatar.com\/avatar\/1ec500de7013b30e1d4d7c8c3978f0e4433c37e5d5e4cd186239369c6440122b?s=96&d=mm&r=g","url":"https:\/\/secure.gravatar.com\/avatar\/1ec500de7013b30e1d4d7c8c3978f0e4433c37e5d5e4cd186239369c6440122b?s=96&d=mm&r=g","contentUrl":"https:\/\/secure.gravatar.com\/avatar\/1ec500de7013b30e1d4d7c8c3978f0e4433c37e5d5e4cd186239369c6440122b?s=96&d=mm&r=g","caption":"Vinicius Augusto Batista Eira"},"url":"https:\/\/www.cambe.pr.gov.br\/index.php\/author\/vabeira\/"}]}},"_links":{"self":[{"href":"https:\/\/www.cambe.pr.gov.br\/index.php\/wp-json\/wp\/v2\/posts\/13123","targetHints":{"allow":["GET"]}}],"collection":[{"href":"https:\/\/www.cambe.pr.gov.br\/index.php\/wp-json\/wp\/v2\/posts"}],"about":[{"href":"https:\/\/www.cambe.pr.gov.br\/index.php\/wp-json\/wp\/v2\/types\/post"}],"author":[{"embeddable":true,"href":"https:\/\/www.cambe.pr.gov.br\/index.php\/wp-json\/wp\/v2\/users\/16"}],"replies":[{"embeddable":true,"href":"https:\/\/www.cambe.pr.gov.br\/index.php\/wp-json\/wp\/v2\/comments?post=13123"}],"version-history":[{"count":9,"href":"https:\/\/www.cambe.pr.gov.br\/index.php\/wp-json\/wp\/v2\/posts\/13123\/revisions"}],"predecessor-version":[{"id":13134,"href":"https:\/\/www.cambe.pr.gov.br\/index.php\/wp-json\/wp\/v2\/posts\/13123\/revisions\/13134"}],"wp:attachment":[{"href":"https:\/\/www.cambe.pr.gov.br\/index.php\/wp-json\/wp\/v2\/media?parent=13123"}],"wp:term":[{"taxonomy":"category","embeddable":true,"href":"https:\/\/www.cambe.pr.gov.br\/index.php\/wp-json\/wp\/v2\/categories?post=13123"},{"taxonomy":"post_tag","embeddable":true,"href":"https:\/\/www.cambe.pr.gov.br\/index.php\/wp-json\/wp\/v2\/tags?post=13123"}],"curies":[{"name":"wp","href":"https:\/\/api.w.org\/{rel}","templated":true}]}}