{"id":13114,"date":"2023-12-08T17:03:48","date_gmt":"2023-12-08T20:03:48","guid":{"rendered":"https:\/\/www.cambe.pr.gov.br\/?p=13114"},"modified":"2024-10-07T13:01:33","modified_gmt":"2024-10-07T16:01:33","slug":"escolas-municipais-recebem-merenda-especial-que-faz-parte-da-programacao-de-fim-de-ano","status":"publish","type":"post","link":"https:\/\/www.cambe.pr.gov.br\/index.php\/escolas-municipais-recebem-merenda-especial-que-faz-parte-da-programacao-de-fim-de-ano\/","title":{"rendered":"Escolas municipais recebem merenda especial que faz parte da programa\u00e7\u00e3o de fim de ano"},"content":{"rendered":"<p style=\"text-align: justify;\"><span style=\"font-weight: 400; font-family: arial, helvetica, sans-serif;\"><img fetchpriority=\"high\" decoding=\"async\" class=\"size-large wp-image-13117 alignleft\" src=\"https:\/\/www.cambe.pr.gov.br\/wp-content\/uploads\/2023\/12\/WhatsApp-Image-2023-12-08-at-17.02.45-1024x678.jpeg\" alt=\"\" width=\"610\" height=\"404\" srcset=\"https:\/\/www.cambe.pr.gov.br\/wp-content\/uploads\/2023\/12\/WhatsApp-Image-2023-12-08-at-17.02.45-1024x678.jpeg 1024w, https:\/\/www.cambe.pr.gov.br\/wp-content\/uploads\/2023\/12\/WhatsApp-Image-2023-12-08-at-17.02.45-300x199.jpeg 300w, https:\/\/www.cambe.pr.gov.br\/wp-content\/uploads\/2023\/12\/WhatsApp-Image-2023-12-08-at-17.02.45-768x508.jpeg 768w, https:\/\/www.cambe.pr.gov.br\/wp-content\/uploads\/2023\/12\/WhatsApp-Image-2023-12-08-at-17.02.45-1536x1017.jpeg 1536w, https:\/\/www.cambe.pr.gov.br\/wp-content\/uploads\/2023\/12\/WhatsApp-Image-2023-12-08-at-17.02.45.jpeg 1600w\" sizes=\"(max-width: 610px) 100vw, 610px\" \/>Nesta sexta-feira (8), al\u00e9m da chegada do Papai Noel que \u00e9 sempre muito aguardada, as crian\u00e7as que estudam nos Centros Municipais de Educa\u00e7\u00e3o Infantil (CMEI) e Escolas Municipais de Camb\u00e9 receberam outra grande surpresa. Como parte da programa\u00e7\u00e3o de fim de ano, todas as 44 institui\u00e7\u00f5es de ensino receberam o Banquetinho, uma merenda especial para celebrar o ano letivo de 2023.<\/span><\/p>\n<p style=\"text-align: justify;\"><span style=\"font-weight: 400; font-family: arial, helvetica, sans-serif;\">Todas as crian\u00e7as receberam hoje uma merenda com arroz, maionese, vagem com br\u00f3colis, escondidinho de batata com carne mo\u00edda, suco de laranja e tamb\u00e9m mousse de chocolate de sobremesa. Al\u00e9m do lanche, os intervalos n\u00e3o tiveram muita distribui\u00e7\u00e3o de turmas, para ter uma integra\u00e7\u00e3o maior e brincadeiras entre os alunos.<\/span><\/p>\n<p style=\"text-align: justify;\"><span style=\"font-weight: 400; font-family: arial, helvetica, sans-serif;\">A secret\u00e1ria de Educa\u00e7\u00e3o e Cultura, Estela Camata, explicou que no fim do ano \u00e9 preparado uma s\u00e9rie de momentos especiais para as crian\u00e7as como apresenta\u00e7\u00f5es culturais, apresenta\u00e7\u00f5es de trabalhos para os pais na escola, e uma dessas programa\u00e7\u00f5es \u00e9 o Banquetinho. \u201cOfertamos todos os anos um card\u00e1pio particular, um lanche especial para encerrar o ano. Tudo \u00e9 preparado de forma diferente, com uma refei\u00e7\u00e3o mais elaborada, o ambiente, tudo pensado para que celebrem o encerramento do ano de uma forma bem legal\u201d, destacou.<\/span><\/p>\n<p style=\"text-align: justify;\"><span style=\"font-weight: 400; font-family: arial, helvetica, sans-serif;\"><img decoding=\"async\" class=\" wp-image-13119 alignleft\" src=\"https:\/\/www.cambe.pr.gov.br\/wp-content\/uploads\/2023\/12\/WhatsApp-Image-2023-12-08-at-17.03.18-1024x678.jpeg\" alt=\"\" width=\"480\" height=\"318\" srcset=\"https:\/\/www.cambe.pr.gov.br\/wp-content\/uploads\/2023\/12\/WhatsApp-Image-2023-12-08-at-17.03.18-1024x678.jpeg 1024w, https:\/\/www.cambe.pr.gov.br\/wp-content\/uploads\/2023\/12\/WhatsApp-Image-2023-12-08-at-17.03.18-300x199.jpeg 300w, https:\/\/www.cambe.pr.gov.br\/wp-content\/uploads\/2023\/12\/WhatsApp-Image-2023-12-08-at-17.03.18-768x509.jpeg 768w, https:\/\/www.cambe.pr.gov.br\/wp-content\/uploads\/2023\/12\/WhatsApp-Image-2023-12-08-at-17.03.18-1536x1018.jpeg 1536w, https:\/\/www.cambe.pr.gov.br\/wp-content\/uploads\/2023\/12\/WhatsApp-Image-2023-12-08-at-17.03.18.jpeg 1600w\" sizes=\"(max-width: 480px) 100vw, 480px\" \/>Algumas escolas ainda preparam suas pr\u00f3prias programa\u00e7\u00f5es e tornam o dia ainda mais especial para as crian\u00e7as. Como o CMEI Dr. Daisaku Ikeda, que al\u00e9m do Banquetinho, tamb\u00e9m organizou o dia do Cabelo Diferente, para que os alunos fossem para escola com penteados personalizados.<\/span><\/p>\n<p style=\"text-align: justify;\"><span style=\"font-weight: 400; font-family: arial, helvetica, sans-serif;\">\u201cA ideia com o Cabelo Diferente \u00e9 fazer com que o dia seja ainda mais gostoso para eles. O foco principal \u00e9 o Banquetinho, mas tamb\u00e9m agregamos outras atividades para as crian\u00e7as. Em todo dezembro, al\u00e9m da alimenta\u00e7\u00e3o escolar, vem um card\u00e1pio diferenciado, com alimentos especiais, sobremesas como sorvete, mousse ou pipoca. As crian\u00e7as ficam sabendo antes e ficam bastante empolgadas e felizes, todos preparados para o Banquetinho\u201d, salientou a diretora do CMEI Daisaku Ikeda, Maria Isabel Pagnan.<\/span><\/p>\n","protected":false},"excerpt":{"rendered":"<p>Nesta sexta-feira (8), al\u00e9m da chegada do Papai Noel que \u00e9 sempre muito aguardada, as crian\u00e7as que estudam nos Centros Municipais de Educa\u00e7\u00e3o Infantil (CMEI) e Escolas Municipais de Camb\u00e9 receberam outra grande surpresa. Como parte da programa\u00e7\u00e3o de fim de ano, todas as 44 institui\u00e7\u00f5es de ensino receberam o Banquetinho, uma merenda especial para [&hellip;]<\/p>\n","protected":false},"author":16,"featured_media":0,"comment_status":"closed","ping_status":"open","sticky":false,"template":"","format":"standard","meta":{"ngg_post_thumbnail":0,"footnotes":""},"categories":[1],"tags":[],"class_list":["post-13114","post","type-post","status-publish","format-standard","hentry","category-principal"],"yoast_head":"<!-- This site is optimized with the Yoast SEO plugin v27.4 - https:\/\/yoast.com\/product\/yoast-seo-wordpress\/ -->\n<title>Escolas municipais recebem merenda especial que faz parte da programa\u00e7\u00e3o de fim de ano - Prefeitura de Camb\u00e9<\/title>\n<meta name=\"robots\" content=\"index, follow, max-snippet:-1, max-image-preview:large, max-video-preview:-1\" \/>\n<link rel=\"canonical\" href=\"https:\/\/www.cambe.pr.gov.br\/index.php\/escolas-municipais-recebem-merenda-especial-que-faz-parte-da-programacao-de-fim-de-ano\/\" \/>\n<meta property=\"og:locale\" content=\"pt_BR\" \/>\n<meta property=\"og:type\" content=\"article\" \/>\n<meta property=\"og:title\" content=\"Escolas municipais recebem merenda especial que faz parte da programa\u00e7\u00e3o de fim de ano - Prefeitura de Camb\u00e9\" \/>\n<meta property=\"og:description\" content=\"Nesta sexta-feira (8), al\u00e9m da chegada do Papai Noel que \u00e9 sempre muito aguardada, as crian\u00e7as que estudam nos Centros Municipais de Educa\u00e7\u00e3o Infantil (CMEI) e Escolas Municipais de Camb\u00e9 receberam outra grande surpresa. Como parte da programa\u00e7\u00e3o de fim de ano, todas as 44 institui\u00e7\u00f5es de ensino receberam o Banquetinho, uma merenda especial para [&hellip;]\" \/>\n<meta property=\"og:url\" content=\"https:\/\/www.cambe.pr.gov.br\/index.php\/escolas-municipais-recebem-merenda-especial-que-faz-parte-da-programacao-de-fim-de-ano\/\" \/>\n<meta property=\"og:site_name\" content=\"Prefeitura de Camb\u00e9\" \/>\n<meta property=\"article:publisher\" content=\"https:\/\/m.facebook.com\/prefeituradecambe\" \/>\n<meta property=\"article:published_time\" content=\"2023-12-08T20:03:48+00:00\" \/>\n<meta property=\"article:modified_time\" content=\"2024-10-07T16:01:33+00:00\" \/>\n<meta property=\"og:image\" content=\"https:\/\/www.cambe.pr.gov.br\/wp-content\/uploads\/2023\/12\/WhatsApp-Image-2023-12-08-at-17.02.45-1024x678.jpeg\" \/>\n<meta name=\"author\" content=\"Vinicius Augusto Batista Eira\" \/>\n<meta name=\"twitter:card\" content=\"summary_large_image\" \/>\n<meta name=\"twitter:label1\" content=\"Escrito por\" \/>\n\t<meta name=\"twitter:data1\" content=\"Vinicius Augusto Batista Eira\" \/>\n\t<meta name=\"twitter:label2\" content=\"Est. tempo de leitura\" \/>\n\t<meta name=\"twitter:data2\" content=\"2 minutos\" \/>\n<script type=\"application\/ld+json\" class=\"yoast-schema-graph\">{\"@context\":\"https:\\\/\\\/schema.org\",\"@graph\":[{\"@type\":\"Article\",\"@id\":\"https:\\\/\\\/www.cambe.pr.gov.br\\\/index.php\\\/escolas-municipais-recebem-merenda-especial-que-faz-parte-da-programacao-de-fim-de-ano\\\/#article\",\"isPartOf\":{\"@id\":\"https:\\\/\\\/www.cambe.pr.gov.br\\\/index.php\\\/escolas-municipais-recebem-merenda-especial-que-faz-parte-da-programacao-de-fim-de-ano\\\/\"},\"author\":{\"name\":\"Vinicius Augusto Batista Eira\",\"@id\":\"https:\\\/\\\/www.cambe.pr.gov.br\\\/#\\\/schema\\\/person\\\/8e3ee69cb2cadf4b9f8377407227effd\"},\"headline\":\"Escolas municipais recebem merenda especial que faz parte da programa\u00e7\u00e3o de fim de ano\",\"datePublished\":\"2023-12-08T20:03:48+00:00\",\"dateModified\":\"2024-10-07T16:01:33+00:00\",\"mainEntityOfPage\":{\"@id\":\"https:\\\/\\\/www.cambe.pr.gov.br\\\/index.php\\\/escolas-municipais-recebem-merenda-especial-que-faz-parte-da-programacao-de-fim-de-ano\\\/\"},\"wordCount\":356,\"publisher\":{\"@id\":\"https:\\\/\\\/www.cambe.pr.gov.br\\\/#organization\"},\"image\":{\"@id\":\"https:\\\/\\\/www.cambe.pr.gov.br\\\/index.php\\\/escolas-municipais-recebem-merenda-especial-que-faz-parte-da-programacao-de-fim-de-ano\\\/#primaryimage\"},\"thumbnailUrl\":\"https:\\\/\\\/www.cambe.pr.gov.br\\\/wp-content\\\/uploads\\\/2023\\\/12\\\/WhatsApp-Image-2023-12-08-at-17.02.45-1024x678.jpeg\",\"articleSection\":[\"Principal\"],\"inLanguage\":\"pt-BR\"},{\"@type\":\"WebPage\",\"@id\":\"https:\\\/\\\/www.cambe.pr.gov.br\\\/index.php\\\/escolas-municipais-recebem-merenda-especial-que-faz-parte-da-programacao-de-fim-de-ano\\\/\",\"url\":\"https:\\\/\\\/www.cambe.pr.gov.br\\\/index.php\\\/escolas-municipais-recebem-merenda-especial-que-faz-parte-da-programacao-de-fim-de-ano\\\/\",\"name\":\"Escolas municipais recebem merenda especial que faz parte da programa\u00e7\u00e3o de fim de ano - Prefeitura de Camb\u00e9\",\"isPartOf\":{\"@id\":\"https:\\\/\\\/www.cambe.pr.gov.br\\\/#website\"},\"primaryImageOfPage\":{\"@id\":\"https:\\\/\\\/www.cambe.pr.gov.br\\\/index.php\\\/escolas-municipais-recebem-merenda-especial-que-faz-parte-da-programacao-de-fim-de-ano\\\/#primaryimage\"},\"image\":{\"@id\":\"https:\\\/\\\/www.cambe.pr.gov.br\\\/index.php\\\/escolas-municipais-recebem-merenda-especial-que-faz-parte-da-programacao-de-fim-de-ano\\\/#primaryimage\"},\"thumbnailUrl\":\"https:\\\/\\\/www.cambe.pr.gov.br\\\/wp-content\\\/uploads\\\/2023\\\/12\\\/WhatsApp-Image-2023-12-08-at-17.02.45-1024x678.jpeg\",\"datePublished\":\"2023-12-08T20:03:48+00:00\",\"dateModified\":\"2024-10-07T16:01:33+00:00\",\"breadcrumb\":{\"@id\":\"https:\\\/\\\/www.cambe.pr.gov.br\\\/index.php\\\/escolas-municipais-recebem-merenda-especial-que-faz-parte-da-programacao-de-fim-de-ano\\\/#breadcrumb\"},\"inLanguage\":\"pt-BR\",\"potentialAction\":[{\"@type\":\"ReadAction\",\"target\":[\"https:\\\/\\\/www.cambe.pr.gov.br\\\/index.php\\\/escolas-municipais-recebem-merenda-especial-que-faz-parte-da-programacao-de-fim-de-ano\\\/\"]}]},{\"@type\":\"ImageObject\",\"inLanguage\":\"pt-BR\",\"@id\":\"https:\\\/\\\/www.cambe.pr.gov.br\\\/index.php\\\/escolas-municipais-recebem-merenda-especial-que-faz-parte-da-programacao-de-fim-de-ano\\\/#primaryimage\",\"url\":\"https:\\\/\\\/www.cambe.pr.gov.br\\\/wp-content\\\/uploads\\\/2023\\\/12\\\/WhatsApp-Image-2023-12-08-at-17.02.45.jpeg\",\"contentUrl\":\"https:\\\/\\\/www.cambe.pr.gov.br\\\/wp-content\\\/uploads\\\/2023\\\/12\\\/WhatsApp-Image-2023-12-08-at-17.02.45.jpeg\",\"width\":1600,\"height\":1059},{\"@type\":\"BreadcrumbList\",\"@id\":\"https:\\\/\\\/www.cambe.pr.gov.br\\\/index.php\\\/escolas-municipais-recebem-merenda-especial-que-faz-parte-da-programacao-de-fim-de-ano\\\/#breadcrumb\",\"itemListElement\":[{\"@type\":\"ListItem\",\"position\":1,\"name\":\"In\u00edcio\",\"item\":\"https:\\\/\\\/www.cambe.pr.gov.br\\\/\"},{\"@type\":\"ListItem\",\"position\":2,\"name\":\"Escolas municipais recebem merenda especial que faz parte da programa\u00e7\u00e3o de fim de ano\"}]},{\"@type\":\"WebSite\",\"@id\":\"https:\\\/\\\/www.cambe.pr.gov.br\\\/#website\",\"url\":\"https:\\\/\\\/www.cambe.pr.gov.br\\\/\",\"name\":\"Prefeitura de Camb\u00e9\",\"description\":\"UM GOVERNO PARA TODOS\",\"publisher\":{\"@id\":\"https:\\\/\\\/www.cambe.pr.gov.br\\\/#organization\"},\"potentialAction\":[{\"@type\":\"SearchAction\",\"target\":{\"@type\":\"EntryPoint\",\"urlTemplate\":\"https:\\\/\\\/www.cambe.pr.gov.br\\\/?s={search_term_string}\"},\"query-input\":{\"@type\":\"PropertyValueSpecification\",\"valueRequired\":true,\"valueName\":\"search_term_string\"}}],\"inLanguage\":\"pt-BR\"},{\"@type\":\"Organization\",\"@id\":\"https:\\\/\\\/www.cambe.pr.gov.br\\\/#organization\",\"name\":\"Prefeitura de Camb\u00e9\",\"url\":\"https:\\\/\\\/www.cambe.pr.gov.br\\\/\",\"logo\":{\"@type\":\"ImageObject\",\"inLanguage\":\"pt-BR\",\"@id\":\"https:\\\/\\\/www.cambe.pr.gov.br\\\/#\\\/schema\\\/logo\\\/image\\\/\",\"url\":\"https:\\\/\\\/www.cambe.pr.gov.br\\\/wp-content\\\/uploads\\\/2021\\\/01\\\/cropped-cropped-cambe_brazao-icone.png\",\"contentUrl\":\"https:\\\/\\\/www.cambe.pr.gov.br\\\/wp-content\\\/uploads\\\/2021\\\/01\\\/cropped-cropped-cambe_brazao-icone.png\",\"width\":240,\"height\":240,\"caption\":\"Prefeitura de Camb\u00e9\"},\"image\":{\"@id\":\"https:\\\/\\\/www.cambe.pr.gov.br\\\/#\\\/schema\\\/logo\\\/image\\\/\"},\"sameAs\":[\"https:\\\/\\\/m.facebook.com\\\/prefeituradecambe\"]},{\"@type\":\"Person\",\"@id\":\"https:\\\/\\\/www.cambe.pr.gov.br\\\/#\\\/schema\\\/person\\\/8e3ee69cb2cadf4b9f8377407227effd\",\"name\":\"Vinicius Augusto Batista Eira\",\"image\":{\"@type\":\"ImageObject\",\"inLanguage\":\"pt-BR\",\"@id\":\"https:\\\/\\\/secure.gravatar.com\\\/avatar\\\/1ec500de7013b30e1d4d7c8c3978f0e4433c37e5d5e4cd186239369c6440122b?s=96&d=mm&r=g\",\"url\":\"https:\\\/\\\/secure.gravatar.com\\\/avatar\\\/1ec500de7013b30e1d4d7c8c3978f0e4433c37e5d5e4cd186239369c6440122b?s=96&d=mm&r=g\",\"contentUrl\":\"https:\\\/\\\/secure.gravatar.com\\\/avatar\\\/1ec500de7013b30e1d4d7c8c3978f0e4433c37e5d5e4cd186239369c6440122b?s=96&d=mm&r=g\",\"caption\":\"Vinicius Augusto Batista Eira\"},\"url\":\"https:\\\/\\\/www.cambe.pr.gov.br\\\/index.php\\\/author\\\/vabeira\\\/\"}]}<\/script>\n<!-- \/ Yoast SEO plugin. -->","yoast_head_json":{"title":"Escolas municipais recebem merenda especial que faz parte da programa\u00e7\u00e3o de fim de ano - Prefeitura de Camb\u00e9","robots":{"index":"index","follow":"follow","max-snippet":"max-snippet:-1","max-image-preview":"max-image-preview:large","max-video-preview":"max-video-preview:-1"},"canonical":"https:\/\/www.cambe.pr.gov.br\/index.php\/escolas-municipais-recebem-merenda-especial-que-faz-parte-da-programacao-de-fim-de-ano\/","og_locale":"pt_BR","og_type":"article","og_title":"Escolas municipais recebem merenda especial que faz parte da programa\u00e7\u00e3o de fim de ano - Prefeitura de Camb\u00e9","og_description":"Nesta sexta-feira (8), al\u00e9m da chegada do Papai Noel que \u00e9 sempre muito aguardada, as crian\u00e7as que estudam nos Centros Municipais de Educa\u00e7\u00e3o Infantil (CMEI) e Escolas Municipais de Camb\u00e9 receberam outra grande surpresa. Como parte da programa\u00e7\u00e3o de fim de ano, todas as 44 institui\u00e7\u00f5es de ensino receberam o Banquetinho, uma merenda especial para [&hellip;]","og_url":"https:\/\/www.cambe.pr.gov.br\/index.php\/escolas-municipais-recebem-merenda-especial-que-faz-parte-da-programacao-de-fim-de-ano\/","og_site_name":"Prefeitura de Camb\u00e9","article_publisher":"https:\/\/m.facebook.com\/prefeituradecambe","article_published_time":"2023-12-08T20:03:48+00:00","article_modified_time":"2024-10-07T16:01:33+00:00","og_image":[{"url":"https:\/\/www.cambe.pr.gov.br\/wp-content\/uploads\/2023\/12\/WhatsApp-Image-2023-12-08-at-17.02.45-1024x678.jpeg","type":"","width":"","height":""}],"author":"Vinicius Augusto Batista Eira","twitter_card":"summary_large_image","twitter_misc":{"Escrito por":"Vinicius Augusto Batista Eira","Est. tempo de leitura":"2 minutos"},"schema":{"@context":"https:\/\/schema.org","@graph":[{"@type":"Article","@id":"https:\/\/www.cambe.pr.gov.br\/index.php\/escolas-municipais-recebem-merenda-especial-que-faz-parte-da-programacao-de-fim-de-ano\/#article","isPartOf":{"@id":"https:\/\/www.cambe.pr.gov.br\/index.php\/escolas-municipais-recebem-merenda-especial-que-faz-parte-da-programacao-de-fim-de-ano\/"},"author":{"name":"Vinicius Augusto Batista Eira","@id":"https:\/\/www.cambe.pr.gov.br\/#\/schema\/person\/8e3ee69cb2cadf4b9f8377407227effd"},"headline":"Escolas municipais recebem merenda especial que faz parte da programa\u00e7\u00e3o de fim de ano","datePublished":"2023-12-08T20:03:48+00:00","dateModified":"2024-10-07T16:01:33+00:00","mainEntityOfPage":{"@id":"https:\/\/www.cambe.pr.gov.br\/index.php\/escolas-municipais-recebem-merenda-especial-que-faz-parte-da-programacao-de-fim-de-ano\/"},"wordCount":356,"publisher":{"@id":"https:\/\/www.cambe.pr.gov.br\/#organization"},"image":{"@id":"https:\/\/www.cambe.pr.gov.br\/index.php\/escolas-municipais-recebem-merenda-especial-que-faz-parte-da-programacao-de-fim-de-ano\/#primaryimage"},"thumbnailUrl":"https:\/\/www.cambe.pr.gov.br\/wp-content\/uploads\/2023\/12\/WhatsApp-Image-2023-12-08-at-17.02.45-1024x678.jpeg","articleSection":["Principal"],"inLanguage":"pt-BR"},{"@type":"WebPage","@id":"https:\/\/www.cambe.pr.gov.br\/index.php\/escolas-municipais-recebem-merenda-especial-que-faz-parte-da-programacao-de-fim-de-ano\/","url":"https:\/\/www.cambe.pr.gov.br\/index.php\/escolas-municipais-recebem-merenda-especial-que-faz-parte-da-programacao-de-fim-de-ano\/","name":"Escolas municipais recebem merenda especial que faz parte da programa\u00e7\u00e3o de fim de ano - Prefeitura de Camb\u00e9","isPartOf":{"@id":"https:\/\/www.cambe.pr.gov.br\/#website"},"primaryImageOfPage":{"@id":"https:\/\/www.cambe.pr.gov.br\/index.php\/escolas-municipais-recebem-merenda-especial-que-faz-parte-da-programacao-de-fim-de-ano\/#primaryimage"},"image":{"@id":"https:\/\/www.cambe.pr.gov.br\/index.php\/escolas-municipais-recebem-merenda-especial-que-faz-parte-da-programacao-de-fim-de-ano\/#primaryimage"},"thumbnailUrl":"https:\/\/www.cambe.pr.gov.br\/wp-content\/uploads\/2023\/12\/WhatsApp-Image-2023-12-08-at-17.02.45-1024x678.jpeg","datePublished":"2023-12-08T20:03:48+00:00","dateModified":"2024-10-07T16:01:33+00:00","breadcrumb":{"@id":"https:\/\/www.cambe.pr.gov.br\/index.php\/escolas-municipais-recebem-merenda-especial-que-faz-parte-da-programacao-de-fim-de-ano\/#breadcrumb"},"inLanguage":"pt-BR","potentialAction":[{"@type":"ReadAction","target":["https:\/\/www.cambe.pr.gov.br\/index.php\/escolas-municipais-recebem-merenda-especial-que-faz-parte-da-programacao-de-fim-de-ano\/"]}]},{"@type":"ImageObject","inLanguage":"pt-BR","@id":"https:\/\/www.cambe.pr.gov.br\/index.php\/escolas-municipais-recebem-merenda-especial-que-faz-parte-da-programacao-de-fim-de-ano\/#primaryimage","url":"https:\/\/www.cambe.pr.gov.br\/wp-content\/uploads\/2023\/12\/WhatsApp-Image-2023-12-08-at-17.02.45.jpeg","contentUrl":"https:\/\/www.cambe.pr.gov.br\/wp-content\/uploads\/2023\/12\/WhatsApp-Image-2023-12-08-at-17.02.45.jpeg","width":1600,"height":1059},{"@type":"BreadcrumbList","@id":"https:\/\/www.cambe.pr.gov.br\/index.php\/escolas-municipais-recebem-merenda-especial-que-faz-parte-da-programacao-de-fim-de-ano\/#breadcrumb","itemListElement":[{"@type":"ListItem","position":1,"name":"In\u00edcio","item":"https:\/\/www.cambe.pr.gov.br\/"},{"@type":"ListItem","position":2,"name":"Escolas municipais recebem merenda especial que faz parte da programa\u00e7\u00e3o de fim de ano"}]},{"@type":"WebSite","@id":"https:\/\/www.cambe.pr.gov.br\/#website","url":"https:\/\/www.cambe.pr.gov.br\/","name":"Prefeitura de Camb\u00e9","description":"UM GOVERNO PARA TODOS","publisher":{"@id":"https:\/\/www.cambe.pr.gov.br\/#organization"},"potentialAction":[{"@type":"SearchAction","target":{"@type":"EntryPoint","urlTemplate":"https:\/\/www.cambe.pr.gov.br\/?s={search_term_string}"},"query-input":{"@type":"PropertyValueSpecification","valueRequired":true,"valueName":"search_term_string"}}],"inLanguage":"pt-BR"},{"@type":"Organization","@id":"https:\/\/www.cambe.pr.gov.br\/#organization","name":"Prefeitura de Camb\u00e9","url":"https:\/\/www.cambe.pr.gov.br\/","logo":{"@type":"ImageObject","inLanguage":"pt-BR","@id":"https:\/\/www.cambe.pr.gov.br\/#\/schema\/logo\/image\/","url":"https:\/\/www.cambe.pr.gov.br\/wp-content\/uploads\/2021\/01\/cropped-cropped-cambe_brazao-icone.png","contentUrl":"https:\/\/www.cambe.pr.gov.br\/wp-content\/uploads\/2021\/01\/cropped-cropped-cambe_brazao-icone.png","width":240,"height":240,"caption":"Prefeitura de Camb\u00e9"},"image":{"@id":"https:\/\/www.cambe.pr.gov.br\/#\/schema\/logo\/image\/"},"sameAs":["https:\/\/m.facebook.com\/prefeituradecambe"]},{"@type":"Person","@id":"https:\/\/www.cambe.pr.gov.br\/#\/schema\/person\/8e3ee69cb2cadf4b9f8377407227effd","name":"Vinicius Augusto Batista Eira","image":{"@type":"ImageObject","inLanguage":"pt-BR","@id":"https:\/\/secure.gravatar.com\/avatar\/1ec500de7013b30e1d4d7c8c3978f0e4433c37e5d5e4cd186239369c6440122b?s=96&d=mm&r=g","url":"https:\/\/secure.gravatar.com\/avatar\/1ec500de7013b30e1d4d7c8c3978f0e4433c37e5d5e4cd186239369c6440122b?s=96&d=mm&r=g","contentUrl":"https:\/\/secure.gravatar.com\/avatar\/1ec500de7013b30e1d4d7c8c3978f0e4433c37e5d5e4cd186239369c6440122b?s=96&d=mm&r=g","caption":"Vinicius Augusto Batista Eira"},"url":"https:\/\/www.cambe.pr.gov.br\/index.php\/author\/vabeira\/"}]}},"_links":{"self":[{"href":"https:\/\/www.cambe.pr.gov.br\/index.php\/wp-json\/wp\/v2\/posts\/13114","targetHints":{"allow":["GET"]}}],"collection":[{"href":"https:\/\/www.cambe.pr.gov.br\/index.php\/wp-json\/wp\/v2\/posts"}],"about":[{"href":"https:\/\/www.cambe.pr.gov.br\/index.php\/wp-json\/wp\/v2\/types\/post"}],"author":[{"embeddable":true,"href":"https:\/\/www.cambe.pr.gov.br\/index.php\/wp-json\/wp\/v2\/users\/16"}],"replies":[{"embeddable":true,"href":"https:\/\/www.cambe.pr.gov.br\/index.php\/wp-json\/wp\/v2\/comments?post=13114"}],"version-history":[{"count":4,"href":"https:\/\/www.cambe.pr.gov.br\/index.php\/wp-json\/wp\/v2\/posts\/13114\/revisions"}],"predecessor-version":[{"id":13120,"href":"https:\/\/www.cambe.pr.gov.br\/index.php\/wp-json\/wp\/v2\/posts\/13114\/revisions\/13120"}],"wp:attachment":[{"href":"https:\/\/www.cambe.pr.gov.br\/index.php\/wp-json\/wp\/v2\/media?parent=13114"}],"wp:term":[{"taxonomy":"category","embeddable":true,"href":"https:\/\/www.cambe.pr.gov.br\/index.php\/wp-json\/wp\/v2\/categories?post=13114"},{"taxonomy":"post_tag","embeddable":true,"href":"https:\/\/www.cambe.pr.gov.br\/index.php\/wp-json\/wp\/v2\/tags?post=13114"}],"curies":[{"name":"wp","href":"https:\/\/api.w.org\/{rel}","templated":true}]}}