{"id":13106,"date":"2023-12-07T15:57:18","date_gmt":"2023-12-07T18:57:18","guid":{"rendered":"https:\/\/www.cambe.pr.gov.br\/?p=13106"},"modified":"2024-10-07T13:01:33","modified_gmt":"2024-10-07T16:01:33","slug":"chegada-do-papai-noel-abre-programacao-especial-de-natal-nesta-sexta-feira-8","status":"publish","type":"post","link":"https:\/\/www.cambe.pr.gov.br\/index.php\/chegada-do-papai-noel-abre-programacao-especial-de-natal-nesta-sexta-feira-8\/","title":{"rendered":"Chegada do Papai Noel abre programa\u00e7\u00e3o especial de Natal nesta sexta-feira (8)"},"content":{"rendered":"<div id=\"attachment_13040\" style=\"width: 620px\" class=\"wp-caption alignleft\"><img fetchpriority=\"high\" decoding=\"async\" aria-describedby=\"caption-attachment-13040\" class=\"wp-image-13040 size-large\" src=\"https:\/\/www.cambe.pr.gov.br\/wp-content\/uploads\/2023\/12\/DSC_0036-1024x678.jpg\" alt=\"\" width=\"610\" height=\"404\" srcset=\"https:\/\/www.cambe.pr.gov.br\/wp-content\/uploads\/2023\/12\/DSC_0036-1024x678.jpg 1024w, https:\/\/www.cambe.pr.gov.br\/wp-content\/uploads\/2023\/12\/DSC_0036-300x199.jpg 300w, https:\/\/www.cambe.pr.gov.br\/wp-content\/uploads\/2023\/12\/DSC_0036-768x509.jpg 768w, https:\/\/www.cambe.pr.gov.br\/wp-content\/uploads\/2023\/12\/DSC_0036-1536x1017.jpg 1536w, https:\/\/www.cambe.pr.gov.br\/wp-content\/uploads\/2023\/12\/DSC_0036-2048x1356.jpg 2048w\" sizes=\"(max-width: 610px) 100vw, 610px\" \/><p id=\"caption-attachment-13040\" class=\"wp-caption-text\">A Casa do Papai Noel segue no mesmo local do ano passado, no Centro Cultural<\/p><\/div>\n<p style=\"text-align: justify;\"><span style=\"font-weight: 400; font-family: arial, helvetica, sans-serif;\">A melhor \u00e9poca do ano chegou, e para completar a magia do Natal, nesta sexta-feira (8) o Papai Noel desembarca em Camb\u00e9 dando in\u00edcio a programa\u00e7\u00e3o especial de fim de ano. Al\u00e9m da ilumina\u00e7\u00e3o natalina que est\u00e1 linda, a Prefeitura preparou diversas atra\u00e7\u00f5es culturais ao longo do m\u00eas, com destaque para a caravana do Bom Velhinho. Ent\u00e3o, pegue a agenda, anote a programa\u00e7\u00e3o e venha celebrar o Natal em Camb\u00e9.<\/span><\/p>\n<p style=\"text-align: justify;\"><span style=\"font-weight: 400; font-family: arial, helvetica, sans-serif;\">O Papai Noel desembarca em Camb\u00e9 a partir das 19 horas, com a caravana saindo da saindo da F\u00e1brica da Refriko, na Rua Adelino Bianchini e passando pelas regi\u00f5es do Jardim Montecatini, Ana Eliza, Silvino, Novo Bandeirantes, Santo Amaro, Ana Rosa, Tupi e Centro. A volta se d\u00e1 pela Vila Salom\u00e9, Alvorada e Camb\u00e9 II. \u00c0s 20 horas, tem show com a Big Band de Vitor Gorni e participa\u00e7\u00e3o especial de Ivo Pessoa, no Centro Cultural. \u00c0s 21 horas, o Papai Noel chega na Casa do Papai Noel, que tamb\u00e9m fica no Centro Cultural, localizado na Rua Par\u00e1, n\u00ba 161. A caravana do Papai Noel \u00e9 uma parceria da Prefeitura com a Associa\u00e7\u00e3o Comercial e Industrial de Camb\u00e9 (ACIC).<\/span><\/p>\n<p style=\"text-align: justify;\"><span style=\"font-weight: 400; font-family: arial, helvetica, sans-serif;\">E n\u00e3o para por a\u00ed. O Papai Noel ir\u00e1 receber crian\u00e7as, jovens e adultos todos os dias, at\u00e9 dia 23, na Casa do Papai Noel. O atendimento durante a semana \u00e9 das 19h \u00e0s 22h, e aos fins de semana, das 18h \u00e0s 21h.<\/span><\/p>\n<p style=\"text-align: justify;\"><span style=\"font-weight: 400; font-family: arial, helvetica, sans-serif;\">Voc\u00ea gosta de m\u00fasica natalina? N\u00f3s teremos tamb\u00e9m, de forma gratuita e ao longo de todo m\u00eas. Nas duas pr\u00f3ximas ter\u00e7as-feiras, 12 e 19, o Coral Palestrina se apresenta no Cal\u00e7ad\u00e3o, a partir das 20 horas. No dia 13, quem se apresenta \u00e9 o Coral CCI, mas em frente \u00e0 Prefeitura, \u00e0s 20h30. Dia 15, \u00e9 a vez da \u00d3pera Brass, com uma apresenta\u00e7\u00e3o itinerante, que sai do Banco do Brasil, \u00e0s 20h, com destino ao Centro Cultural. E finalizando as apresenta\u00e7\u00f5es, no dia 20, tem Septeto na Pra\u00e7a Get\u00falio Vargas, a partir das 20h.<\/span><\/p>\n<p style=\"text-align: justify;\"><span style=\"font-weight: 400; font-family: arial, helvetica, sans-serif;\">O com\u00e9rcio tamb\u00e9m come\u00e7a a funcionar em hor\u00e1rio especial de Natal a partir desta sexta-feira. Nos dias de semana, o funcionamento se d\u00e1 das 09h \u00e0s 22h. Aos s\u00e1bados, fica aberto das 09h \u00e0s 18h, com possibilidade de se estender at\u00e9 \u00e0s 21h segundo o Sindicato de Com\u00e9rcio Varejista (Sincoval). J\u00e1 no dia 24, v\u00e9spera de Natal, o com\u00e9rcio abre das 09h \u00e0s 13h.<\/span><\/p>\n<p style=\"text-align: justify;\"><span style=\"font-weight: 400; font-family: arial, helvetica, sans-serif;\">E para garantir mais seguran\u00e7a para voc\u00ea e sua fam\u00edlia durante as apresenta\u00e7\u00f5es, passeios e compras de Natal, a Pol\u00edcia Militar come\u00e7ou a Opera\u00e7\u00e3o Natal que refor\u00e7a o efetivo policial nas ruas do munic\u00edpio at\u00e9 a v\u00e9spera de Natal. Ao todo, ser\u00e3o 25 policiais e parte do efetivo administrativo fazendo rondas no munic\u00edpio at\u00e9 \u00e0s 23h30, aproximadamente, visando dar mais paz e tranquilidade para comerciantes e mun\u00edcipes.<\/span><\/p>\n","protected":false},"excerpt":{"rendered":"<p>A melhor \u00e9poca do ano chegou, e para completar a magia do Natal, nesta sexta-feira (8) o Papai Noel desembarca em Camb\u00e9 dando in\u00edcio a programa\u00e7\u00e3o especial de fim de ano. Al\u00e9m da ilumina\u00e7\u00e3o natalina que est\u00e1 linda, a Prefeitura preparou diversas atra\u00e7\u00f5es culturais ao longo do m\u00eas, com destaque para a caravana do Bom [&hellip;]<\/p>\n","protected":false},"author":16,"featured_media":0,"comment_status":"closed","ping_status":"open","sticky":false,"template":"","format":"standard","meta":{"ngg_post_thumbnail":0,"footnotes":""},"categories":[1],"tags":[],"class_list":["post-13106","post","type-post","status-publish","format-standard","hentry","category-principal"],"yoast_head":"<!-- This site is optimized with the Yoast SEO plugin v27.4 - https:\/\/yoast.com\/product\/yoast-seo-wordpress\/ -->\n<title>Chegada do Papai Noel abre programa\u00e7\u00e3o especial de Natal nesta sexta-feira (8) - Prefeitura de Camb\u00e9<\/title>\n<meta name=\"robots\" content=\"index, follow, max-snippet:-1, max-image-preview:large, max-video-preview:-1\" \/>\n<link rel=\"canonical\" href=\"https:\/\/www.cambe.pr.gov.br\/index.php\/chegada-do-papai-noel-abre-programacao-especial-de-natal-nesta-sexta-feira-8\/\" \/>\n<meta property=\"og:locale\" content=\"pt_BR\" \/>\n<meta property=\"og:type\" content=\"article\" \/>\n<meta property=\"og:title\" content=\"Chegada do Papai Noel abre programa\u00e7\u00e3o especial de Natal nesta sexta-feira (8) - Prefeitura de Camb\u00e9\" \/>\n<meta property=\"og:description\" content=\"A melhor \u00e9poca do ano chegou, e para completar a magia do Natal, nesta sexta-feira (8) o Papai Noel desembarca em Camb\u00e9 dando in\u00edcio a programa\u00e7\u00e3o especial de fim de ano. Al\u00e9m da ilumina\u00e7\u00e3o natalina que est\u00e1 linda, a Prefeitura preparou diversas atra\u00e7\u00f5es culturais ao longo do m\u00eas, com destaque para a caravana do Bom [&hellip;]\" \/>\n<meta property=\"og:url\" content=\"https:\/\/www.cambe.pr.gov.br\/index.php\/chegada-do-papai-noel-abre-programacao-especial-de-natal-nesta-sexta-feira-8\/\" \/>\n<meta property=\"og:site_name\" content=\"Prefeitura de Camb\u00e9\" \/>\n<meta property=\"article:publisher\" content=\"https:\/\/m.facebook.com\/prefeituradecambe\" \/>\n<meta property=\"article:published_time\" content=\"2023-12-07T18:57:18+00:00\" \/>\n<meta property=\"article:modified_time\" content=\"2024-10-07T16:01:33+00:00\" \/>\n<meta property=\"og:image\" content=\"https:\/\/www.cambe.pr.gov.br\/wp-content\/uploads\/2023\/12\/DSC_0036-1024x678.jpg\" \/>\n<meta name=\"author\" content=\"Vinicius Augusto Batista Eira\" \/>\n<meta name=\"twitter:card\" content=\"summary_large_image\" \/>\n<meta name=\"twitter:label1\" content=\"Escrito por\" \/>\n\t<meta name=\"twitter:data1\" content=\"Vinicius Augusto Batista Eira\" \/>\n\t<meta name=\"twitter:label2\" content=\"Est. tempo de leitura\" \/>\n\t<meta name=\"twitter:data2\" content=\"3 minutos\" \/>\n<script type=\"application\/ld+json\" class=\"yoast-schema-graph\">{\"@context\":\"https:\\\/\\\/schema.org\",\"@graph\":[{\"@type\":\"Article\",\"@id\":\"https:\\\/\\\/www.cambe.pr.gov.br\\\/index.php\\\/chegada-do-papai-noel-abre-programacao-especial-de-natal-nesta-sexta-feira-8\\\/#article\",\"isPartOf\":{\"@id\":\"https:\\\/\\\/www.cambe.pr.gov.br\\\/index.php\\\/chegada-do-papai-noel-abre-programacao-especial-de-natal-nesta-sexta-feira-8\\\/\"},\"author\":{\"name\":\"Vinicius Augusto Batista Eira\",\"@id\":\"https:\\\/\\\/www.cambe.pr.gov.br\\\/#\\\/schema\\\/person\\\/8e3ee69cb2cadf4b9f8377407227effd\"},\"headline\":\"Chegada do Papai Noel abre programa\u00e7\u00e3o especial de Natal nesta sexta-feira (8)\",\"datePublished\":\"2023-12-07T18:57:18+00:00\",\"dateModified\":\"2024-10-07T16:01:33+00:00\",\"mainEntityOfPage\":{\"@id\":\"https:\\\/\\\/www.cambe.pr.gov.br\\\/index.php\\\/chegada-do-papai-noel-abre-programacao-especial-de-natal-nesta-sexta-feira-8\\\/\"},\"wordCount\":521,\"publisher\":{\"@id\":\"https:\\\/\\\/www.cambe.pr.gov.br\\\/#organization\"},\"image\":{\"@id\":\"https:\\\/\\\/www.cambe.pr.gov.br\\\/index.php\\\/chegada-do-papai-noel-abre-programacao-especial-de-natal-nesta-sexta-feira-8\\\/#primaryimage\"},\"thumbnailUrl\":\"https:\\\/\\\/www.cambe.pr.gov.br\\\/wp-content\\\/uploads\\\/2023\\\/12\\\/DSC_0036-1024x678.jpg\",\"articleSection\":[\"Principal\"],\"inLanguage\":\"pt-BR\"},{\"@type\":\"WebPage\",\"@id\":\"https:\\\/\\\/www.cambe.pr.gov.br\\\/index.php\\\/chegada-do-papai-noel-abre-programacao-especial-de-natal-nesta-sexta-feira-8\\\/\",\"url\":\"https:\\\/\\\/www.cambe.pr.gov.br\\\/index.php\\\/chegada-do-papai-noel-abre-programacao-especial-de-natal-nesta-sexta-feira-8\\\/\",\"name\":\"Chegada do Papai Noel abre programa\u00e7\u00e3o especial de Natal nesta sexta-feira (8) - Prefeitura de Camb\u00e9\",\"isPartOf\":{\"@id\":\"https:\\\/\\\/www.cambe.pr.gov.br\\\/#website\"},\"primaryImageOfPage\":{\"@id\":\"https:\\\/\\\/www.cambe.pr.gov.br\\\/index.php\\\/chegada-do-papai-noel-abre-programacao-especial-de-natal-nesta-sexta-feira-8\\\/#primaryimage\"},\"image\":{\"@id\":\"https:\\\/\\\/www.cambe.pr.gov.br\\\/index.php\\\/chegada-do-papai-noel-abre-programacao-especial-de-natal-nesta-sexta-feira-8\\\/#primaryimage\"},\"thumbnailUrl\":\"https:\\\/\\\/www.cambe.pr.gov.br\\\/wp-content\\\/uploads\\\/2023\\\/12\\\/DSC_0036-1024x678.jpg\",\"datePublished\":\"2023-12-07T18:57:18+00:00\",\"dateModified\":\"2024-10-07T16:01:33+00:00\",\"breadcrumb\":{\"@id\":\"https:\\\/\\\/www.cambe.pr.gov.br\\\/index.php\\\/chegada-do-papai-noel-abre-programacao-especial-de-natal-nesta-sexta-feira-8\\\/#breadcrumb\"},\"inLanguage\":\"pt-BR\",\"potentialAction\":[{\"@type\":\"ReadAction\",\"target\":[\"https:\\\/\\\/www.cambe.pr.gov.br\\\/index.php\\\/chegada-do-papai-noel-abre-programacao-especial-de-natal-nesta-sexta-feira-8\\\/\"]}]},{\"@type\":\"ImageObject\",\"inLanguage\":\"pt-BR\",\"@id\":\"https:\\\/\\\/www.cambe.pr.gov.br\\\/index.php\\\/chegada-do-papai-noel-abre-programacao-especial-de-natal-nesta-sexta-feira-8\\\/#primaryimage\",\"url\":\"https:\\\/\\\/www.cambe.pr.gov.br\\\/wp-content\\\/uploads\\\/2023\\\/12\\\/DSC_0036-scaled.jpg\",\"contentUrl\":\"https:\\\/\\\/www.cambe.pr.gov.br\\\/wp-content\\\/uploads\\\/2023\\\/12\\\/DSC_0036-scaled.jpg\",\"width\":2560,\"height\":1696},{\"@type\":\"BreadcrumbList\",\"@id\":\"https:\\\/\\\/www.cambe.pr.gov.br\\\/index.php\\\/chegada-do-papai-noel-abre-programacao-especial-de-natal-nesta-sexta-feira-8\\\/#breadcrumb\",\"itemListElement\":[{\"@type\":\"ListItem\",\"position\":1,\"name\":\"In\u00edcio\",\"item\":\"https:\\\/\\\/www.cambe.pr.gov.br\\\/\"},{\"@type\":\"ListItem\",\"position\":2,\"name\":\"Chegada do Papai Noel abre programa\u00e7\u00e3o especial de Natal nesta sexta-feira (8)\"}]},{\"@type\":\"WebSite\",\"@id\":\"https:\\\/\\\/www.cambe.pr.gov.br\\\/#website\",\"url\":\"https:\\\/\\\/www.cambe.pr.gov.br\\\/\",\"name\":\"Prefeitura de Camb\u00e9\",\"description\":\"UM GOVERNO PARA TODOS\",\"publisher\":{\"@id\":\"https:\\\/\\\/www.cambe.pr.gov.br\\\/#organization\"},\"potentialAction\":[{\"@type\":\"SearchAction\",\"target\":{\"@type\":\"EntryPoint\",\"urlTemplate\":\"https:\\\/\\\/www.cambe.pr.gov.br\\\/?s={search_term_string}\"},\"query-input\":{\"@type\":\"PropertyValueSpecification\",\"valueRequired\":true,\"valueName\":\"search_term_string\"}}],\"inLanguage\":\"pt-BR\"},{\"@type\":\"Organization\",\"@id\":\"https:\\\/\\\/www.cambe.pr.gov.br\\\/#organization\",\"name\":\"Prefeitura de Camb\u00e9\",\"url\":\"https:\\\/\\\/www.cambe.pr.gov.br\\\/\",\"logo\":{\"@type\":\"ImageObject\",\"inLanguage\":\"pt-BR\",\"@id\":\"https:\\\/\\\/www.cambe.pr.gov.br\\\/#\\\/schema\\\/logo\\\/image\\\/\",\"url\":\"https:\\\/\\\/www.cambe.pr.gov.br\\\/wp-content\\\/uploads\\\/2021\\\/01\\\/cropped-cropped-cambe_brazao-icone.png\",\"contentUrl\":\"https:\\\/\\\/www.cambe.pr.gov.br\\\/wp-content\\\/uploads\\\/2021\\\/01\\\/cropped-cropped-cambe_brazao-icone.png\",\"width\":240,\"height\":240,\"caption\":\"Prefeitura de Camb\u00e9\"},\"image\":{\"@id\":\"https:\\\/\\\/www.cambe.pr.gov.br\\\/#\\\/schema\\\/logo\\\/image\\\/\"},\"sameAs\":[\"https:\\\/\\\/m.facebook.com\\\/prefeituradecambe\"]},{\"@type\":\"Person\",\"@id\":\"https:\\\/\\\/www.cambe.pr.gov.br\\\/#\\\/schema\\\/person\\\/8e3ee69cb2cadf4b9f8377407227effd\",\"name\":\"Vinicius Augusto Batista Eira\",\"image\":{\"@type\":\"ImageObject\",\"inLanguage\":\"pt-BR\",\"@id\":\"https:\\\/\\\/secure.gravatar.com\\\/avatar\\\/1ec500de7013b30e1d4d7c8c3978f0e4433c37e5d5e4cd186239369c6440122b?s=96&d=mm&r=g\",\"url\":\"https:\\\/\\\/secure.gravatar.com\\\/avatar\\\/1ec500de7013b30e1d4d7c8c3978f0e4433c37e5d5e4cd186239369c6440122b?s=96&d=mm&r=g\",\"contentUrl\":\"https:\\\/\\\/secure.gravatar.com\\\/avatar\\\/1ec500de7013b30e1d4d7c8c3978f0e4433c37e5d5e4cd186239369c6440122b?s=96&d=mm&r=g\",\"caption\":\"Vinicius Augusto Batista Eira\"},\"url\":\"https:\\\/\\\/www.cambe.pr.gov.br\\\/index.php\\\/author\\\/vabeira\\\/\"}]}<\/script>\n<!-- \/ Yoast SEO plugin. -->","yoast_head_json":{"title":"Chegada do Papai Noel abre programa\u00e7\u00e3o especial de Natal nesta sexta-feira (8) - Prefeitura de Camb\u00e9","robots":{"index":"index","follow":"follow","max-snippet":"max-snippet:-1","max-image-preview":"max-image-preview:large","max-video-preview":"max-video-preview:-1"},"canonical":"https:\/\/www.cambe.pr.gov.br\/index.php\/chegada-do-papai-noel-abre-programacao-especial-de-natal-nesta-sexta-feira-8\/","og_locale":"pt_BR","og_type":"article","og_title":"Chegada do Papai Noel abre programa\u00e7\u00e3o especial de Natal nesta sexta-feira (8) - Prefeitura de Camb\u00e9","og_description":"A melhor \u00e9poca do ano chegou, e para completar a magia do Natal, nesta sexta-feira (8) o Papai Noel desembarca em Camb\u00e9 dando in\u00edcio a programa\u00e7\u00e3o especial de fim de ano. Al\u00e9m da ilumina\u00e7\u00e3o natalina que est\u00e1 linda, a Prefeitura preparou diversas atra\u00e7\u00f5es culturais ao longo do m\u00eas, com destaque para a caravana do Bom [&hellip;]","og_url":"https:\/\/www.cambe.pr.gov.br\/index.php\/chegada-do-papai-noel-abre-programacao-especial-de-natal-nesta-sexta-feira-8\/","og_site_name":"Prefeitura de Camb\u00e9","article_publisher":"https:\/\/m.facebook.com\/prefeituradecambe","article_published_time":"2023-12-07T18:57:18+00:00","article_modified_time":"2024-10-07T16:01:33+00:00","og_image":[{"url":"https:\/\/www.cambe.pr.gov.br\/wp-content\/uploads\/2023\/12\/DSC_0036-1024x678.jpg","type":"","width":"","height":""}],"author":"Vinicius Augusto Batista Eira","twitter_card":"summary_large_image","twitter_misc":{"Escrito por":"Vinicius Augusto Batista Eira","Est. tempo de leitura":"3 minutos"},"schema":{"@context":"https:\/\/schema.org","@graph":[{"@type":"Article","@id":"https:\/\/www.cambe.pr.gov.br\/index.php\/chegada-do-papai-noel-abre-programacao-especial-de-natal-nesta-sexta-feira-8\/#article","isPartOf":{"@id":"https:\/\/www.cambe.pr.gov.br\/index.php\/chegada-do-papai-noel-abre-programacao-especial-de-natal-nesta-sexta-feira-8\/"},"author":{"name":"Vinicius Augusto Batista Eira","@id":"https:\/\/www.cambe.pr.gov.br\/#\/schema\/person\/8e3ee69cb2cadf4b9f8377407227effd"},"headline":"Chegada do Papai Noel abre programa\u00e7\u00e3o especial de Natal nesta sexta-feira (8)","datePublished":"2023-12-07T18:57:18+00:00","dateModified":"2024-10-07T16:01:33+00:00","mainEntityOfPage":{"@id":"https:\/\/www.cambe.pr.gov.br\/index.php\/chegada-do-papai-noel-abre-programacao-especial-de-natal-nesta-sexta-feira-8\/"},"wordCount":521,"publisher":{"@id":"https:\/\/www.cambe.pr.gov.br\/#organization"},"image":{"@id":"https:\/\/www.cambe.pr.gov.br\/index.php\/chegada-do-papai-noel-abre-programacao-especial-de-natal-nesta-sexta-feira-8\/#primaryimage"},"thumbnailUrl":"https:\/\/www.cambe.pr.gov.br\/wp-content\/uploads\/2023\/12\/DSC_0036-1024x678.jpg","articleSection":["Principal"],"inLanguage":"pt-BR"},{"@type":"WebPage","@id":"https:\/\/www.cambe.pr.gov.br\/index.php\/chegada-do-papai-noel-abre-programacao-especial-de-natal-nesta-sexta-feira-8\/","url":"https:\/\/www.cambe.pr.gov.br\/index.php\/chegada-do-papai-noel-abre-programacao-especial-de-natal-nesta-sexta-feira-8\/","name":"Chegada do Papai Noel abre programa\u00e7\u00e3o especial de Natal nesta sexta-feira (8) - Prefeitura de Camb\u00e9","isPartOf":{"@id":"https:\/\/www.cambe.pr.gov.br\/#website"},"primaryImageOfPage":{"@id":"https:\/\/www.cambe.pr.gov.br\/index.php\/chegada-do-papai-noel-abre-programacao-especial-de-natal-nesta-sexta-feira-8\/#primaryimage"},"image":{"@id":"https:\/\/www.cambe.pr.gov.br\/index.php\/chegada-do-papai-noel-abre-programacao-especial-de-natal-nesta-sexta-feira-8\/#primaryimage"},"thumbnailUrl":"https:\/\/www.cambe.pr.gov.br\/wp-content\/uploads\/2023\/12\/DSC_0036-1024x678.jpg","datePublished":"2023-12-07T18:57:18+00:00","dateModified":"2024-10-07T16:01:33+00:00","breadcrumb":{"@id":"https:\/\/www.cambe.pr.gov.br\/index.php\/chegada-do-papai-noel-abre-programacao-especial-de-natal-nesta-sexta-feira-8\/#breadcrumb"},"inLanguage":"pt-BR","potentialAction":[{"@type":"ReadAction","target":["https:\/\/www.cambe.pr.gov.br\/index.php\/chegada-do-papai-noel-abre-programacao-especial-de-natal-nesta-sexta-feira-8\/"]}]},{"@type":"ImageObject","inLanguage":"pt-BR","@id":"https:\/\/www.cambe.pr.gov.br\/index.php\/chegada-do-papai-noel-abre-programacao-especial-de-natal-nesta-sexta-feira-8\/#primaryimage","url":"https:\/\/www.cambe.pr.gov.br\/wp-content\/uploads\/2023\/12\/DSC_0036-scaled.jpg","contentUrl":"https:\/\/www.cambe.pr.gov.br\/wp-content\/uploads\/2023\/12\/DSC_0036-scaled.jpg","width":2560,"height":1696},{"@type":"BreadcrumbList","@id":"https:\/\/www.cambe.pr.gov.br\/index.php\/chegada-do-papai-noel-abre-programacao-especial-de-natal-nesta-sexta-feira-8\/#breadcrumb","itemListElement":[{"@type":"ListItem","position":1,"name":"In\u00edcio","item":"https:\/\/www.cambe.pr.gov.br\/"},{"@type":"ListItem","position":2,"name":"Chegada do Papai Noel abre programa\u00e7\u00e3o especial de Natal nesta sexta-feira (8)"}]},{"@type":"WebSite","@id":"https:\/\/www.cambe.pr.gov.br\/#website","url":"https:\/\/www.cambe.pr.gov.br\/","name":"Prefeitura de Camb\u00e9","description":"UM GOVERNO PARA TODOS","publisher":{"@id":"https:\/\/www.cambe.pr.gov.br\/#organization"},"potentialAction":[{"@type":"SearchAction","target":{"@type":"EntryPoint","urlTemplate":"https:\/\/www.cambe.pr.gov.br\/?s={search_term_string}"},"query-input":{"@type":"PropertyValueSpecification","valueRequired":true,"valueName":"search_term_string"}}],"inLanguage":"pt-BR"},{"@type":"Organization","@id":"https:\/\/www.cambe.pr.gov.br\/#organization","name":"Prefeitura de Camb\u00e9","url":"https:\/\/www.cambe.pr.gov.br\/","logo":{"@type":"ImageObject","inLanguage":"pt-BR","@id":"https:\/\/www.cambe.pr.gov.br\/#\/schema\/logo\/image\/","url":"https:\/\/www.cambe.pr.gov.br\/wp-content\/uploads\/2021\/01\/cropped-cropped-cambe_brazao-icone.png","contentUrl":"https:\/\/www.cambe.pr.gov.br\/wp-content\/uploads\/2021\/01\/cropped-cropped-cambe_brazao-icone.png","width":240,"height":240,"caption":"Prefeitura de Camb\u00e9"},"image":{"@id":"https:\/\/www.cambe.pr.gov.br\/#\/schema\/logo\/image\/"},"sameAs":["https:\/\/m.facebook.com\/prefeituradecambe"]},{"@type":"Person","@id":"https:\/\/www.cambe.pr.gov.br\/#\/schema\/person\/8e3ee69cb2cadf4b9f8377407227effd","name":"Vinicius Augusto Batista Eira","image":{"@type":"ImageObject","inLanguage":"pt-BR","@id":"https:\/\/secure.gravatar.com\/avatar\/1ec500de7013b30e1d4d7c8c3978f0e4433c37e5d5e4cd186239369c6440122b?s=96&d=mm&r=g","url":"https:\/\/secure.gravatar.com\/avatar\/1ec500de7013b30e1d4d7c8c3978f0e4433c37e5d5e4cd186239369c6440122b?s=96&d=mm&r=g","contentUrl":"https:\/\/secure.gravatar.com\/avatar\/1ec500de7013b30e1d4d7c8c3978f0e4433c37e5d5e4cd186239369c6440122b?s=96&d=mm&r=g","caption":"Vinicius Augusto Batista Eira"},"url":"https:\/\/www.cambe.pr.gov.br\/index.php\/author\/vabeira\/"}]}},"_links":{"self":[{"href":"https:\/\/www.cambe.pr.gov.br\/index.php\/wp-json\/wp\/v2\/posts\/13106","targetHints":{"allow":["GET"]}}],"collection":[{"href":"https:\/\/www.cambe.pr.gov.br\/index.php\/wp-json\/wp\/v2\/posts"}],"about":[{"href":"https:\/\/www.cambe.pr.gov.br\/index.php\/wp-json\/wp\/v2\/types\/post"}],"author":[{"embeddable":true,"href":"https:\/\/www.cambe.pr.gov.br\/index.php\/wp-json\/wp\/v2\/users\/16"}],"replies":[{"embeddable":true,"href":"https:\/\/www.cambe.pr.gov.br\/index.php\/wp-json\/wp\/v2\/comments?post=13106"}],"version-history":[{"count":2,"href":"https:\/\/www.cambe.pr.gov.br\/index.php\/wp-json\/wp\/v2\/posts\/13106\/revisions"}],"predecessor-version":[{"id":13108,"href":"https:\/\/www.cambe.pr.gov.br\/index.php\/wp-json\/wp\/v2\/posts\/13106\/revisions\/13108"}],"wp:attachment":[{"href":"https:\/\/www.cambe.pr.gov.br\/index.php\/wp-json\/wp\/v2\/media?parent=13106"}],"wp:term":[{"taxonomy":"category","embeddable":true,"href":"https:\/\/www.cambe.pr.gov.br\/index.php\/wp-json\/wp\/v2\/categories?post=13106"},{"taxonomy":"post_tag","embeddable":true,"href":"https:\/\/www.cambe.pr.gov.br\/index.php\/wp-json\/wp\/v2\/tags?post=13106"}],"curies":[{"name":"wp","href":"https:\/\/api.w.org\/{rel}","templated":true}]}}