{"id":12664,"date":"2023-10-27T16:09:24","date_gmt":"2023-10-27T19:09:24","guid":{"rendered":"https:\/\/www.cambe.pr.gov.br\/?p=12664"},"modified":"2024-10-07T13:01:31","modified_gmt":"2024-10-07T16:01:31","slug":"ubs-do-jardim-taroba-e-morumbi-estarao-fechadas-na-tarde-desta-sexta-feira-devido-a-falta-dagua","status":"publish","type":"post","link":"https:\/\/www.cambe.pr.gov.br\/index.php\/ubs-do-jardim-taroba-e-morumbi-estarao-fechadas-na-tarde-desta-sexta-feira-devido-a-falta-dagua\/","title":{"rendered":"UBS do Jardim Tarob\u00e1 e Morumbi estar\u00e3o fechadas na tarde desta sexta-feira devido \u00e0 falta d&#8217;\u00e1gua"},"content":{"rendered":"<p style=\"text-align: justify;\"><span style=\"font-family: arial, helvetica, sans-serif;\"><img fetchpriority=\"high\" decoding=\"async\" class=\"size-full wp-image-12180 alignleft\" src=\"https:\/\/www.cambe.pr.gov.br\/wp-content\/uploads\/2023\/09\/agua-torneira-960x600.jpg-e1695902079752.jpeg\" alt=\"\" width=\"600\" height=\"375\">As Unidades B\u00e1sicas de Sa\u00fade (UBS) do jardim Tarob\u00e1 e jardim Morumbi estar\u00e3o fechadas na tarde desta sexta-feira (27) devido \u00e0 indisponibilidade de \u00e1gua. A Sanepar informou que, em fun\u00e7\u00e3o de uma manuten\u00e7\u00e3o emergencial na adutora na Avenida Tiradentes, pr\u00f3ximo \u00e0 Avenida Maring\u00e1, bairros das regi\u00f5es Oeste de Londrina e Leste e Norte de Camb\u00e9 est\u00e3o com o abastecimento de \u00e1gua paralisado. A previs\u00e3o \u00e9 de que o servi\u00e7o seja normalizado at\u00e9 o fim do dia.<\/span><\/p>\n<p style=\"text-align: justify;\"><span style=\"font-family: arial, helvetica, sans-serif;\">A aus\u00eancia de \u00e1gua nas UBS do Jardim Tarob\u00e1 e Morumbi compromete o atendimento \u00e0 popula\u00e7\u00e3o que depende desses servi\u00e7os de sa\u00fade. Desta forma, a Secretaria Municipal de Sa\u00fade orienta as pessoas que tinham consultas e outros procedimentos agendados para a tarde desta sexta, que entrem em contato com a UBS na pr\u00f3xima semana para reagendamento.<\/span><\/p>\n","protected":false},"excerpt":{"rendered":"<p>As Unidades B\u00e1sicas de Sa\u00fade (UBS) do jardim Tarob\u00e1 e jardim Morumbi estar\u00e3o fechadas na tarde desta sexta-feira (27) devido \u00e0 indisponibilidade de \u00e1gua. A Sanepar informou que, em fun\u00e7\u00e3o de uma manuten\u00e7\u00e3o emergencial na adutora na Avenida Tiradentes, pr\u00f3ximo \u00e0 Avenida Maring\u00e1, bairros das regi\u00f5es Oeste de Londrina e Leste e Norte de Camb\u00e9 [&hellip;]<\/p>\n","protected":false},"author":2,"featured_media":0,"comment_status":"closed","ping_status":"open","sticky":false,"template":"","format":"standard","meta":{"ngg_post_thumbnail":0,"footnotes":""},"categories":[1],"tags":[],"class_list":["post-12664","post","type-post","status-publish","format-standard","hentry","category-principal"],"yoast_head":"<!-- This site is optimized with the Yoast SEO plugin v27.4 - https:\/\/yoast.com\/product\/yoast-seo-wordpress\/ -->\n<title>UBS do Jardim Tarob\u00e1 e Morumbi estar\u00e3o fechadas na tarde desta sexta-feira devido \u00e0 falta d&#039;\u00e1gua - Prefeitura de Camb\u00e9<\/title>\n<meta name=\"robots\" content=\"index, follow, max-snippet:-1, max-image-preview:large, max-video-preview:-1\" \/>\n<link rel=\"canonical\" href=\"https:\/\/www.cambe.pr.gov.br\/index.php\/ubs-do-jardim-taroba-e-morumbi-estarao-fechadas-na-tarde-desta-sexta-feira-devido-a-falta-dagua\/\" \/>\n<meta property=\"og:locale\" content=\"pt_BR\" \/>\n<meta property=\"og:type\" content=\"article\" \/>\n<meta property=\"og:title\" content=\"UBS do Jardim Tarob\u00e1 e Morumbi estar\u00e3o fechadas na tarde desta sexta-feira devido \u00e0 falta d&#039;\u00e1gua - Prefeitura de Camb\u00e9\" \/>\n<meta property=\"og:description\" content=\"As Unidades B\u00e1sicas de Sa\u00fade (UBS) do jardim Tarob\u00e1 e jardim Morumbi estar\u00e3o fechadas na tarde desta sexta-feira (27) devido \u00e0 indisponibilidade de \u00e1gua. A Sanepar informou que, em fun\u00e7\u00e3o de uma manuten\u00e7\u00e3o emergencial na adutora na Avenida Tiradentes, pr\u00f3ximo \u00e0 Avenida Maring\u00e1, bairros das regi\u00f5es Oeste de Londrina e Leste e Norte de Camb\u00e9 [&hellip;]\" \/>\n<meta property=\"og:url\" content=\"https:\/\/www.cambe.pr.gov.br\/index.php\/ubs-do-jardim-taroba-e-morumbi-estarao-fechadas-na-tarde-desta-sexta-feira-devido-a-falta-dagua\/\" \/>\n<meta property=\"og:site_name\" content=\"Prefeitura de Camb\u00e9\" \/>\n<meta property=\"article:publisher\" content=\"https:\/\/m.facebook.com\/prefeituradecambe\" \/>\n<meta property=\"article:published_time\" content=\"2023-10-27T19:09:24+00:00\" \/>\n<meta property=\"article:modified_time\" content=\"2024-10-07T16:01:31+00:00\" \/>\n<meta property=\"og:image\" content=\"https:\/\/www.cambe.pr.gov.br\/wp-content\/uploads\/2023\/09\/agua-torneira-960x600.jpg-e1695902079752.jpeg\" \/>\n<meta name=\"author\" content=\"Thiago Mossini Balbino dos Santos\" \/>\n<meta name=\"twitter:card\" content=\"summary_large_image\" \/>\n<meta name=\"twitter:label1\" content=\"Escrito por\" \/>\n\t<meta name=\"twitter:data1\" content=\"Thiago Mossini Balbino dos Santos\" \/>\n\t<meta name=\"twitter:label2\" content=\"Est. tempo de leitura\" \/>\n\t<meta name=\"twitter:data2\" content=\"1 minuto\" \/>\n<script type=\"application\/ld+json\" class=\"yoast-schema-graph\">{\"@context\":\"https:\\\/\\\/schema.org\",\"@graph\":[{\"@type\":\"Article\",\"@id\":\"https:\\\/\\\/www.cambe.pr.gov.br\\\/index.php\\\/ubs-do-jardim-taroba-e-morumbi-estarao-fechadas-na-tarde-desta-sexta-feira-devido-a-falta-dagua\\\/#article\",\"isPartOf\":{\"@id\":\"https:\\\/\\\/www.cambe.pr.gov.br\\\/index.php\\\/ubs-do-jardim-taroba-e-morumbi-estarao-fechadas-na-tarde-desta-sexta-feira-devido-a-falta-dagua\\\/\"},\"author\":{\"name\":\"Thiago Mossini Balbino dos Santos\",\"@id\":\"https:\\\/\\\/www.cambe.pr.gov.br\\\/#\\\/schema\\\/person\\\/e08f7c43a641b2ec036e4e867ec483e4\"},\"headline\":\"UBS do Jardim Tarob\u00e1 e Morumbi estar\u00e3o fechadas na tarde desta sexta-feira devido \u00e0 falta d&#8217;\u00e1gua\",\"datePublished\":\"2023-10-27T19:09:24+00:00\",\"dateModified\":\"2024-10-07T16:01:31+00:00\",\"mainEntityOfPage\":{\"@id\":\"https:\\\/\\\/www.cambe.pr.gov.br\\\/index.php\\\/ubs-do-jardim-taroba-e-morumbi-estarao-fechadas-na-tarde-desta-sexta-feira-devido-a-falta-dagua\\\/\"},\"wordCount\":160,\"publisher\":{\"@id\":\"https:\\\/\\\/www.cambe.pr.gov.br\\\/#organization\"},\"image\":{\"@id\":\"https:\\\/\\\/www.cambe.pr.gov.br\\\/index.php\\\/ubs-do-jardim-taroba-e-morumbi-estarao-fechadas-na-tarde-desta-sexta-feira-devido-a-falta-dagua\\\/#primaryimage\"},\"thumbnailUrl\":\"https:\\\/\\\/www.cambe.pr.gov.br\\\/wp-content\\\/uploads\\\/2023\\\/09\\\/agua-torneira-960x600.jpg-e1695902079752.jpeg\",\"articleSection\":[\"Principal\"],\"inLanguage\":\"pt-BR\"},{\"@type\":\"WebPage\",\"@id\":\"https:\\\/\\\/www.cambe.pr.gov.br\\\/index.php\\\/ubs-do-jardim-taroba-e-morumbi-estarao-fechadas-na-tarde-desta-sexta-feira-devido-a-falta-dagua\\\/\",\"url\":\"https:\\\/\\\/www.cambe.pr.gov.br\\\/index.php\\\/ubs-do-jardim-taroba-e-morumbi-estarao-fechadas-na-tarde-desta-sexta-feira-devido-a-falta-dagua\\\/\",\"name\":\"UBS do Jardim Tarob\u00e1 e Morumbi estar\u00e3o fechadas na tarde desta sexta-feira devido \u00e0 falta d'\u00e1gua - Prefeitura de Camb\u00e9\",\"isPartOf\":{\"@id\":\"https:\\\/\\\/www.cambe.pr.gov.br\\\/#website\"},\"primaryImageOfPage\":{\"@id\":\"https:\\\/\\\/www.cambe.pr.gov.br\\\/index.php\\\/ubs-do-jardim-taroba-e-morumbi-estarao-fechadas-na-tarde-desta-sexta-feira-devido-a-falta-dagua\\\/#primaryimage\"},\"image\":{\"@id\":\"https:\\\/\\\/www.cambe.pr.gov.br\\\/index.php\\\/ubs-do-jardim-taroba-e-morumbi-estarao-fechadas-na-tarde-desta-sexta-feira-devido-a-falta-dagua\\\/#primaryimage\"},\"thumbnailUrl\":\"https:\\\/\\\/www.cambe.pr.gov.br\\\/wp-content\\\/uploads\\\/2023\\\/09\\\/agua-torneira-960x600.jpg-e1695902079752.jpeg\",\"datePublished\":\"2023-10-27T19:09:24+00:00\",\"dateModified\":\"2024-10-07T16:01:31+00:00\",\"breadcrumb\":{\"@id\":\"https:\\\/\\\/www.cambe.pr.gov.br\\\/index.php\\\/ubs-do-jardim-taroba-e-morumbi-estarao-fechadas-na-tarde-desta-sexta-feira-devido-a-falta-dagua\\\/#breadcrumb\"},\"inLanguage\":\"pt-BR\",\"potentialAction\":[{\"@type\":\"ReadAction\",\"target\":[\"https:\\\/\\\/www.cambe.pr.gov.br\\\/index.php\\\/ubs-do-jardim-taroba-e-morumbi-estarao-fechadas-na-tarde-desta-sexta-feira-devido-a-falta-dagua\\\/\"]}]},{\"@type\":\"ImageObject\",\"inLanguage\":\"pt-BR\",\"@id\":\"https:\\\/\\\/www.cambe.pr.gov.br\\\/index.php\\\/ubs-do-jardim-taroba-e-morumbi-estarao-fechadas-na-tarde-desta-sexta-feira-devido-a-falta-dagua\\\/#primaryimage\",\"url\":\"https:\\\/\\\/www.cambe.pr.gov.br\\\/wp-content\\\/uploads\\\/2023\\\/09\\\/agua-torneira-960x600.jpg-e1695902079752.jpeg\",\"contentUrl\":\"https:\\\/\\\/www.cambe.pr.gov.br\\\/wp-content\\\/uploads\\\/2023\\\/09\\\/agua-torneira-960x600.jpg-e1695902079752.jpeg\",\"width\":600,\"height\":375},{\"@type\":\"BreadcrumbList\",\"@id\":\"https:\\\/\\\/www.cambe.pr.gov.br\\\/index.php\\\/ubs-do-jardim-taroba-e-morumbi-estarao-fechadas-na-tarde-desta-sexta-feira-devido-a-falta-dagua\\\/#breadcrumb\",\"itemListElement\":[{\"@type\":\"ListItem\",\"position\":1,\"name\":\"In\u00edcio\",\"item\":\"https:\\\/\\\/www.cambe.pr.gov.br\\\/\"},{\"@type\":\"ListItem\",\"position\":2,\"name\":\"UBS do Jardim Tarob\u00e1 e Morumbi estar\u00e3o fechadas na tarde desta sexta-feira devido \u00e0 falta d&#8217;\u00e1gua\"}]},{\"@type\":\"WebSite\",\"@id\":\"https:\\\/\\\/www.cambe.pr.gov.br\\\/#website\",\"url\":\"https:\\\/\\\/www.cambe.pr.gov.br\\\/\",\"name\":\"Prefeitura de Camb\u00e9\",\"description\":\"UM GOVERNO PARA TODOS\",\"publisher\":{\"@id\":\"https:\\\/\\\/www.cambe.pr.gov.br\\\/#organization\"},\"potentialAction\":[{\"@type\":\"SearchAction\",\"target\":{\"@type\":\"EntryPoint\",\"urlTemplate\":\"https:\\\/\\\/www.cambe.pr.gov.br\\\/?s={search_term_string}\"},\"query-input\":{\"@type\":\"PropertyValueSpecification\",\"valueRequired\":true,\"valueName\":\"search_term_string\"}}],\"inLanguage\":\"pt-BR\"},{\"@type\":\"Organization\",\"@id\":\"https:\\\/\\\/www.cambe.pr.gov.br\\\/#organization\",\"name\":\"Prefeitura de Camb\u00e9\",\"url\":\"https:\\\/\\\/www.cambe.pr.gov.br\\\/\",\"logo\":{\"@type\":\"ImageObject\",\"inLanguage\":\"pt-BR\",\"@id\":\"https:\\\/\\\/www.cambe.pr.gov.br\\\/#\\\/schema\\\/logo\\\/image\\\/\",\"url\":\"https:\\\/\\\/www.cambe.pr.gov.br\\\/wp-content\\\/uploads\\\/2021\\\/01\\\/cropped-cropped-cambe_brazao-icone.png\",\"contentUrl\":\"https:\\\/\\\/www.cambe.pr.gov.br\\\/wp-content\\\/uploads\\\/2021\\\/01\\\/cropped-cropped-cambe_brazao-icone.png\",\"width\":240,\"height\":240,\"caption\":\"Prefeitura de Camb\u00e9\"},\"image\":{\"@id\":\"https:\\\/\\\/www.cambe.pr.gov.br\\\/#\\\/schema\\\/logo\\\/image\\\/\"},\"sameAs\":[\"https:\\\/\\\/m.facebook.com\\\/prefeituradecambe\"]},{\"@type\":\"Person\",\"@id\":\"https:\\\/\\\/www.cambe.pr.gov.br\\\/#\\\/schema\\\/person\\\/e08f7c43a641b2ec036e4e867ec483e4\",\"name\":\"Thiago Mossini Balbino dos Santos\",\"image\":{\"@type\":\"ImageObject\",\"inLanguage\":\"pt-BR\",\"@id\":\"https:\\\/\\\/secure.gravatar.com\\\/avatar\\\/d957ed4e1bc3ebf5769d1003f9709cd2012ebf424eb4a5d76a933fee30e874b6?s=96&d=mm&r=g\",\"url\":\"https:\\\/\\\/secure.gravatar.com\\\/avatar\\\/d957ed4e1bc3ebf5769d1003f9709cd2012ebf424eb4a5d76a933fee30e874b6?s=96&d=mm&r=g\",\"contentUrl\":\"https:\\\/\\\/secure.gravatar.com\\\/avatar\\\/d957ed4e1bc3ebf5769d1003f9709cd2012ebf424eb4a5d76a933fee30e874b6?s=96&d=mm&r=g\",\"caption\":\"Thiago Mossini Balbino dos Santos\"},\"url\":\"https:\\\/\\\/www.cambe.pr.gov.br\\\/index.php\\\/author\\\/tmbsantos\\\/\"}]}<\/script>\n<!-- \/ Yoast SEO plugin. -->","yoast_head_json":{"title":"UBS do Jardim Tarob\u00e1 e Morumbi estar\u00e3o fechadas na tarde desta sexta-feira devido \u00e0 falta d'\u00e1gua - Prefeitura de Camb\u00e9","robots":{"index":"index","follow":"follow","max-snippet":"max-snippet:-1","max-image-preview":"max-image-preview:large","max-video-preview":"max-video-preview:-1"},"canonical":"https:\/\/www.cambe.pr.gov.br\/index.php\/ubs-do-jardim-taroba-e-morumbi-estarao-fechadas-na-tarde-desta-sexta-feira-devido-a-falta-dagua\/","og_locale":"pt_BR","og_type":"article","og_title":"UBS do Jardim Tarob\u00e1 e Morumbi estar\u00e3o fechadas na tarde desta sexta-feira devido \u00e0 falta d'\u00e1gua - Prefeitura de Camb\u00e9","og_description":"As Unidades B\u00e1sicas de Sa\u00fade (UBS) do jardim Tarob\u00e1 e jardim Morumbi estar\u00e3o fechadas na tarde desta sexta-feira (27) devido \u00e0 indisponibilidade de \u00e1gua. A Sanepar informou que, em fun\u00e7\u00e3o de uma manuten\u00e7\u00e3o emergencial na adutora na Avenida Tiradentes, pr\u00f3ximo \u00e0 Avenida Maring\u00e1, bairros das regi\u00f5es Oeste de Londrina e Leste e Norte de Camb\u00e9 [&hellip;]","og_url":"https:\/\/www.cambe.pr.gov.br\/index.php\/ubs-do-jardim-taroba-e-morumbi-estarao-fechadas-na-tarde-desta-sexta-feira-devido-a-falta-dagua\/","og_site_name":"Prefeitura de Camb\u00e9","article_publisher":"https:\/\/m.facebook.com\/prefeituradecambe","article_published_time":"2023-10-27T19:09:24+00:00","article_modified_time":"2024-10-07T16:01:31+00:00","og_image":[{"url":"https:\/\/www.cambe.pr.gov.br\/wp-content\/uploads\/2023\/09\/agua-torneira-960x600.jpg-e1695902079752.jpeg","type":"","width":"","height":""}],"author":"Thiago Mossini Balbino dos Santos","twitter_card":"summary_large_image","twitter_misc":{"Escrito por":"Thiago Mossini Balbino dos Santos","Est. tempo de leitura":"1 minuto"},"schema":{"@context":"https:\/\/schema.org","@graph":[{"@type":"Article","@id":"https:\/\/www.cambe.pr.gov.br\/index.php\/ubs-do-jardim-taroba-e-morumbi-estarao-fechadas-na-tarde-desta-sexta-feira-devido-a-falta-dagua\/#article","isPartOf":{"@id":"https:\/\/www.cambe.pr.gov.br\/index.php\/ubs-do-jardim-taroba-e-morumbi-estarao-fechadas-na-tarde-desta-sexta-feira-devido-a-falta-dagua\/"},"author":{"name":"Thiago Mossini Balbino dos Santos","@id":"https:\/\/www.cambe.pr.gov.br\/#\/schema\/person\/e08f7c43a641b2ec036e4e867ec483e4"},"headline":"UBS do Jardim Tarob\u00e1 e Morumbi estar\u00e3o fechadas na tarde desta sexta-feira devido \u00e0 falta d&#8217;\u00e1gua","datePublished":"2023-10-27T19:09:24+00:00","dateModified":"2024-10-07T16:01:31+00:00","mainEntityOfPage":{"@id":"https:\/\/www.cambe.pr.gov.br\/index.php\/ubs-do-jardim-taroba-e-morumbi-estarao-fechadas-na-tarde-desta-sexta-feira-devido-a-falta-dagua\/"},"wordCount":160,"publisher":{"@id":"https:\/\/www.cambe.pr.gov.br\/#organization"},"image":{"@id":"https:\/\/www.cambe.pr.gov.br\/index.php\/ubs-do-jardim-taroba-e-morumbi-estarao-fechadas-na-tarde-desta-sexta-feira-devido-a-falta-dagua\/#primaryimage"},"thumbnailUrl":"https:\/\/www.cambe.pr.gov.br\/wp-content\/uploads\/2023\/09\/agua-torneira-960x600.jpg-e1695902079752.jpeg","articleSection":["Principal"],"inLanguage":"pt-BR"},{"@type":"WebPage","@id":"https:\/\/www.cambe.pr.gov.br\/index.php\/ubs-do-jardim-taroba-e-morumbi-estarao-fechadas-na-tarde-desta-sexta-feira-devido-a-falta-dagua\/","url":"https:\/\/www.cambe.pr.gov.br\/index.php\/ubs-do-jardim-taroba-e-morumbi-estarao-fechadas-na-tarde-desta-sexta-feira-devido-a-falta-dagua\/","name":"UBS do Jardim Tarob\u00e1 e Morumbi estar\u00e3o fechadas na tarde desta sexta-feira devido \u00e0 falta d'\u00e1gua - Prefeitura de Camb\u00e9","isPartOf":{"@id":"https:\/\/www.cambe.pr.gov.br\/#website"},"primaryImageOfPage":{"@id":"https:\/\/www.cambe.pr.gov.br\/index.php\/ubs-do-jardim-taroba-e-morumbi-estarao-fechadas-na-tarde-desta-sexta-feira-devido-a-falta-dagua\/#primaryimage"},"image":{"@id":"https:\/\/www.cambe.pr.gov.br\/index.php\/ubs-do-jardim-taroba-e-morumbi-estarao-fechadas-na-tarde-desta-sexta-feira-devido-a-falta-dagua\/#primaryimage"},"thumbnailUrl":"https:\/\/www.cambe.pr.gov.br\/wp-content\/uploads\/2023\/09\/agua-torneira-960x600.jpg-e1695902079752.jpeg","datePublished":"2023-10-27T19:09:24+00:00","dateModified":"2024-10-07T16:01:31+00:00","breadcrumb":{"@id":"https:\/\/www.cambe.pr.gov.br\/index.php\/ubs-do-jardim-taroba-e-morumbi-estarao-fechadas-na-tarde-desta-sexta-feira-devido-a-falta-dagua\/#breadcrumb"},"inLanguage":"pt-BR","potentialAction":[{"@type":"ReadAction","target":["https:\/\/www.cambe.pr.gov.br\/index.php\/ubs-do-jardim-taroba-e-morumbi-estarao-fechadas-na-tarde-desta-sexta-feira-devido-a-falta-dagua\/"]}]},{"@type":"ImageObject","inLanguage":"pt-BR","@id":"https:\/\/www.cambe.pr.gov.br\/index.php\/ubs-do-jardim-taroba-e-morumbi-estarao-fechadas-na-tarde-desta-sexta-feira-devido-a-falta-dagua\/#primaryimage","url":"https:\/\/www.cambe.pr.gov.br\/wp-content\/uploads\/2023\/09\/agua-torneira-960x600.jpg-e1695902079752.jpeg","contentUrl":"https:\/\/www.cambe.pr.gov.br\/wp-content\/uploads\/2023\/09\/agua-torneira-960x600.jpg-e1695902079752.jpeg","width":600,"height":375},{"@type":"BreadcrumbList","@id":"https:\/\/www.cambe.pr.gov.br\/index.php\/ubs-do-jardim-taroba-e-morumbi-estarao-fechadas-na-tarde-desta-sexta-feira-devido-a-falta-dagua\/#breadcrumb","itemListElement":[{"@type":"ListItem","position":1,"name":"In\u00edcio","item":"https:\/\/www.cambe.pr.gov.br\/"},{"@type":"ListItem","position":2,"name":"UBS do Jardim Tarob\u00e1 e Morumbi estar\u00e3o fechadas na tarde desta sexta-feira devido \u00e0 falta d&#8217;\u00e1gua"}]},{"@type":"WebSite","@id":"https:\/\/www.cambe.pr.gov.br\/#website","url":"https:\/\/www.cambe.pr.gov.br\/","name":"Prefeitura de Camb\u00e9","description":"UM GOVERNO PARA TODOS","publisher":{"@id":"https:\/\/www.cambe.pr.gov.br\/#organization"},"potentialAction":[{"@type":"SearchAction","target":{"@type":"EntryPoint","urlTemplate":"https:\/\/www.cambe.pr.gov.br\/?s={search_term_string}"},"query-input":{"@type":"PropertyValueSpecification","valueRequired":true,"valueName":"search_term_string"}}],"inLanguage":"pt-BR"},{"@type":"Organization","@id":"https:\/\/www.cambe.pr.gov.br\/#organization","name":"Prefeitura de Camb\u00e9","url":"https:\/\/www.cambe.pr.gov.br\/","logo":{"@type":"ImageObject","inLanguage":"pt-BR","@id":"https:\/\/www.cambe.pr.gov.br\/#\/schema\/logo\/image\/","url":"https:\/\/www.cambe.pr.gov.br\/wp-content\/uploads\/2021\/01\/cropped-cropped-cambe_brazao-icone.png","contentUrl":"https:\/\/www.cambe.pr.gov.br\/wp-content\/uploads\/2021\/01\/cropped-cropped-cambe_brazao-icone.png","width":240,"height":240,"caption":"Prefeitura de Camb\u00e9"},"image":{"@id":"https:\/\/www.cambe.pr.gov.br\/#\/schema\/logo\/image\/"},"sameAs":["https:\/\/m.facebook.com\/prefeituradecambe"]},{"@type":"Person","@id":"https:\/\/www.cambe.pr.gov.br\/#\/schema\/person\/e08f7c43a641b2ec036e4e867ec483e4","name":"Thiago Mossini Balbino dos Santos","image":{"@type":"ImageObject","inLanguage":"pt-BR","@id":"https:\/\/secure.gravatar.com\/avatar\/d957ed4e1bc3ebf5769d1003f9709cd2012ebf424eb4a5d76a933fee30e874b6?s=96&d=mm&r=g","url":"https:\/\/secure.gravatar.com\/avatar\/d957ed4e1bc3ebf5769d1003f9709cd2012ebf424eb4a5d76a933fee30e874b6?s=96&d=mm&r=g","contentUrl":"https:\/\/secure.gravatar.com\/avatar\/d957ed4e1bc3ebf5769d1003f9709cd2012ebf424eb4a5d76a933fee30e874b6?s=96&d=mm&r=g","caption":"Thiago Mossini Balbino dos Santos"},"url":"https:\/\/www.cambe.pr.gov.br\/index.php\/author\/tmbsantos\/"}]}},"_links":{"self":[{"href":"https:\/\/www.cambe.pr.gov.br\/index.php\/wp-json\/wp\/v2\/posts\/12664","targetHints":{"allow":["GET"]}}],"collection":[{"href":"https:\/\/www.cambe.pr.gov.br\/index.php\/wp-json\/wp\/v2\/posts"}],"about":[{"href":"https:\/\/www.cambe.pr.gov.br\/index.php\/wp-json\/wp\/v2\/types\/post"}],"author":[{"embeddable":true,"href":"https:\/\/www.cambe.pr.gov.br\/index.php\/wp-json\/wp\/v2\/users\/2"}],"replies":[{"embeddable":true,"href":"https:\/\/www.cambe.pr.gov.br\/index.php\/wp-json\/wp\/v2\/comments?post=12664"}],"version-history":[{"count":1,"href":"https:\/\/www.cambe.pr.gov.br\/index.php\/wp-json\/wp\/v2\/posts\/12664\/revisions"}],"predecessor-version":[{"id":12665,"href":"https:\/\/www.cambe.pr.gov.br\/index.php\/wp-json\/wp\/v2\/posts\/12664\/revisions\/12665"}],"wp:attachment":[{"href":"https:\/\/www.cambe.pr.gov.br\/index.php\/wp-json\/wp\/v2\/media?parent=12664"}],"wp:term":[{"taxonomy":"category","embeddable":true,"href":"https:\/\/www.cambe.pr.gov.br\/index.php\/wp-json\/wp\/v2\/categories?post=12664"},{"taxonomy":"post_tag","embeddable":true,"href":"https:\/\/www.cambe.pr.gov.br\/index.php\/wp-json\/wp\/v2\/tags?post=12664"}],"curies":[{"name":"wp","href":"https:\/\/api.w.org\/{rel}","templated":true}]}}