{"id":12297,"date":"2023-10-04T16:26:55","date_gmt":"2023-10-04T19:26:55","guid":{"rendered":"http:\/\/www.cambe.pr.gov.br\/?p=12297"},"modified":"2024-10-07T13:01:30","modified_gmt":"2024-10-07T16:01:30","slug":"secretaria-de-esportes-e-lazer-promove-gincana-e-palestra-em-prol-do-outubro-rosa","status":"publish","type":"post","link":"https:\/\/www.cambe.pr.gov.br\/index.php\/secretaria-de-esportes-e-lazer-promove-gincana-e-palestra-em-prol-do-outubro-rosa\/","title":{"rendered":"Secretaria de Esportes e Lazer promove gincana e palestra em prol do Outubro Rosa"},"content":{"rendered":"<p style=\"text-align: justify;\"><span style=\"font-weight: 400; font-family: arial, helvetica, sans-serif;\"><img fetchpriority=\"high\" decoding=\"async\" class=\"size-large wp-image-8179 alignleft\" src=\"https:\/\/www.cambe.pr.gov.br\/wp-content\/uploads\/2022\/10\/WhatsApp-Image-2022-10-19-at-15.45.31-1024x678.jpeg\" alt=\"\" width=\"610\" height=\"404\" srcset=\"https:\/\/www.cambe.pr.gov.br\/wp-content\/uploads\/2022\/10\/WhatsApp-Image-2022-10-19-at-15.45.31-1024x678.jpeg 1024w, https:\/\/www.cambe.pr.gov.br\/wp-content\/uploads\/2022\/10\/WhatsApp-Image-2022-10-19-at-15.45.31-300x199.jpeg 300w, https:\/\/www.cambe.pr.gov.br\/wp-content\/uploads\/2022\/10\/WhatsApp-Image-2022-10-19-at-15.45.31-768x508.jpeg 768w, https:\/\/www.cambe.pr.gov.br\/wp-content\/uploads\/2022\/10\/WhatsApp-Image-2022-10-19-at-15.45.31.jpeg 1280w\" sizes=\"(max-width: 610px) 100vw, 610px\" \/>A Secretaria Municipal de Esportes e Lazer organiza novamente uma programa\u00e7\u00e3o especial em prol da campanha do Outubro Rosa. Al\u00e9m da tradicional gincana para as alunas assistidas pelo servi\u00e7os da Secretaria, a Prefeitura tamb\u00e9m ir\u00e1 promover uma palestra com a deputada estadual Cloara Pinheiro. As celebra\u00e7\u00f5es come\u00e7am nesta quarta-feira (4) e v\u00e3o at\u00e9 a pr\u00f3xima sexta (6), promovendo a conscientiza\u00e7\u00e3o e import\u00e2ncia dos cuidados e preven\u00e7\u00e3o contra o c\u00e2ncer de mama, al\u00e9m de arrecada\u00e7\u00e3o de produtos para doa\u00e7\u00e3o ao Hospital do C\u00e2ncer de Londrina e a Casa de Apoio Tok de Amor.<\/span><\/p>\n<p style=\"text-align: justify;\"><span style=\"font-weight: 400; font-family: arial, helvetica, sans-serif;\">A gincana acontecer\u00e1 de forma regionalizada para as mulheres entre 18 e 59 anos que participam do programa Viva a Vida e da hidrogin\u00e1stica no Reabilita. Ao todo, de acordo com dados da Secretaria, 1.200 alunas s\u00e3o atendidas pelo Reabilita, e 600 participam das atividades realizadas no Viva a Vida. A din\u00e2mica ter\u00e1 provas de bola queimada, cabo de guerra, corrida do ovo na colher, desafio da coordena\u00e7\u00e3o e prancha isom\u00e9trica.<\/span><\/p>\n<p style=\"text-align: justify;\"><span style=\"font-weight: 400; font-family: arial, helvetica, sans-serif;\">Nesta quarta-feira, das 18h30 \u00e0s 21h, o gin\u00e1sio de esportes do Camb\u00e9 II recebe as turmas do Viva a Vida do Ana Rosa, Camb\u00e9 IV, Camb\u00e9 V, Pra\u00e7a C\u00e9u e Reabilita. A organiza\u00e7\u00e3o estima cerca de 160 participantes. J\u00e1 na quinta-feira, a disputa ser\u00e1 no gin\u00e1sio de esportes do Jardim Silvino para as turmas do Santo Amaro, Silvino, Ana Eliza III e Reabilita. Nesse dia, participar\u00e3o em torno de 60 alunas. A Secretaria ainda afirma que o evento \u00e9 aberto para torcida de alunos com 60+, familiares, amigos e comunidade, e que ser\u00e3o arrecadados produtos de higiene pessoal para doa\u00e7\u00e3o ao Hospital do C\u00e2ncer de Londrina.<\/span><\/p>\n<p style=\"text-align: justify;\"><span style=\"font-weight: 400; font-family: arial, helvetica, sans-serif;\">Luana Andrade, organizadora da gincana, destaca que esse \u00e9 um momento de confraterniza\u00e7\u00e3o, mas tamb\u00e9m de sa\u00fade. \u201cBuscamos promover a conscientiza\u00e7\u00e3o a respeito da import\u00e2ncia das medidas de preven\u00e7\u00e3o do c\u00e2ncer de mama e da import\u00e2ncia dos cuidados com a sa\u00fade da mulher. Al\u00e9m de proporcionar \u00e0s alunas um momento de integra\u00e7\u00e3o entre as turmas do Programa Viva a Vida por meio de uma atividade diferente da que elas est\u00e3o acostumadas nas aulas\u201d, disse.<\/span><\/p>\n<p style=\"text-align: justify;\"><strong><span style=\"font-family: arial, helvetica, sans-serif;\">Camb\u00e9 por Elas<\/span><\/strong><\/p>\n<p style=\"text-align: justify;\"><span style=\"font-weight: 400; font-family: arial, helvetica, sans-serif;\">Para encerrar a semana, na sexta-feira, \u00e0s 14h, a Prefeitura oferece a palestra Camb\u00e9 por Elas sobre cuidados da sa\u00fade da mulher com a deputada estadual Cloara Pinheiro, no Sal\u00e3o Paroquial.\u00a0 Estima-se que 450 mulheres participem do evento, que ainda ter\u00e1 caf\u00e9 da tarde. Ser\u00e3o arrecadados produtos de higiene pessoal e leite para doa\u00e7\u00e3o ao Hospital do C\u00e2ncer de Londrina e a Casa de Apoio Tok de Amor.<\/span><\/p>\n<p style=\"text-align: justify;\"><span style=\"font-weight: 400; font-family: arial, helvetica, sans-serif;\">O gin\u00e1sio de esportes do Camb\u00e9 II fica na Rua da Ermida, 465; o gin\u00e1sio de esportes do Jardim Silvino est\u00e1 localizado na Rua Amadeu Jos\u00e9 de Souza, 10; e o Sal\u00e3o Paroquial na Rua Espanha, 289.<\/span><\/p>\n","protected":false},"excerpt":{"rendered":"<p>A Secretaria Municipal de Esportes e Lazer organiza novamente uma programa\u00e7\u00e3o especial em prol da campanha do Outubro Rosa. Al\u00e9m da tradicional gincana para as alunas assistidas pelo servi\u00e7os da Secretaria, a Prefeitura tamb\u00e9m ir\u00e1 promover uma palestra com a deputada estadual Cloara Pinheiro. As celebra\u00e7\u00f5es come\u00e7am nesta quarta-feira (4) e v\u00e3o at\u00e9 a pr\u00f3xima [&hellip;]<\/p>\n","protected":false},"author":16,"featured_media":0,"comment_status":"closed","ping_status":"open","sticky":false,"template":"","format":"standard","meta":{"ngg_post_thumbnail":0,"footnotes":""},"categories":[1],"tags":[],"class_list":["post-12297","post","type-post","status-publish","format-standard","hentry","category-principal"],"yoast_head":"<!-- This site is optimized with the Yoast SEO plugin v27.4 - https:\/\/yoast.com\/product\/yoast-seo-wordpress\/ -->\n<title>Secretaria de Esportes e Lazer promove gincana e palestra em prol do Outubro Rosa - Prefeitura de Camb\u00e9<\/title>\n<meta name=\"robots\" content=\"index, follow, max-snippet:-1, max-image-preview:large, max-video-preview:-1\" \/>\n<link rel=\"canonical\" href=\"https:\/\/www.cambe.pr.gov.br\/index.php\/secretaria-de-esportes-e-lazer-promove-gincana-e-palestra-em-prol-do-outubro-rosa\/\" \/>\n<meta property=\"og:locale\" content=\"pt_BR\" \/>\n<meta property=\"og:type\" content=\"article\" \/>\n<meta property=\"og:title\" content=\"Secretaria de Esportes e Lazer promove gincana e palestra em prol do Outubro Rosa - Prefeitura de Camb\u00e9\" \/>\n<meta property=\"og:description\" content=\"A Secretaria Municipal de Esportes e Lazer organiza novamente uma programa\u00e7\u00e3o especial em prol da campanha do Outubro Rosa. Al\u00e9m da tradicional gincana para as alunas assistidas pelo servi\u00e7os da Secretaria, a Prefeitura tamb\u00e9m ir\u00e1 promover uma palestra com a deputada estadual Cloara Pinheiro. As celebra\u00e7\u00f5es come\u00e7am nesta quarta-feira (4) e v\u00e3o at\u00e9 a pr\u00f3xima [&hellip;]\" \/>\n<meta property=\"og:url\" content=\"https:\/\/www.cambe.pr.gov.br\/index.php\/secretaria-de-esportes-e-lazer-promove-gincana-e-palestra-em-prol-do-outubro-rosa\/\" \/>\n<meta property=\"og:site_name\" content=\"Prefeitura de Camb\u00e9\" \/>\n<meta property=\"article:publisher\" content=\"https:\/\/m.facebook.com\/prefeituradecambe\" \/>\n<meta property=\"article:published_time\" content=\"2023-10-04T19:26:55+00:00\" \/>\n<meta property=\"article:modified_time\" content=\"2024-10-07T16:01:30+00:00\" \/>\n<meta property=\"og:image\" content=\"http:\/\/www.cambe.pr.gov.br\/wp-content\/uploads\/2022\/10\/WhatsApp-Image-2022-10-19-at-15.45.31-1024x678.jpeg\" \/>\n<meta name=\"author\" content=\"Vinicius Augusto Batista Eira\" \/>\n<meta name=\"twitter:card\" content=\"summary_large_image\" \/>\n<meta name=\"twitter:label1\" content=\"Escrito por\" \/>\n\t<meta name=\"twitter:data1\" content=\"Vinicius Augusto Batista Eira\" \/>\n\t<meta name=\"twitter:label2\" content=\"Est. tempo de leitura\" \/>\n\t<meta name=\"twitter:data2\" content=\"2 minutos\" \/>\n<script type=\"application\/ld+json\" class=\"yoast-schema-graph\">{\"@context\":\"https:\\\/\\\/schema.org\",\"@graph\":[{\"@type\":\"Article\",\"@id\":\"https:\\\/\\\/www.cambe.pr.gov.br\\\/index.php\\\/secretaria-de-esportes-e-lazer-promove-gincana-e-palestra-em-prol-do-outubro-rosa\\\/#article\",\"isPartOf\":{\"@id\":\"https:\\\/\\\/www.cambe.pr.gov.br\\\/index.php\\\/secretaria-de-esportes-e-lazer-promove-gincana-e-palestra-em-prol-do-outubro-rosa\\\/\"},\"author\":{\"name\":\"Vinicius Augusto Batista Eira\",\"@id\":\"https:\\\/\\\/www.cambe.pr.gov.br\\\/#\\\/schema\\\/person\\\/8e3ee69cb2cadf4b9f8377407227effd\"},\"headline\":\"Secretaria de Esportes e Lazer promove gincana e palestra em prol do Outubro Rosa\",\"datePublished\":\"2023-10-04T19:26:55+00:00\",\"dateModified\":\"2024-10-07T16:01:30+00:00\",\"mainEntityOfPage\":{\"@id\":\"https:\\\/\\\/www.cambe.pr.gov.br\\\/index.php\\\/secretaria-de-esportes-e-lazer-promove-gincana-e-palestra-em-prol-do-outubro-rosa\\\/\"},\"wordCount\":500,\"publisher\":{\"@id\":\"https:\\\/\\\/www.cambe.pr.gov.br\\\/#organization\"},\"image\":{\"@id\":\"https:\\\/\\\/www.cambe.pr.gov.br\\\/index.php\\\/secretaria-de-esportes-e-lazer-promove-gincana-e-palestra-em-prol-do-outubro-rosa\\\/#primaryimage\"},\"thumbnailUrl\":\"http:\\\/\\\/www.cambe.pr.gov.br\\\/wp-content\\\/uploads\\\/2022\\\/10\\\/WhatsApp-Image-2022-10-19-at-15.45.31-1024x678.jpeg\",\"articleSection\":[\"Principal\"],\"inLanguage\":\"pt-BR\"},{\"@type\":\"WebPage\",\"@id\":\"https:\\\/\\\/www.cambe.pr.gov.br\\\/index.php\\\/secretaria-de-esportes-e-lazer-promove-gincana-e-palestra-em-prol-do-outubro-rosa\\\/\",\"url\":\"https:\\\/\\\/www.cambe.pr.gov.br\\\/index.php\\\/secretaria-de-esportes-e-lazer-promove-gincana-e-palestra-em-prol-do-outubro-rosa\\\/\",\"name\":\"Secretaria de Esportes e Lazer promove gincana e palestra em prol do Outubro Rosa - Prefeitura de Camb\u00e9\",\"isPartOf\":{\"@id\":\"https:\\\/\\\/www.cambe.pr.gov.br\\\/#website\"},\"primaryImageOfPage\":{\"@id\":\"https:\\\/\\\/www.cambe.pr.gov.br\\\/index.php\\\/secretaria-de-esportes-e-lazer-promove-gincana-e-palestra-em-prol-do-outubro-rosa\\\/#primaryimage\"},\"image\":{\"@id\":\"https:\\\/\\\/www.cambe.pr.gov.br\\\/index.php\\\/secretaria-de-esportes-e-lazer-promove-gincana-e-palestra-em-prol-do-outubro-rosa\\\/#primaryimage\"},\"thumbnailUrl\":\"http:\\\/\\\/www.cambe.pr.gov.br\\\/wp-content\\\/uploads\\\/2022\\\/10\\\/WhatsApp-Image-2022-10-19-at-15.45.31-1024x678.jpeg\",\"datePublished\":\"2023-10-04T19:26:55+00:00\",\"dateModified\":\"2024-10-07T16:01:30+00:00\",\"breadcrumb\":{\"@id\":\"https:\\\/\\\/www.cambe.pr.gov.br\\\/index.php\\\/secretaria-de-esportes-e-lazer-promove-gincana-e-palestra-em-prol-do-outubro-rosa\\\/#breadcrumb\"},\"inLanguage\":\"pt-BR\",\"potentialAction\":[{\"@type\":\"ReadAction\",\"target\":[\"https:\\\/\\\/www.cambe.pr.gov.br\\\/index.php\\\/secretaria-de-esportes-e-lazer-promove-gincana-e-palestra-em-prol-do-outubro-rosa\\\/\"]}]},{\"@type\":\"ImageObject\",\"inLanguage\":\"pt-BR\",\"@id\":\"https:\\\/\\\/www.cambe.pr.gov.br\\\/index.php\\\/secretaria-de-esportes-e-lazer-promove-gincana-e-palestra-em-prol-do-outubro-rosa\\\/#primaryimage\",\"url\":\"http:\\\/\\\/www.cambe.pr.gov.br\\\/wp-content\\\/uploads\\\/2022\\\/10\\\/WhatsApp-Image-2022-10-19-at-15.45.31-1024x678.jpeg\",\"contentUrl\":\"http:\\\/\\\/www.cambe.pr.gov.br\\\/wp-content\\\/uploads\\\/2022\\\/10\\\/WhatsApp-Image-2022-10-19-at-15.45.31-1024x678.jpeg\"},{\"@type\":\"BreadcrumbList\",\"@id\":\"https:\\\/\\\/www.cambe.pr.gov.br\\\/index.php\\\/secretaria-de-esportes-e-lazer-promove-gincana-e-palestra-em-prol-do-outubro-rosa\\\/#breadcrumb\",\"itemListElement\":[{\"@type\":\"ListItem\",\"position\":1,\"name\":\"In\u00edcio\",\"item\":\"https:\\\/\\\/www.cambe.pr.gov.br\\\/\"},{\"@type\":\"ListItem\",\"position\":2,\"name\":\"Secretaria de Esportes e Lazer promove gincana e palestra em prol do Outubro Rosa\"}]},{\"@type\":\"WebSite\",\"@id\":\"https:\\\/\\\/www.cambe.pr.gov.br\\\/#website\",\"url\":\"https:\\\/\\\/www.cambe.pr.gov.br\\\/\",\"name\":\"Prefeitura de Camb\u00e9\",\"description\":\"UM GOVERNO PARA TODOS\",\"publisher\":{\"@id\":\"https:\\\/\\\/www.cambe.pr.gov.br\\\/#organization\"},\"potentialAction\":[{\"@type\":\"SearchAction\",\"target\":{\"@type\":\"EntryPoint\",\"urlTemplate\":\"https:\\\/\\\/www.cambe.pr.gov.br\\\/?s={search_term_string}\"},\"query-input\":{\"@type\":\"PropertyValueSpecification\",\"valueRequired\":true,\"valueName\":\"search_term_string\"}}],\"inLanguage\":\"pt-BR\"},{\"@type\":\"Organization\",\"@id\":\"https:\\\/\\\/www.cambe.pr.gov.br\\\/#organization\",\"name\":\"Prefeitura de Camb\u00e9\",\"url\":\"https:\\\/\\\/www.cambe.pr.gov.br\\\/\",\"logo\":{\"@type\":\"ImageObject\",\"inLanguage\":\"pt-BR\",\"@id\":\"https:\\\/\\\/www.cambe.pr.gov.br\\\/#\\\/schema\\\/logo\\\/image\\\/\",\"url\":\"https:\\\/\\\/www.cambe.pr.gov.br\\\/wp-content\\\/uploads\\\/2021\\\/01\\\/cropped-cropped-cambe_brazao-icone.png\",\"contentUrl\":\"https:\\\/\\\/www.cambe.pr.gov.br\\\/wp-content\\\/uploads\\\/2021\\\/01\\\/cropped-cropped-cambe_brazao-icone.png\",\"width\":240,\"height\":240,\"caption\":\"Prefeitura de Camb\u00e9\"},\"image\":{\"@id\":\"https:\\\/\\\/www.cambe.pr.gov.br\\\/#\\\/schema\\\/logo\\\/image\\\/\"},\"sameAs\":[\"https:\\\/\\\/m.facebook.com\\\/prefeituradecambe\"]},{\"@type\":\"Person\",\"@id\":\"https:\\\/\\\/www.cambe.pr.gov.br\\\/#\\\/schema\\\/person\\\/8e3ee69cb2cadf4b9f8377407227effd\",\"name\":\"Vinicius Augusto Batista Eira\",\"image\":{\"@type\":\"ImageObject\",\"inLanguage\":\"pt-BR\",\"@id\":\"https:\\\/\\\/secure.gravatar.com\\\/avatar\\\/1ec500de7013b30e1d4d7c8c3978f0e4433c37e5d5e4cd186239369c6440122b?s=96&d=mm&r=g\",\"url\":\"https:\\\/\\\/secure.gravatar.com\\\/avatar\\\/1ec500de7013b30e1d4d7c8c3978f0e4433c37e5d5e4cd186239369c6440122b?s=96&d=mm&r=g\",\"contentUrl\":\"https:\\\/\\\/secure.gravatar.com\\\/avatar\\\/1ec500de7013b30e1d4d7c8c3978f0e4433c37e5d5e4cd186239369c6440122b?s=96&d=mm&r=g\",\"caption\":\"Vinicius Augusto Batista Eira\"},\"url\":\"https:\\\/\\\/www.cambe.pr.gov.br\\\/index.php\\\/author\\\/vabeira\\\/\"}]}<\/script>\n<!-- \/ Yoast SEO plugin. -->","yoast_head_json":{"title":"Secretaria de Esportes e Lazer promove gincana e palestra em prol do Outubro Rosa - Prefeitura de Camb\u00e9","robots":{"index":"index","follow":"follow","max-snippet":"max-snippet:-1","max-image-preview":"max-image-preview:large","max-video-preview":"max-video-preview:-1"},"canonical":"https:\/\/www.cambe.pr.gov.br\/index.php\/secretaria-de-esportes-e-lazer-promove-gincana-e-palestra-em-prol-do-outubro-rosa\/","og_locale":"pt_BR","og_type":"article","og_title":"Secretaria de Esportes e Lazer promove gincana e palestra em prol do Outubro Rosa - Prefeitura de Camb\u00e9","og_description":"A Secretaria Municipal de Esportes e Lazer organiza novamente uma programa\u00e7\u00e3o especial em prol da campanha do Outubro Rosa. Al\u00e9m da tradicional gincana para as alunas assistidas pelo servi\u00e7os da Secretaria, a Prefeitura tamb\u00e9m ir\u00e1 promover uma palestra com a deputada estadual Cloara Pinheiro. As celebra\u00e7\u00f5es come\u00e7am nesta quarta-feira (4) e v\u00e3o at\u00e9 a pr\u00f3xima [&hellip;]","og_url":"https:\/\/www.cambe.pr.gov.br\/index.php\/secretaria-de-esportes-e-lazer-promove-gincana-e-palestra-em-prol-do-outubro-rosa\/","og_site_name":"Prefeitura de Camb\u00e9","article_publisher":"https:\/\/m.facebook.com\/prefeituradecambe","article_published_time":"2023-10-04T19:26:55+00:00","article_modified_time":"2024-10-07T16:01:30+00:00","og_image":[{"url":"http:\/\/www.cambe.pr.gov.br\/wp-content\/uploads\/2022\/10\/WhatsApp-Image-2022-10-19-at-15.45.31-1024x678.jpeg","type":"","width":"","height":""}],"author":"Vinicius Augusto Batista Eira","twitter_card":"summary_large_image","twitter_misc":{"Escrito por":"Vinicius Augusto Batista Eira","Est. tempo de leitura":"2 minutos"},"schema":{"@context":"https:\/\/schema.org","@graph":[{"@type":"Article","@id":"https:\/\/www.cambe.pr.gov.br\/index.php\/secretaria-de-esportes-e-lazer-promove-gincana-e-palestra-em-prol-do-outubro-rosa\/#article","isPartOf":{"@id":"https:\/\/www.cambe.pr.gov.br\/index.php\/secretaria-de-esportes-e-lazer-promove-gincana-e-palestra-em-prol-do-outubro-rosa\/"},"author":{"name":"Vinicius Augusto Batista Eira","@id":"https:\/\/www.cambe.pr.gov.br\/#\/schema\/person\/8e3ee69cb2cadf4b9f8377407227effd"},"headline":"Secretaria de Esportes e Lazer promove gincana e palestra em prol do Outubro Rosa","datePublished":"2023-10-04T19:26:55+00:00","dateModified":"2024-10-07T16:01:30+00:00","mainEntityOfPage":{"@id":"https:\/\/www.cambe.pr.gov.br\/index.php\/secretaria-de-esportes-e-lazer-promove-gincana-e-palestra-em-prol-do-outubro-rosa\/"},"wordCount":500,"publisher":{"@id":"https:\/\/www.cambe.pr.gov.br\/#organization"},"image":{"@id":"https:\/\/www.cambe.pr.gov.br\/index.php\/secretaria-de-esportes-e-lazer-promove-gincana-e-palestra-em-prol-do-outubro-rosa\/#primaryimage"},"thumbnailUrl":"http:\/\/www.cambe.pr.gov.br\/wp-content\/uploads\/2022\/10\/WhatsApp-Image-2022-10-19-at-15.45.31-1024x678.jpeg","articleSection":["Principal"],"inLanguage":"pt-BR"},{"@type":"WebPage","@id":"https:\/\/www.cambe.pr.gov.br\/index.php\/secretaria-de-esportes-e-lazer-promove-gincana-e-palestra-em-prol-do-outubro-rosa\/","url":"https:\/\/www.cambe.pr.gov.br\/index.php\/secretaria-de-esportes-e-lazer-promove-gincana-e-palestra-em-prol-do-outubro-rosa\/","name":"Secretaria de Esportes e Lazer promove gincana e palestra em prol do Outubro Rosa - Prefeitura de Camb\u00e9","isPartOf":{"@id":"https:\/\/www.cambe.pr.gov.br\/#website"},"primaryImageOfPage":{"@id":"https:\/\/www.cambe.pr.gov.br\/index.php\/secretaria-de-esportes-e-lazer-promove-gincana-e-palestra-em-prol-do-outubro-rosa\/#primaryimage"},"image":{"@id":"https:\/\/www.cambe.pr.gov.br\/index.php\/secretaria-de-esportes-e-lazer-promove-gincana-e-palestra-em-prol-do-outubro-rosa\/#primaryimage"},"thumbnailUrl":"http:\/\/www.cambe.pr.gov.br\/wp-content\/uploads\/2022\/10\/WhatsApp-Image-2022-10-19-at-15.45.31-1024x678.jpeg","datePublished":"2023-10-04T19:26:55+00:00","dateModified":"2024-10-07T16:01:30+00:00","breadcrumb":{"@id":"https:\/\/www.cambe.pr.gov.br\/index.php\/secretaria-de-esportes-e-lazer-promove-gincana-e-palestra-em-prol-do-outubro-rosa\/#breadcrumb"},"inLanguage":"pt-BR","potentialAction":[{"@type":"ReadAction","target":["https:\/\/www.cambe.pr.gov.br\/index.php\/secretaria-de-esportes-e-lazer-promove-gincana-e-palestra-em-prol-do-outubro-rosa\/"]}]},{"@type":"ImageObject","inLanguage":"pt-BR","@id":"https:\/\/www.cambe.pr.gov.br\/index.php\/secretaria-de-esportes-e-lazer-promove-gincana-e-palestra-em-prol-do-outubro-rosa\/#primaryimage","url":"http:\/\/www.cambe.pr.gov.br\/wp-content\/uploads\/2022\/10\/WhatsApp-Image-2022-10-19-at-15.45.31-1024x678.jpeg","contentUrl":"http:\/\/www.cambe.pr.gov.br\/wp-content\/uploads\/2022\/10\/WhatsApp-Image-2022-10-19-at-15.45.31-1024x678.jpeg"},{"@type":"BreadcrumbList","@id":"https:\/\/www.cambe.pr.gov.br\/index.php\/secretaria-de-esportes-e-lazer-promove-gincana-e-palestra-em-prol-do-outubro-rosa\/#breadcrumb","itemListElement":[{"@type":"ListItem","position":1,"name":"In\u00edcio","item":"https:\/\/www.cambe.pr.gov.br\/"},{"@type":"ListItem","position":2,"name":"Secretaria de Esportes e Lazer promove gincana e palestra em prol do Outubro Rosa"}]},{"@type":"WebSite","@id":"https:\/\/www.cambe.pr.gov.br\/#website","url":"https:\/\/www.cambe.pr.gov.br\/","name":"Prefeitura de Camb\u00e9","description":"UM GOVERNO PARA TODOS","publisher":{"@id":"https:\/\/www.cambe.pr.gov.br\/#organization"},"potentialAction":[{"@type":"SearchAction","target":{"@type":"EntryPoint","urlTemplate":"https:\/\/www.cambe.pr.gov.br\/?s={search_term_string}"},"query-input":{"@type":"PropertyValueSpecification","valueRequired":true,"valueName":"search_term_string"}}],"inLanguage":"pt-BR"},{"@type":"Organization","@id":"https:\/\/www.cambe.pr.gov.br\/#organization","name":"Prefeitura de Camb\u00e9","url":"https:\/\/www.cambe.pr.gov.br\/","logo":{"@type":"ImageObject","inLanguage":"pt-BR","@id":"https:\/\/www.cambe.pr.gov.br\/#\/schema\/logo\/image\/","url":"https:\/\/www.cambe.pr.gov.br\/wp-content\/uploads\/2021\/01\/cropped-cropped-cambe_brazao-icone.png","contentUrl":"https:\/\/www.cambe.pr.gov.br\/wp-content\/uploads\/2021\/01\/cropped-cropped-cambe_brazao-icone.png","width":240,"height":240,"caption":"Prefeitura de Camb\u00e9"},"image":{"@id":"https:\/\/www.cambe.pr.gov.br\/#\/schema\/logo\/image\/"},"sameAs":["https:\/\/m.facebook.com\/prefeituradecambe"]},{"@type":"Person","@id":"https:\/\/www.cambe.pr.gov.br\/#\/schema\/person\/8e3ee69cb2cadf4b9f8377407227effd","name":"Vinicius Augusto Batista Eira","image":{"@type":"ImageObject","inLanguage":"pt-BR","@id":"https:\/\/secure.gravatar.com\/avatar\/1ec500de7013b30e1d4d7c8c3978f0e4433c37e5d5e4cd186239369c6440122b?s=96&d=mm&r=g","url":"https:\/\/secure.gravatar.com\/avatar\/1ec500de7013b30e1d4d7c8c3978f0e4433c37e5d5e4cd186239369c6440122b?s=96&d=mm&r=g","contentUrl":"https:\/\/secure.gravatar.com\/avatar\/1ec500de7013b30e1d4d7c8c3978f0e4433c37e5d5e4cd186239369c6440122b?s=96&d=mm&r=g","caption":"Vinicius Augusto Batista Eira"},"url":"https:\/\/www.cambe.pr.gov.br\/index.php\/author\/vabeira\/"}]}},"_links":{"self":[{"href":"https:\/\/www.cambe.pr.gov.br\/index.php\/wp-json\/wp\/v2\/posts\/12297","targetHints":{"allow":["GET"]}}],"collection":[{"href":"https:\/\/www.cambe.pr.gov.br\/index.php\/wp-json\/wp\/v2\/posts"}],"about":[{"href":"https:\/\/www.cambe.pr.gov.br\/index.php\/wp-json\/wp\/v2\/types\/post"}],"author":[{"embeddable":true,"href":"https:\/\/www.cambe.pr.gov.br\/index.php\/wp-json\/wp\/v2\/users\/16"}],"replies":[{"embeddable":true,"href":"https:\/\/www.cambe.pr.gov.br\/index.php\/wp-json\/wp\/v2\/comments?post=12297"}],"version-history":[{"count":5,"href":"https:\/\/www.cambe.pr.gov.br\/index.php\/wp-json\/wp\/v2\/posts\/12297\/revisions"}],"predecessor-version":[{"id":12307,"href":"https:\/\/www.cambe.pr.gov.br\/index.php\/wp-json\/wp\/v2\/posts\/12297\/revisions\/12307"}],"wp:attachment":[{"href":"https:\/\/www.cambe.pr.gov.br\/index.php\/wp-json\/wp\/v2\/media?parent=12297"}],"wp:term":[{"taxonomy":"category","embeddable":true,"href":"https:\/\/www.cambe.pr.gov.br\/index.php\/wp-json\/wp\/v2\/categories?post=12297"},{"taxonomy":"post_tag","embeddable":true,"href":"https:\/\/www.cambe.pr.gov.br\/index.php\/wp-json\/wp\/v2\/tags?post=12297"}],"curies":[{"name":"wp","href":"https:\/\/api.w.org\/{rel}","templated":true}]}}