{"id":12076,"date":"2023-09-15T16:15:18","date_gmt":"2023-09-15T19:15:18","guid":{"rendered":"http:\/\/www.cambe.pr.gov.br\/?p=12076"},"modified":"2024-10-07T13:01:29","modified_gmt":"2024-10-07T16:01:29","slug":"cinco-alunos-cambeenses-com-deficiencia-visual-recebem-oculos-de-tecnologia-assistiva","status":"publish","type":"post","link":"https:\/\/www.cambe.pr.gov.br\/index.php\/cinco-alunos-cambeenses-com-deficiencia-visual-recebem-oculos-de-tecnologia-assistiva\/","title":{"rendered":"Cinco alunos cambeenses com defici\u00eancia visual recebem \u00f3culos de tecnologia assistiva"},"content":{"rendered":"<p style=\"text-align: justify;\"><span style=\"font-weight: 400; font-family: arial, helvetica, sans-serif;\"><img fetchpriority=\"high\" decoding=\"async\" class=\"size-large wp-image-12081 alignleft\" src=\"https:\/\/www.cambe.pr.gov.br\/wp-content\/uploads\/2023\/09\/DSC_0119-1024x678.jpg\" alt=\"\" width=\"610\" height=\"404\" srcset=\"https:\/\/www.cambe.pr.gov.br\/wp-content\/uploads\/2023\/09\/DSC_0119-1024x678.jpg 1024w, https:\/\/www.cambe.pr.gov.br\/wp-content\/uploads\/2023\/09\/DSC_0119-300x199.jpg 300w, https:\/\/www.cambe.pr.gov.br\/wp-content\/uploads\/2023\/09\/DSC_0119-768x509.jpg 768w, https:\/\/www.cambe.pr.gov.br\/wp-content\/uploads\/2023\/09\/DSC_0119-1536x1017.jpg 1536w, https:\/\/www.cambe.pr.gov.br\/wp-content\/uploads\/2023\/09\/DSC_0119-2048x1356.jpg 2048w\" sizes=\"(max-width: 610px) 100vw, 610px\" \/>Em uma cerim\u00f4nia cercada de muita emo\u00e7\u00e3o e alegria, cinco alunos com cegueira total e residentes de Camb\u00e9 receberam \u00f3culos com tecnologia assistiva. Os equipamentos OrCam MyEyes 2.0, que contam com reconhecimento de faces e leem textos em portugu\u00eas e ingl\u00eas, foram destinados pela Secretaria Estadual de Inova\u00e7\u00e3o, Moderniza\u00e7\u00e3o e Transforma\u00e7\u00e3o Digital para quatro estudantes de escolas estaduais e um da rede municipal de educa\u00e7\u00e3o em evento na manh\u00e3 desta sexta-feira (15) na Prefeitura.<\/span><\/p>\n<p style=\"text-align: justify;\"><span style=\"font-weight: 400; font-family: arial, helvetica, sans-serif;\">O OrCam MyEyes 2.0 \u00e9 um dispositivo israelita, \u00fanico no mundo, com c\u00e2mera inteligente e tecnologia que possibilita reconhecimento de faces e g\u00eanero; pode ler textos em portugu\u00eas e ingl\u00eas; tem leds para funcionar no escuro; identifica produtos previamente gravados; reconhece cores, c\u00e9dulas de dinheiro e c\u00f3digo de barras; al\u00e9m de informar data e horas. O produto \u00e9 discreto, pesa apenas 22,5 gramas e mede 7 cent\u00edmetros, pode ser acoplado a hastes de \u00f3culos comum e funciona com comando por toque e gestos.<\/span><\/p>\n<p style=\"text-align: justify;\"><span style=\"font-weight: 400; font-family: arial, helvetica, sans-serif;\">O projeto \u00e9 uma iniciativa do governo do Estado que investiu cerca de R$ 2,19 milh\u00f5es em 147 equipamentos, divididos em todo o Paran\u00e1, nesta primeira etapa. Cada dispositivo custa R$ 14,9 mil, e cinco deles foram distribu\u00eddos em Camb\u00e9. Os alunos contemplados foram Kauan Fernandes Borges da Freiria, da Escola Municipal Jac\u00eddio Correia; Julia Kemilyn Tribino Lunes, da Escola Estadual Leopoldino L Ferreira; Yasmin Alves dos Reis Floriano, do Col\u00e9gio Estadual Ant\u00f4nio Raminelli; e Pedro Henrique Mondeck e Pedro Henrique Costa Martins, do Col\u00e9gio Estadual 11 de Outubro.<\/span><\/p>\n<p style=\"text-align: justify;\"><span style=\"font-weight: 400; font-family: arial, helvetica, sans-serif;\">Thiago Rodrigo da Silva, coordenador de Desburocratiza\u00e7\u00e3o de Servi\u00e7os P\u00fablicos da Secretaria de Inova\u00e7\u00e3o, Moderniza\u00e7\u00e3o e Transforma\u00e7\u00e3o Digital, afirmou que os \u00f3culos d\u00e3o mais humanidade, dignidade e a garantia de direitos para essas crian\u00e7as. \u201cEsse trabalho que a gente conseguiu fazer nada mais \u00e9 do que elaborar e transformar inova\u00e7\u00e3o em algo tang\u00edvel, que \u00e9 o maior desafio e uma demanda do governador Ratinho Junior e do secret\u00e1rio Marcelo Rangel. Essa \u00e9 uma tecnologia que traz mais vida para essas crian\u00e7as, mais liberdade, eles v\u00e3o ter um pouco mais de dignidade, v\u00e3o conseguir estudar, v\u00e3o ter mais direitos iguais como a gente preza para todo mundo. Ent\u00e3o, estamos entregando esses equipamentos para a crian\u00e7a levar para a casa, levar para a escola, andar<\/span><span style=\"font-weight: 400; font-family: arial, helvetica, sans-serif;\">&nbsp;na rua, para ela usar na vida dela e no dia-a-dia. Um suporte para ajudar ela com os estudos e sua capacita\u00e7\u00e3o\u201d, disse o coordenador.<\/span><\/p>\n<p><img decoding=\"async\" class=\" wp-image-12083 alignleft\" style=\"text-align: justify;\" src=\"https:\/\/www.cambe.pr.gov.br\/wp-content\/uploads\/2023\/09\/DSC_0044-1024x678.jpg\" alt=\"\" width=\"432\" height=\"286\" srcset=\"https:\/\/www.cambe.pr.gov.br\/wp-content\/uploads\/2023\/09\/DSC_0044-1024x678.jpg 1024w, https:\/\/www.cambe.pr.gov.br\/wp-content\/uploads\/2023\/09\/DSC_0044-300x199.jpg 300w, https:\/\/www.cambe.pr.gov.br\/wp-content\/uploads\/2023\/09\/DSC_0044-768x509.jpg 768w, https:\/\/www.cambe.pr.gov.br\/wp-content\/uploads\/2023\/09\/DSC_0044-1536x1017.jpg 1536w, https:\/\/www.cambe.pr.gov.br\/wp-content\/uploads\/2023\/09\/DSC_0044-2048x1357.jpg 2048w\" sizes=\"(max-width: 432px) 100vw, 432px\" \/><\/p>\n<p style=\"text-align: justify;\"><span style=\"font-weight: 400; font-family: arial, helvetica, sans-serif;\">A secret\u00e1ria municipal de <\/span><span style=\"font-family: arial, helvetica, sans-serif; text-align: justify;\">Educa\u00e7\u00e3o e Cultura, Estela Camata, destacou a relev\u00e2ncia desse projeto, que vem para dar mais autonomia para esses cinco estudantes. \u201cHoje tivemos uma manh\u00e3 muito especial, tanto para n\u00f3s como para esses cinco alunos com essa necessidade especial de vis\u00e3o. Esse \u00f3culos vai realmente fazer a diferen\u00e7a na vida deles, tanto pessoal como durante o per\u00edodo escolar, dando mais independ\u00eancia para eles que n\u00e3o v\u00e3o mais depender tanto dos pais, e dar uma contribui\u00e7\u00e3o muito grande no aprendizado e desenvolvimento deles.\u201d<\/span><\/p>\n<p style=\"text-align: justify;\"><span style=\"font-weight: 400; font-family: arial, helvetica, sans-serif;\">Maria Ivone de Morais \u00e9 assistente do N\u00facleo Regional de Educa\u00e7\u00e3o de Londrina, e expressou que faltam palavras para agradecer por um projeto como esse, que trouxe alegria para todos, e oportunidades \u00fanicas para os alunos. \u201cComo eu disse aos pais, estamos vivendo momentos de gratid\u00e3o e muita emo\u00e7\u00e3o. E isso pela tecnologia que proporciona com que esses nossos alunos tenham o mesmo direito dos outros alunos de frequentar a sala de aula, com muito mais qualidade no aprendizado. E diante da sensibilidade do nosso governo, do secret\u00e1rio, as crian\u00e7as receberam hoje esse \u00f3culos que vai facilitar toda a vida dele dentro da sala de aula, no supermercado, com os amigos, e mais do que isso, para a vida toda. Os nossos educadores est\u00e3o muito felizes, n\u00f3s estamos felizes, e eu acho que foi uma inova\u00e7\u00e3o in\u00e9dita no Paran\u00e1\u201d, concluiu.<\/span><\/p>\n<p style=\"text-align: justify;\"><span style=\"font-weight: 400; font-family: arial, helvetica, sans-serif;\">A m\u00e3e do Kauan, Rauane Fernandes, conta que ele sempre gostou muito de ler e pintar, mas tinha que ficar pedindo ajuda na leitura ou para identificar cores. Agora, ter\u00e1 mais liberdade para se divertir. \u201cNo geral, o equipamento vai ajudar muito. Isso \u00e9 muito importante, j\u00e1 que a crian\u00e7a com defici\u00eancia visual tem uma certa dificuldade na quest\u00e3o do aprendizado. Querendo ou n\u00e3o, tudo \u00e9 mais complexo. Ent\u00e3o, gra\u00e7as a Deus, a gente j\u00e1 conseguiu uma m\u00e1quina de braile para ele, e hoje ele ganhou esse \u00f3culos, que \u00e9 sensacional&#8221;, relatou.<\/span><\/p>\n<p style=\"text-align: justify;\"><span style=\"font-weight: 400; font-family: arial, helvetica, sans-serif;\">Kauan, que esbanja simpatia, mal conseguia segurar o sorriso e ficou muito contente com o presente. \u201cEu estou muito feliz, me sentindo muito melhor do que era antes. Os \u00f3culos v\u00e3o ajudar na minha leitura, e eu gosto bastante de ler, e tamb\u00e9m para saber quando minha m\u00e3e ou minha av\u00f3 est\u00e3o pertos\u201d.<\/span><\/p>\n","protected":false},"excerpt":{"rendered":"<p>Em uma cerim\u00f4nia cercada de muita emo\u00e7\u00e3o e alegria, cinco alunos com cegueira total e residentes de Camb\u00e9 receberam \u00f3culos com tecnologia assistiva. Os equipamentos OrCam MyEyes 2.0, que contam com reconhecimento de faces e leem textos em portugu\u00eas e ingl\u00eas, foram destinados pela Secretaria Estadual de Inova\u00e7\u00e3o, Moderniza\u00e7\u00e3o e Transforma\u00e7\u00e3o Digital para quatro estudantes [&hellip;]<\/p>\n","protected":false},"author":16,"featured_media":0,"comment_status":"closed","ping_status":"open","sticky":false,"template":"","format":"standard","meta":{"ngg_post_thumbnail":0,"footnotes":""},"categories":[1],"tags":[],"class_list":["post-12076","post","type-post","status-publish","format-standard","hentry","category-principal"],"yoast_head":"<!-- This site is optimized with the Yoast SEO plugin v27.4 - https:\/\/yoast.com\/product\/yoast-seo-wordpress\/ -->\n<title>Cinco alunos cambeenses com defici\u00eancia visual recebem \u00f3culos de tecnologia assistiva - Prefeitura de Camb\u00e9<\/title>\n<meta name=\"robots\" content=\"index, follow, max-snippet:-1, max-image-preview:large, max-video-preview:-1\" \/>\n<link rel=\"canonical\" href=\"https:\/\/www.cambe.pr.gov.br\/index.php\/cinco-alunos-cambeenses-com-deficiencia-visual-recebem-oculos-de-tecnologia-assistiva\/\" \/>\n<meta property=\"og:locale\" content=\"pt_BR\" \/>\n<meta property=\"og:type\" content=\"article\" \/>\n<meta property=\"og:title\" content=\"Cinco alunos cambeenses com defici\u00eancia visual recebem \u00f3culos de tecnologia assistiva - Prefeitura de Camb\u00e9\" \/>\n<meta property=\"og:description\" content=\"Em uma cerim\u00f4nia cercada de muita emo\u00e7\u00e3o e alegria, cinco alunos com cegueira total e residentes de Camb\u00e9 receberam \u00f3culos com tecnologia assistiva. Os equipamentos OrCam MyEyes 2.0, que contam com reconhecimento de faces e leem textos em portugu\u00eas e ingl\u00eas, foram destinados pela Secretaria Estadual de Inova\u00e7\u00e3o, Moderniza\u00e7\u00e3o e Transforma\u00e7\u00e3o Digital para quatro estudantes [&hellip;]\" \/>\n<meta property=\"og:url\" content=\"https:\/\/www.cambe.pr.gov.br\/index.php\/cinco-alunos-cambeenses-com-deficiencia-visual-recebem-oculos-de-tecnologia-assistiva\/\" \/>\n<meta property=\"og:site_name\" content=\"Prefeitura de Camb\u00e9\" \/>\n<meta property=\"article:publisher\" content=\"https:\/\/m.facebook.com\/prefeituradecambe\" \/>\n<meta property=\"article:published_time\" content=\"2023-09-15T19:15:18+00:00\" \/>\n<meta property=\"article:modified_time\" content=\"2024-10-07T16:01:29+00:00\" \/>\n<meta property=\"og:image\" content=\"http:\/\/www.cambe.pr.gov.br\/wp-content\/uploads\/2023\/09\/DSC_0119-1024x678.jpg\" \/>\n<meta name=\"author\" content=\"Vinicius Augusto Batista Eira\" \/>\n<meta name=\"twitter:card\" content=\"summary_large_image\" \/>\n<meta name=\"twitter:label1\" content=\"Escrito por\" \/>\n\t<meta name=\"twitter:data1\" content=\"Vinicius Augusto Batista Eira\" \/>\n\t<meta name=\"twitter:label2\" content=\"Est. tempo de leitura\" \/>\n\t<meta name=\"twitter:data2\" content=\"4 minutos\" \/>\n<script type=\"application\/ld+json\" class=\"yoast-schema-graph\">{\"@context\":\"https:\\\/\\\/schema.org\",\"@graph\":[{\"@type\":\"Article\",\"@id\":\"https:\\\/\\\/www.cambe.pr.gov.br\\\/index.php\\\/cinco-alunos-cambeenses-com-deficiencia-visual-recebem-oculos-de-tecnologia-assistiva\\\/#article\",\"isPartOf\":{\"@id\":\"https:\\\/\\\/www.cambe.pr.gov.br\\\/index.php\\\/cinco-alunos-cambeenses-com-deficiencia-visual-recebem-oculos-de-tecnologia-assistiva\\\/\"},\"author\":{\"name\":\"Vinicius Augusto Batista Eira\",\"@id\":\"https:\\\/\\\/www.cambe.pr.gov.br\\\/#\\\/schema\\\/person\\\/8e3ee69cb2cadf4b9f8377407227effd\"},\"headline\":\"Cinco alunos cambeenses com defici\u00eancia visual recebem \u00f3culos de tecnologia assistiva\",\"datePublished\":\"2023-09-15T19:15:18+00:00\",\"dateModified\":\"2024-10-07T16:01:29+00:00\",\"mainEntityOfPage\":{\"@id\":\"https:\\\/\\\/www.cambe.pr.gov.br\\\/index.php\\\/cinco-alunos-cambeenses-com-deficiencia-visual-recebem-oculos-de-tecnologia-assistiva\\\/\"},\"wordCount\":831,\"publisher\":{\"@id\":\"https:\\\/\\\/www.cambe.pr.gov.br\\\/#organization\"},\"image\":{\"@id\":\"https:\\\/\\\/www.cambe.pr.gov.br\\\/index.php\\\/cinco-alunos-cambeenses-com-deficiencia-visual-recebem-oculos-de-tecnologia-assistiva\\\/#primaryimage\"},\"thumbnailUrl\":\"http:\\\/\\\/www.cambe.pr.gov.br\\\/wp-content\\\/uploads\\\/2023\\\/09\\\/DSC_0119-1024x678.jpg\",\"articleSection\":[\"Principal\"],\"inLanguage\":\"pt-BR\"},{\"@type\":\"WebPage\",\"@id\":\"https:\\\/\\\/www.cambe.pr.gov.br\\\/index.php\\\/cinco-alunos-cambeenses-com-deficiencia-visual-recebem-oculos-de-tecnologia-assistiva\\\/\",\"url\":\"https:\\\/\\\/www.cambe.pr.gov.br\\\/index.php\\\/cinco-alunos-cambeenses-com-deficiencia-visual-recebem-oculos-de-tecnologia-assistiva\\\/\",\"name\":\"Cinco alunos cambeenses com defici\u00eancia visual recebem \u00f3culos de tecnologia assistiva - Prefeitura de Camb\u00e9\",\"isPartOf\":{\"@id\":\"https:\\\/\\\/www.cambe.pr.gov.br\\\/#website\"},\"primaryImageOfPage\":{\"@id\":\"https:\\\/\\\/www.cambe.pr.gov.br\\\/index.php\\\/cinco-alunos-cambeenses-com-deficiencia-visual-recebem-oculos-de-tecnologia-assistiva\\\/#primaryimage\"},\"image\":{\"@id\":\"https:\\\/\\\/www.cambe.pr.gov.br\\\/index.php\\\/cinco-alunos-cambeenses-com-deficiencia-visual-recebem-oculos-de-tecnologia-assistiva\\\/#primaryimage\"},\"thumbnailUrl\":\"http:\\\/\\\/www.cambe.pr.gov.br\\\/wp-content\\\/uploads\\\/2023\\\/09\\\/DSC_0119-1024x678.jpg\",\"datePublished\":\"2023-09-15T19:15:18+00:00\",\"dateModified\":\"2024-10-07T16:01:29+00:00\",\"breadcrumb\":{\"@id\":\"https:\\\/\\\/www.cambe.pr.gov.br\\\/index.php\\\/cinco-alunos-cambeenses-com-deficiencia-visual-recebem-oculos-de-tecnologia-assistiva\\\/#breadcrumb\"},\"inLanguage\":\"pt-BR\",\"potentialAction\":[{\"@type\":\"ReadAction\",\"target\":[\"https:\\\/\\\/www.cambe.pr.gov.br\\\/index.php\\\/cinco-alunos-cambeenses-com-deficiencia-visual-recebem-oculos-de-tecnologia-assistiva\\\/\"]}]},{\"@type\":\"ImageObject\",\"inLanguage\":\"pt-BR\",\"@id\":\"https:\\\/\\\/www.cambe.pr.gov.br\\\/index.php\\\/cinco-alunos-cambeenses-com-deficiencia-visual-recebem-oculos-de-tecnologia-assistiva\\\/#primaryimage\",\"url\":\"http:\\\/\\\/www.cambe.pr.gov.br\\\/wp-content\\\/uploads\\\/2023\\\/09\\\/DSC_0119-1024x678.jpg\",\"contentUrl\":\"http:\\\/\\\/www.cambe.pr.gov.br\\\/wp-content\\\/uploads\\\/2023\\\/09\\\/DSC_0119-1024x678.jpg\"},{\"@type\":\"BreadcrumbList\",\"@id\":\"https:\\\/\\\/www.cambe.pr.gov.br\\\/index.php\\\/cinco-alunos-cambeenses-com-deficiencia-visual-recebem-oculos-de-tecnologia-assistiva\\\/#breadcrumb\",\"itemListElement\":[{\"@type\":\"ListItem\",\"position\":1,\"name\":\"In\u00edcio\",\"item\":\"https:\\\/\\\/www.cambe.pr.gov.br\\\/\"},{\"@type\":\"ListItem\",\"position\":2,\"name\":\"Cinco alunos cambeenses com defici\u00eancia visual recebem \u00f3culos de tecnologia assistiva\"}]},{\"@type\":\"WebSite\",\"@id\":\"https:\\\/\\\/www.cambe.pr.gov.br\\\/#website\",\"url\":\"https:\\\/\\\/www.cambe.pr.gov.br\\\/\",\"name\":\"Prefeitura de Camb\u00e9\",\"description\":\"UM GOVERNO PARA TODOS\",\"publisher\":{\"@id\":\"https:\\\/\\\/www.cambe.pr.gov.br\\\/#organization\"},\"potentialAction\":[{\"@type\":\"SearchAction\",\"target\":{\"@type\":\"EntryPoint\",\"urlTemplate\":\"https:\\\/\\\/www.cambe.pr.gov.br\\\/?s={search_term_string}\"},\"query-input\":{\"@type\":\"PropertyValueSpecification\",\"valueRequired\":true,\"valueName\":\"search_term_string\"}}],\"inLanguage\":\"pt-BR\"},{\"@type\":\"Organization\",\"@id\":\"https:\\\/\\\/www.cambe.pr.gov.br\\\/#organization\",\"name\":\"Prefeitura de Camb\u00e9\",\"url\":\"https:\\\/\\\/www.cambe.pr.gov.br\\\/\",\"logo\":{\"@type\":\"ImageObject\",\"inLanguage\":\"pt-BR\",\"@id\":\"https:\\\/\\\/www.cambe.pr.gov.br\\\/#\\\/schema\\\/logo\\\/image\\\/\",\"url\":\"https:\\\/\\\/www.cambe.pr.gov.br\\\/wp-content\\\/uploads\\\/2021\\\/01\\\/cropped-cropped-cambe_brazao-icone.png\",\"contentUrl\":\"https:\\\/\\\/www.cambe.pr.gov.br\\\/wp-content\\\/uploads\\\/2021\\\/01\\\/cropped-cropped-cambe_brazao-icone.png\",\"width\":240,\"height\":240,\"caption\":\"Prefeitura de Camb\u00e9\"},\"image\":{\"@id\":\"https:\\\/\\\/www.cambe.pr.gov.br\\\/#\\\/schema\\\/logo\\\/image\\\/\"},\"sameAs\":[\"https:\\\/\\\/m.facebook.com\\\/prefeituradecambe\"]},{\"@type\":\"Person\",\"@id\":\"https:\\\/\\\/www.cambe.pr.gov.br\\\/#\\\/schema\\\/person\\\/8e3ee69cb2cadf4b9f8377407227effd\",\"name\":\"Vinicius Augusto Batista Eira\",\"image\":{\"@type\":\"ImageObject\",\"inLanguage\":\"pt-BR\",\"@id\":\"https:\\\/\\\/secure.gravatar.com\\\/avatar\\\/1ec500de7013b30e1d4d7c8c3978f0e4433c37e5d5e4cd186239369c6440122b?s=96&d=mm&r=g\",\"url\":\"https:\\\/\\\/secure.gravatar.com\\\/avatar\\\/1ec500de7013b30e1d4d7c8c3978f0e4433c37e5d5e4cd186239369c6440122b?s=96&d=mm&r=g\",\"contentUrl\":\"https:\\\/\\\/secure.gravatar.com\\\/avatar\\\/1ec500de7013b30e1d4d7c8c3978f0e4433c37e5d5e4cd186239369c6440122b?s=96&d=mm&r=g\",\"caption\":\"Vinicius Augusto Batista Eira\"},\"url\":\"https:\\\/\\\/www.cambe.pr.gov.br\\\/index.php\\\/author\\\/vabeira\\\/\"}]}<\/script>\n<!-- \/ Yoast SEO plugin. -->","yoast_head_json":{"title":"Cinco alunos cambeenses com defici\u00eancia visual recebem \u00f3culos de tecnologia assistiva - Prefeitura de Camb\u00e9","robots":{"index":"index","follow":"follow","max-snippet":"max-snippet:-1","max-image-preview":"max-image-preview:large","max-video-preview":"max-video-preview:-1"},"canonical":"https:\/\/www.cambe.pr.gov.br\/index.php\/cinco-alunos-cambeenses-com-deficiencia-visual-recebem-oculos-de-tecnologia-assistiva\/","og_locale":"pt_BR","og_type":"article","og_title":"Cinco alunos cambeenses com defici\u00eancia visual recebem \u00f3culos de tecnologia assistiva - Prefeitura de Camb\u00e9","og_description":"Em uma cerim\u00f4nia cercada de muita emo\u00e7\u00e3o e alegria, cinco alunos com cegueira total e residentes de Camb\u00e9 receberam \u00f3culos com tecnologia assistiva. Os equipamentos OrCam MyEyes 2.0, que contam com reconhecimento de faces e leem textos em portugu\u00eas e ingl\u00eas, foram destinados pela Secretaria Estadual de Inova\u00e7\u00e3o, Moderniza\u00e7\u00e3o e Transforma\u00e7\u00e3o Digital para quatro estudantes [&hellip;]","og_url":"https:\/\/www.cambe.pr.gov.br\/index.php\/cinco-alunos-cambeenses-com-deficiencia-visual-recebem-oculos-de-tecnologia-assistiva\/","og_site_name":"Prefeitura de Camb\u00e9","article_publisher":"https:\/\/m.facebook.com\/prefeituradecambe","article_published_time":"2023-09-15T19:15:18+00:00","article_modified_time":"2024-10-07T16:01:29+00:00","og_image":[{"url":"http:\/\/www.cambe.pr.gov.br\/wp-content\/uploads\/2023\/09\/DSC_0119-1024x678.jpg","type":"","width":"","height":""}],"author":"Vinicius Augusto Batista Eira","twitter_card":"summary_large_image","twitter_misc":{"Escrito por":"Vinicius Augusto Batista Eira","Est. tempo de leitura":"4 minutos"},"schema":{"@context":"https:\/\/schema.org","@graph":[{"@type":"Article","@id":"https:\/\/www.cambe.pr.gov.br\/index.php\/cinco-alunos-cambeenses-com-deficiencia-visual-recebem-oculos-de-tecnologia-assistiva\/#article","isPartOf":{"@id":"https:\/\/www.cambe.pr.gov.br\/index.php\/cinco-alunos-cambeenses-com-deficiencia-visual-recebem-oculos-de-tecnologia-assistiva\/"},"author":{"name":"Vinicius Augusto Batista Eira","@id":"https:\/\/www.cambe.pr.gov.br\/#\/schema\/person\/8e3ee69cb2cadf4b9f8377407227effd"},"headline":"Cinco alunos cambeenses com defici\u00eancia visual recebem \u00f3culos de tecnologia assistiva","datePublished":"2023-09-15T19:15:18+00:00","dateModified":"2024-10-07T16:01:29+00:00","mainEntityOfPage":{"@id":"https:\/\/www.cambe.pr.gov.br\/index.php\/cinco-alunos-cambeenses-com-deficiencia-visual-recebem-oculos-de-tecnologia-assistiva\/"},"wordCount":831,"publisher":{"@id":"https:\/\/www.cambe.pr.gov.br\/#organization"},"image":{"@id":"https:\/\/www.cambe.pr.gov.br\/index.php\/cinco-alunos-cambeenses-com-deficiencia-visual-recebem-oculos-de-tecnologia-assistiva\/#primaryimage"},"thumbnailUrl":"http:\/\/www.cambe.pr.gov.br\/wp-content\/uploads\/2023\/09\/DSC_0119-1024x678.jpg","articleSection":["Principal"],"inLanguage":"pt-BR"},{"@type":"WebPage","@id":"https:\/\/www.cambe.pr.gov.br\/index.php\/cinco-alunos-cambeenses-com-deficiencia-visual-recebem-oculos-de-tecnologia-assistiva\/","url":"https:\/\/www.cambe.pr.gov.br\/index.php\/cinco-alunos-cambeenses-com-deficiencia-visual-recebem-oculos-de-tecnologia-assistiva\/","name":"Cinco alunos cambeenses com defici\u00eancia visual recebem \u00f3culos de tecnologia assistiva - Prefeitura de Camb\u00e9","isPartOf":{"@id":"https:\/\/www.cambe.pr.gov.br\/#website"},"primaryImageOfPage":{"@id":"https:\/\/www.cambe.pr.gov.br\/index.php\/cinco-alunos-cambeenses-com-deficiencia-visual-recebem-oculos-de-tecnologia-assistiva\/#primaryimage"},"image":{"@id":"https:\/\/www.cambe.pr.gov.br\/index.php\/cinco-alunos-cambeenses-com-deficiencia-visual-recebem-oculos-de-tecnologia-assistiva\/#primaryimage"},"thumbnailUrl":"http:\/\/www.cambe.pr.gov.br\/wp-content\/uploads\/2023\/09\/DSC_0119-1024x678.jpg","datePublished":"2023-09-15T19:15:18+00:00","dateModified":"2024-10-07T16:01:29+00:00","breadcrumb":{"@id":"https:\/\/www.cambe.pr.gov.br\/index.php\/cinco-alunos-cambeenses-com-deficiencia-visual-recebem-oculos-de-tecnologia-assistiva\/#breadcrumb"},"inLanguage":"pt-BR","potentialAction":[{"@type":"ReadAction","target":["https:\/\/www.cambe.pr.gov.br\/index.php\/cinco-alunos-cambeenses-com-deficiencia-visual-recebem-oculos-de-tecnologia-assistiva\/"]}]},{"@type":"ImageObject","inLanguage":"pt-BR","@id":"https:\/\/www.cambe.pr.gov.br\/index.php\/cinco-alunos-cambeenses-com-deficiencia-visual-recebem-oculos-de-tecnologia-assistiva\/#primaryimage","url":"http:\/\/www.cambe.pr.gov.br\/wp-content\/uploads\/2023\/09\/DSC_0119-1024x678.jpg","contentUrl":"http:\/\/www.cambe.pr.gov.br\/wp-content\/uploads\/2023\/09\/DSC_0119-1024x678.jpg"},{"@type":"BreadcrumbList","@id":"https:\/\/www.cambe.pr.gov.br\/index.php\/cinco-alunos-cambeenses-com-deficiencia-visual-recebem-oculos-de-tecnologia-assistiva\/#breadcrumb","itemListElement":[{"@type":"ListItem","position":1,"name":"In\u00edcio","item":"https:\/\/www.cambe.pr.gov.br\/"},{"@type":"ListItem","position":2,"name":"Cinco alunos cambeenses com defici\u00eancia visual recebem \u00f3culos de tecnologia assistiva"}]},{"@type":"WebSite","@id":"https:\/\/www.cambe.pr.gov.br\/#website","url":"https:\/\/www.cambe.pr.gov.br\/","name":"Prefeitura de Camb\u00e9","description":"UM GOVERNO PARA TODOS","publisher":{"@id":"https:\/\/www.cambe.pr.gov.br\/#organization"},"potentialAction":[{"@type":"SearchAction","target":{"@type":"EntryPoint","urlTemplate":"https:\/\/www.cambe.pr.gov.br\/?s={search_term_string}"},"query-input":{"@type":"PropertyValueSpecification","valueRequired":true,"valueName":"search_term_string"}}],"inLanguage":"pt-BR"},{"@type":"Organization","@id":"https:\/\/www.cambe.pr.gov.br\/#organization","name":"Prefeitura de Camb\u00e9","url":"https:\/\/www.cambe.pr.gov.br\/","logo":{"@type":"ImageObject","inLanguage":"pt-BR","@id":"https:\/\/www.cambe.pr.gov.br\/#\/schema\/logo\/image\/","url":"https:\/\/www.cambe.pr.gov.br\/wp-content\/uploads\/2021\/01\/cropped-cropped-cambe_brazao-icone.png","contentUrl":"https:\/\/www.cambe.pr.gov.br\/wp-content\/uploads\/2021\/01\/cropped-cropped-cambe_brazao-icone.png","width":240,"height":240,"caption":"Prefeitura de Camb\u00e9"},"image":{"@id":"https:\/\/www.cambe.pr.gov.br\/#\/schema\/logo\/image\/"},"sameAs":["https:\/\/m.facebook.com\/prefeituradecambe"]},{"@type":"Person","@id":"https:\/\/www.cambe.pr.gov.br\/#\/schema\/person\/8e3ee69cb2cadf4b9f8377407227effd","name":"Vinicius Augusto Batista Eira","image":{"@type":"ImageObject","inLanguage":"pt-BR","@id":"https:\/\/secure.gravatar.com\/avatar\/1ec500de7013b30e1d4d7c8c3978f0e4433c37e5d5e4cd186239369c6440122b?s=96&d=mm&r=g","url":"https:\/\/secure.gravatar.com\/avatar\/1ec500de7013b30e1d4d7c8c3978f0e4433c37e5d5e4cd186239369c6440122b?s=96&d=mm&r=g","contentUrl":"https:\/\/secure.gravatar.com\/avatar\/1ec500de7013b30e1d4d7c8c3978f0e4433c37e5d5e4cd186239369c6440122b?s=96&d=mm&r=g","caption":"Vinicius Augusto Batista Eira"},"url":"https:\/\/www.cambe.pr.gov.br\/index.php\/author\/vabeira\/"}]}},"_links":{"self":[{"href":"https:\/\/www.cambe.pr.gov.br\/index.php\/wp-json\/wp\/v2\/posts\/12076","targetHints":{"allow":["GET"]}}],"collection":[{"href":"https:\/\/www.cambe.pr.gov.br\/index.php\/wp-json\/wp\/v2\/posts"}],"about":[{"href":"https:\/\/www.cambe.pr.gov.br\/index.php\/wp-json\/wp\/v2\/types\/post"}],"author":[{"embeddable":true,"href":"https:\/\/www.cambe.pr.gov.br\/index.php\/wp-json\/wp\/v2\/users\/16"}],"replies":[{"embeddable":true,"href":"https:\/\/www.cambe.pr.gov.br\/index.php\/wp-json\/wp\/v2\/comments?post=12076"}],"version-history":[{"count":3,"href":"https:\/\/www.cambe.pr.gov.br\/index.php\/wp-json\/wp\/v2\/posts\/12076\/revisions"}],"predecessor-version":[{"id":12084,"href":"https:\/\/www.cambe.pr.gov.br\/index.php\/wp-json\/wp\/v2\/posts\/12076\/revisions\/12084"}],"wp:attachment":[{"href":"https:\/\/www.cambe.pr.gov.br\/index.php\/wp-json\/wp\/v2\/media?parent=12076"}],"wp:term":[{"taxonomy":"category","embeddable":true,"href":"https:\/\/www.cambe.pr.gov.br\/index.php\/wp-json\/wp\/v2\/categories?post=12076"},{"taxonomy":"post_tag","embeddable":true,"href":"https:\/\/www.cambe.pr.gov.br\/index.php\/wp-json\/wp\/v2\/tags?post=12076"}],"curies":[{"name":"wp","href":"https:\/\/api.w.org\/{rel}","templated":true}]}}