{"id":11970,"date":"2023-09-06T14:24:13","date_gmt":"2023-09-06T17:24:13","guid":{"rendered":"http:\/\/www.cambe.pr.gov.br\/?p=11970"},"modified":"2024-10-07T13:01:28","modified_gmt":"2024-10-07T16:01:28","slug":"inscricoes-para-corrida-de-rua-que-inicia-as-comemoracoes-do-aniversario-de-cambe-estao-abertas","status":"publish","type":"post","link":"https:\/\/www.cambe.pr.gov.br\/index.php\/inscricoes-para-corrida-de-rua-que-inicia-as-comemoracoes-do-aniversario-de-cambe-estao-abertas\/","title":{"rendered":"Inscri\u00e7\u00f5es para corrida de rua que inicia as comemora\u00e7\u00f5es do anivers\u00e1rio de Camb\u00e9 est\u00e3o abertas"},"content":{"rendered":"<p style=\"text-align: justify;\"><span style=\"font-weight: 400; font-family: arial, helvetica, sans-serif;\"><img fetchpriority=\"high\" decoding=\"async\" class=\"size-large wp-image-7964 alignleft\" src=\"https:\/\/www.cambe.pr.gov.br\/wp-content\/uploads\/2022\/09\/corre-1024x683.jpg\" alt=\"\" width=\"610\" height=\"407\" srcset=\"https:\/\/www.cambe.pr.gov.br\/wp-content\/uploads\/2022\/09\/corre-1024x683.jpg 1024w, https:\/\/www.cambe.pr.gov.br\/wp-content\/uploads\/2022\/09\/corre-300x200.jpg 300w, https:\/\/www.cambe.pr.gov.br\/wp-content\/uploads\/2022\/09\/corre-768x512.jpg 768w, https:\/\/www.cambe.pr.gov.br\/wp-content\/uploads\/2022\/09\/corre-1536x1024.jpg 1536w, https:\/\/www.cambe.pr.gov.br\/wp-content\/uploads\/2022\/09\/corre-2048x1365.jpg 2048w\" sizes=\"(max-width: 610px) 100vw, 610px\" \/>Est\u00e3o abertas as inscri\u00e7\u00f5es para a corrida AZ Localiza A\u00ed Run, evento que abre o m\u00eas de comemora\u00e7\u00f5es do anivers\u00e1rio de 76 anos de Camb\u00e9. A corrida, que conta com parceria da Secretaria Municipal de Esportes e Lazer, ocorre no dia 1\/10, domingo, com largada prevista \u00e0s 7 horas, em frente ao Centro Cultural. A prova ter\u00e1 percursos de cinco e 10 quil\u00f4metros, e poder\u00e3o participar atletas do p\u00fablico masculino e feminino a partir de 18 anos de idade.<\/span><\/p>\n<p style=\"text-align: justify;\"><span style=\"font-weight: 400; font-family: arial, helvetica, sans-serif;\">Conforme informa\u00e7\u00f5es de uma das organizadoras da prova, Danila Capel, a corrida de rua ter\u00e1 percurso totalmente urbano, passando pelas ruas de Camb\u00e9, com volta de cinco quil\u00f4metros. A concentra\u00e7\u00e3o se dar\u00e1 a partir das 6 horas, com aquecimento \u00e0s 6h30 e largada \u00e0s 7h para o tra\u00e7ado de cinco quil\u00f4metros e 7h10 para o tra\u00e7ado de 10 quil\u00f4metros. A expectativa da organiza\u00e7\u00e3o \u00e9 de que de 300 a 400 atletas participem.<\/span><\/p>\n<p style=\"text-align: justify;\"><span style=\"font-weight: 400; font-family: arial, helvetica, sans-serif;\">As inscri\u00e7\u00f5es podem ser feitas atrav\u00e9s <a href=\"https:\/\/centraldacorrida.com.br\/evento\/azlocalizaa%C3%ADrun-\"><strong>deste link<\/strong><\/a>, at\u00e9 o dia 20\/09, com vagas limitadas. A taxa de inscri\u00e7\u00e3o \u00e9 de R$ 65, mais taxa de servi\u00e7o do site. Os atletas ainda receber\u00e3o uma camiseta, o n\u00famero de peito e uma medalha de participa\u00e7\u00e3o que ser\u00e1 distribu\u00edda no fim da prova. Os tr\u00eas primeiros colocados de cada categoria tamb\u00e9m receber\u00e3o trof\u00e9us.<\/span><\/p>\n<p style=\"text-align: justify;\"><span style=\"font-weight: 400; font-family: arial, helvetica, sans-serif;\">Segundo a organiza\u00e7\u00e3o, a finalidade da corrida \u00e9 o incentivo \u00e0 pr\u00e1tica esportiva, e tamb\u00e9m comemorar o anivers\u00e1rio de Camb\u00e9 de forma \u00fanica e especial, de um jeito que fique marcado na hist\u00f3ria da cidade e na vida de cada atleta que participar da prova.<\/span><\/p>\n","protected":false},"excerpt":{"rendered":"<p>Est\u00e3o abertas as inscri\u00e7\u00f5es para a corrida AZ Localiza A\u00ed Run, evento que abre o m\u00eas de comemora\u00e7\u00f5es do anivers\u00e1rio de 76 anos de Camb\u00e9. A corrida, que conta com parceria da Secretaria Municipal de Esportes e Lazer, ocorre no dia 1\/10, domingo, com largada prevista \u00e0s 7 horas, em frente ao Centro Cultural. A [&hellip;]<\/p>\n","protected":false},"author":16,"featured_media":0,"comment_status":"closed","ping_status":"open","sticky":false,"template":"","format":"standard","meta":{"ngg_post_thumbnail":0,"footnotes":""},"categories":[1],"tags":[],"class_list":["post-11970","post","type-post","status-publish","format-standard","hentry","category-principal"],"yoast_head":"<!-- This site is optimized with the Yoast SEO plugin v27.4 - https:\/\/yoast.com\/product\/yoast-seo-wordpress\/ -->\n<title>Inscri\u00e7\u00f5es para corrida de rua que inicia as comemora\u00e7\u00f5es do anivers\u00e1rio de Camb\u00e9 est\u00e3o abertas - Prefeitura de Camb\u00e9<\/title>\n<meta name=\"robots\" content=\"index, follow, max-snippet:-1, max-image-preview:large, max-video-preview:-1\" \/>\n<link rel=\"canonical\" href=\"https:\/\/www.cambe.pr.gov.br\/index.php\/inscricoes-para-corrida-de-rua-que-inicia-as-comemoracoes-do-aniversario-de-cambe-estao-abertas\/\" \/>\n<meta property=\"og:locale\" content=\"pt_BR\" \/>\n<meta property=\"og:type\" content=\"article\" \/>\n<meta property=\"og:title\" content=\"Inscri\u00e7\u00f5es para corrida de rua que inicia as comemora\u00e7\u00f5es do anivers\u00e1rio de Camb\u00e9 est\u00e3o abertas - Prefeitura de Camb\u00e9\" \/>\n<meta property=\"og:description\" content=\"Est\u00e3o abertas as inscri\u00e7\u00f5es para a corrida AZ Localiza A\u00ed Run, evento que abre o m\u00eas de comemora\u00e7\u00f5es do anivers\u00e1rio de 76 anos de Camb\u00e9. A corrida, que conta com parceria da Secretaria Municipal de Esportes e Lazer, ocorre no dia 1\/10, domingo, com largada prevista \u00e0s 7 horas, em frente ao Centro Cultural. A [&hellip;]\" \/>\n<meta property=\"og:url\" content=\"https:\/\/www.cambe.pr.gov.br\/index.php\/inscricoes-para-corrida-de-rua-que-inicia-as-comemoracoes-do-aniversario-de-cambe-estao-abertas\/\" \/>\n<meta property=\"og:site_name\" content=\"Prefeitura de Camb\u00e9\" \/>\n<meta property=\"article:publisher\" content=\"https:\/\/m.facebook.com\/prefeituradecambe\" \/>\n<meta property=\"article:published_time\" content=\"2023-09-06T17:24:13+00:00\" \/>\n<meta property=\"article:modified_time\" content=\"2024-10-07T16:01:28+00:00\" \/>\n<meta property=\"og:image\" content=\"http:\/\/www.cambe.pr.gov.br\/wp-content\/uploads\/2022\/09\/corre-1024x683.jpg\" \/>\n<meta name=\"author\" content=\"Vinicius Augusto Batista Eira\" \/>\n<meta name=\"twitter:card\" content=\"summary_large_image\" \/>\n<meta name=\"twitter:label1\" content=\"Escrito por\" \/>\n\t<meta name=\"twitter:data1\" content=\"Vinicius Augusto Batista Eira\" \/>\n\t<meta name=\"twitter:label2\" content=\"Est. tempo de leitura\" \/>\n\t<meta name=\"twitter:data2\" content=\"1 minuto\" \/>\n<script type=\"application\/ld+json\" class=\"yoast-schema-graph\">{\"@context\":\"https:\\\/\\\/schema.org\",\"@graph\":[{\"@type\":\"Article\",\"@id\":\"https:\\\/\\\/www.cambe.pr.gov.br\\\/index.php\\\/inscricoes-para-corrida-de-rua-que-inicia-as-comemoracoes-do-aniversario-de-cambe-estao-abertas\\\/#article\",\"isPartOf\":{\"@id\":\"https:\\\/\\\/www.cambe.pr.gov.br\\\/index.php\\\/inscricoes-para-corrida-de-rua-que-inicia-as-comemoracoes-do-aniversario-de-cambe-estao-abertas\\\/\"},\"author\":{\"name\":\"Vinicius Augusto Batista Eira\",\"@id\":\"https:\\\/\\\/www.cambe.pr.gov.br\\\/#\\\/schema\\\/person\\\/8e3ee69cb2cadf4b9f8377407227effd\"},\"headline\":\"Inscri\u00e7\u00f5es para corrida de rua que inicia as comemora\u00e7\u00f5es do anivers\u00e1rio de Camb\u00e9 est\u00e3o abertas\",\"datePublished\":\"2023-09-06T17:24:13+00:00\",\"dateModified\":\"2024-10-07T16:01:28+00:00\",\"mainEntityOfPage\":{\"@id\":\"https:\\\/\\\/www.cambe.pr.gov.br\\\/index.php\\\/inscricoes-para-corrida-de-rua-que-inicia-as-comemoracoes-do-aniversario-de-cambe-estao-abertas\\\/\"},\"wordCount\":294,\"publisher\":{\"@id\":\"https:\\\/\\\/www.cambe.pr.gov.br\\\/#organization\"},\"image\":{\"@id\":\"https:\\\/\\\/www.cambe.pr.gov.br\\\/index.php\\\/inscricoes-para-corrida-de-rua-que-inicia-as-comemoracoes-do-aniversario-de-cambe-estao-abertas\\\/#primaryimage\"},\"thumbnailUrl\":\"http:\\\/\\\/www.cambe.pr.gov.br\\\/wp-content\\\/uploads\\\/2022\\\/09\\\/corre-1024x683.jpg\",\"articleSection\":[\"Principal\"],\"inLanguage\":\"pt-BR\"},{\"@type\":\"WebPage\",\"@id\":\"https:\\\/\\\/www.cambe.pr.gov.br\\\/index.php\\\/inscricoes-para-corrida-de-rua-que-inicia-as-comemoracoes-do-aniversario-de-cambe-estao-abertas\\\/\",\"url\":\"https:\\\/\\\/www.cambe.pr.gov.br\\\/index.php\\\/inscricoes-para-corrida-de-rua-que-inicia-as-comemoracoes-do-aniversario-de-cambe-estao-abertas\\\/\",\"name\":\"Inscri\u00e7\u00f5es para corrida de rua que inicia as comemora\u00e7\u00f5es do anivers\u00e1rio de Camb\u00e9 est\u00e3o abertas - Prefeitura de Camb\u00e9\",\"isPartOf\":{\"@id\":\"https:\\\/\\\/www.cambe.pr.gov.br\\\/#website\"},\"primaryImageOfPage\":{\"@id\":\"https:\\\/\\\/www.cambe.pr.gov.br\\\/index.php\\\/inscricoes-para-corrida-de-rua-que-inicia-as-comemoracoes-do-aniversario-de-cambe-estao-abertas\\\/#primaryimage\"},\"image\":{\"@id\":\"https:\\\/\\\/www.cambe.pr.gov.br\\\/index.php\\\/inscricoes-para-corrida-de-rua-que-inicia-as-comemoracoes-do-aniversario-de-cambe-estao-abertas\\\/#primaryimage\"},\"thumbnailUrl\":\"http:\\\/\\\/www.cambe.pr.gov.br\\\/wp-content\\\/uploads\\\/2022\\\/09\\\/corre-1024x683.jpg\",\"datePublished\":\"2023-09-06T17:24:13+00:00\",\"dateModified\":\"2024-10-07T16:01:28+00:00\",\"breadcrumb\":{\"@id\":\"https:\\\/\\\/www.cambe.pr.gov.br\\\/index.php\\\/inscricoes-para-corrida-de-rua-que-inicia-as-comemoracoes-do-aniversario-de-cambe-estao-abertas\\\/#breadcrumb\"},\"inLanguage\":\"pt-BR\",\"potentialAction\":[{\"@type\":\"ReadAction\",\"target\":[\"https:\\\/\\\/www.cambe.pr.gov.br\\\/index.php\\\/inscricoes-para-corrida-de-rua-que-inicia-as-comemoracoes-do-aniversario-de-cambe-estao-abertas\\\/\"]}]},{\"@type\":\"ImageObject\",\"inLanguage\":\"pt-BR\",\"@id\":\"https:\\\/\\\/www.cambe.pr.gov.br\\\/index.php\\\/inscricoes-para-corrida-de-rua-que-inicia-as-comemoracoes-do-aniversario-de-cambe-estao-abertas\\\/#primaryimage\",\"url\":\"http:\\\/\\\/www.cambe.pr.gov.br\\\/wp-content\\\/uploads\\\/2022\\\/09\\\/corre-1024x683.jpg\",\"contentUrl\":\"http:\\\/\\\/www.cambe.pr.gov.br\\\/wp-content\\\/uploads\\\/2022\\\/09\\\/corre-1024x683.jpg\"},{\"@type\":\"BreadcrumbList\",\"@id\":\"https:\\\/\\\/www.cambe.pr.gov.br\\\/index.php\\\/inscricoes-para-corrida-de-rua-que-inicia-as-comemoracoes-do-aniversario-de-cambe-estao-abertas\\\/#breadcrumb\",\"itemListElement\":[{\"@type\":\"ListItem\",\"position\":1,\"name\":\"In\u00edcio\",\"item\":\"https:\\\/\\\/www.cambe.pr.gov.br\\\/\"},{\"@type\":\"ListItem\",\"position\":2,\"name\":\"Inscri\u00e7\u00f5es para corrida de rua que inicia as comemora\u00e7\u00f5es do anivers\u00e1rio de Camb\u00e9 est\u00e3o abertas\"}]},{\"@type\":\"WebSite\",\"@id\":\"https:\\\/\\\/www.cambe.pr.gov.br\\\/#website\",\"url\":\"https:\\\/\\\/www.cambe.pr.gov.br\\\/\",\"name\":\"Prefeitura de Camb\u00e9\",\"description\":\"UM GOVERNO PARA TODOS\",\"publisher\":{\"@id\":\"https:\\\/\\\/www.cambe.pr.gov.br\\\/#organization\"},\"potentialAction\":[{\"@type\":\"SearchAction\",\"target\":{\"@type\":\"EntryPoint\",\"urlTemplate\":\"https:\\\/\\\/www.cambe.pr.gov.br\\\/?s={search_term_string}\"},\"query-input\":{\"@type\":\"PropertyValueSpecification\",\"valueRequired\":true,\"valueName\":\"search_term_string\"}}],\"inLanguage\":\"pt-BR\"},{\"@type\":\"Organization\",\"@id\":\"https:\\\/\\\/www.cambe.pr.gov.br\\\/#organization\",\"name\":\"Prefeitura de Camb\u00e9\",\"url\":\"https:\\\/\\\/www.cambe.pr.gov.br\\\/\",\"logo\":{\"@type\":\"ImageObject\",\"inLanguage\":\"pt-BR\",\"@id\":\"https:\\\/\\\/www.cambe.pr.gov.br\\\/#\\\/schema\\\/logo\\\/image\\\/\",\"url\":\"https:\\\/\\\/www.cambe.pr.gov.br\\\/wp-content\\\/uploads\\\/2021\\\/01\\\/cropped-cropped-cambe_brazao-icone.png\",\"contentUrl\":\"https:\\\/\\\/www.cambe.pr.gov.br\\\/wp-content\\\/uploads\\\/2021\\\/01\\\/cropped-cropped-cambe_brazao-icone.png\",\"width\":240,\"height\":240,\"caption\":\"Prefeitura de Camb\u00e9\"},\"image\":{\"@id\":\"https:\\\/\\\/www.cambe.pr.gov.br\\\/#\\\/schema\\\/logo\\\/image\\\/\"},\"sameAs\":[\"https:\\\/\\\/m.facebook.com\\\/prefeituradecambe\"]},{\"@type\":\"Person\",\"@id\":\"https:\\\/\\\/www.cambe.pr.gov.br\\\/#\\\/schema\\\/person\\\/8e3ee69cb2cadf4b9f8377407227effd\",\"name\":\"Vinicius Augusto Batista Eira\",\"image\":{\"@type\":\"ImageObject\",\"inLanguage\":\"pt-BR\",\"@id\":\"https:\\\/\\\/secure.gravatar.com\\\/avatar\\\/1ec500de7013b30e1d4d7c8c3978f0e4433c37e5d5e4cd186239369c6440122b?s=96&d=mm&r=g\",\"url\":\"https:\\\/\\\/secure.gravatar.com\\\/avatar\\\/1ec500de7013b30e1d4d7c8c3978f0e4433c37e5d5e4cd186239369c6440122b?s=96&d=mm&r=g\",\"contentUrl\":\"https:\\\/\\\/secure.gravatar.com\\\/avatar\\\/1ec500de7013b30e1d4d7c8c3978f0e4433c37e5d5e4cd186239369c6440122b?s=96&d=mm&r=g\",\"caption\":\"Vinicius Augusto Batista Eira\"},\"url\":\"https:\\\/\\\/www.cambe.pr.gov.br\\\/index.php\\\/author\\\/vabeira\\\/\"}]}<\/script>\n<!-- \/ Yoast SEO plugin. -->","yoast_head_json":{"title":"Inscri\u00e7\u00f5es para corrida de rua que inicia as comemora\u00e7\u00f5es do anivers\u00e1rio de Camb\u00e9 est\u00e3o abertas - Prefeitura de Camb\u00e9","robots":{"index":"index","follow":"follow","max-snippet":"max-snippet:-1","max-image-preview":"max-image-preview:large","max-video-preview":"max-video-preview:-1"},"canonical":"https:\/\/www.cambe.pr.gov.br\/index.php\/inscricoes-para-corrida-de-rua-que-inicia-as-comemoracoes-do-aniversario-de-cambe-estao-abertas\/","og_locale":"pt_BR","og_type":"article","og_title":"Inscri\u00e7\u00f5es para corrida de rua que inicia as comemora\u00e7\u00f5es do anivers\u00e1rio de Camb\u00e9 est\u00e3o abertas - Prefeitura de Camb\u00e9","og_description":"Est\u00e3o abertas as inscri\u00e7\u00f5es para a corrida AZ Localiza A\u00ed Run, evento que abre o m\u00eas de comemora\u00e7\u00f5es do anivers\u00e1rio de 76 anos de Camb\u00e9. A corrida, que conta com parceria da Secretaria Municipal de Esportes e Lazer, ocorre no dia 1\/10, domingo, com largada prevista \u00e0s 7 horas, em frente ao Centro Cultural. A [&hellip;]","og_url":"https:\/\/www.cambe.pr.gov.br\/index.php\/inscricoes-para-corrida-de-rua-que-inicia-as-comemoracoes-do-aniversario-de-cambe-estao-abertas\/","og_site_name":"Prefeitura de Camb\u00e9","article_publisher":"https:\/\/m.facebook.com\/prefeituradecambe","article_published_time":"2023-09-06T17:24:13+00:00","article_modified_time":"2024-10-07T16:01:28+00:00","og_image":[{"url":"http:\/\/www.cambe.pr.gov.br\/wp-content\/uploads\/2022\/09\/corre-1024x683.jpg","type":"","width":"","height":""}],"author":"Vinicius Augusto Batista Eira","twitter_card":"summary_large_image","twitter_misc":{"Escrito por":"Vinicius Augusto Batista Eira","Est. tempo de leitura":"1 minuto"},"schema":{"@context":"https:\/\/schema.org","@graph":[{"@type":"Article","@id":"https:\/\/www.cambe.pr.gov.br\/index.php\/inscricoes-para-corrida-de-rua-que-inicia-as-comemoracoes-do-aniversario-de-cambe-estao-abertas\/#article","isPartOf":{"@id":"https:\/\/www.cambe.pr.gov.br\/index.php\/inscricoes-para-corrida-de-rua-que-inicia-as-comemoracoes-do-aniversario-de-cambe-estao-abertas\/"},"author":{"name":"Vinicius Augusto Batista Eira","@id":"https:\/\/www.cambe.pr.gov.br\/#\/schema\/person\/8e3ee69cb2cadf4b9f8377407227effd"},"headline":"Inscri\u00e7\u00f5es para corrida de rua que inicia as comemora\u00e7\u00f5es do anivers\u00e1rio de Camb\u00e9 est\u00e3o abertas","datePublished":"2023-09-06T17:24:13+00:00","dateModified":"2024-10-07T16:01:28+00:00","mainEntityOfPage":{"@id":"https:\/\/www.cambe.pr.gov.br\/index.php\/inscricoes-para-corrida-de-rua-que-inicia-as-comemoracoes-do-aniversario-de-cambe-estao-abertas\/"},"wordCount":294,"publisher":{"@id":"https:\/\/www.cambe.pr.gov.br\/#organization"},"image":{"@id":"https:\/\/www.cambe.pr.gov.br\/index.php\/inscricoes-para-corrida-de-rua-que-inicia-as-comemoracoes-do-aniversario-de-cambe-estao-abertas\/#primaryimage"},"thumbnailUrl":"http:\/\/www.cambe.pr.gov.br\/wp-content\/uploads\/2022\/09\/corre-1024x683.jpg","articleSection":["Principal"],"inLanguage":"pt-BR"},{"@type":"WebPage","@id":"https:\/\/www.cambe.pr.gov.br\/index.php\/inscricoes-para-corrida-de-rua-que-inicia-as-comemoracoes-do-aniversario-de-cambe-estao-abertas\/","url":"https:\/\/www.cambe.pr.gov.br\/index.php\/inscricoes-para-corrida-de-rua-que-inicia-as-comemoracoes-do-aniversario-de-cambe-estao-abertas\/","name":"Inscri\u00e7\u00f5es para corrida de rua que inicia as comemora\u00e7\u00f5es do anivers\u00e1rio de Camb\u00e9 est\u00e3o abertas - Prefeitura de Camb\u00e9","isPartOf":{"@id":"https:\/\/www.cambe.pr.gov.br\/#website"},"primaryImageOfPage":{"@id":"https:\/\/www.cambe.pr.gov.br\/index.php\/inscricoes-para-corrida-de-rua-que-inicia-as-comemoracoes-do-aniversario-de-cambe-estao-abertas\/#primaryimage"},"image":{"@id":"https:\/\/www.cambe.pr.gov.br\/index.php\/inscricoes-para-corrida-de-rua-que-inicia-as-comemoracoes-do-aniversario-de-cambe-estao-abertas\/#primaryimage"},"thumbnailUrl":"http:\/\/www.cambe.pr.gov.br\/wp-content\/uploads\/2022\/09\/corre-1024x683.jpg","datePublished":"2023-09-06T17:24:13+00:00","dateModified":"2024-10-07T16:01:28+00:00","breadcrumb":{"@id":"https:\/\/www.cambe.pr.gov.br\/index.php\/inscricoes-para-corrida-de-rua-que-inicia-as-comemoracoes-do-aniversario-de-cambe-estao-abertas\/#breadcrumb"},"inLanguage":"pt-BR","potentialAction":[{"@type":"ReadAction","target":["https:\/\/www.cambe.pr.gov.br\/index.php\/inscricoes-para-corrida-de-rua-que-inicia-as-comemoracoes-do-aniversario-de-cambe-estao-abertas\/"]}]},{"@type":"ImageObject","inLanguage":"pt-BR","@id":"https:\/\/www.cambe.pr.gov.br\/index.php\/inscricoes-para-corrida-de-rua-que-inicia-as-comemoracoes-do-aniversario-de-cambe-estao-abertas\/#primaryimage","url":"http:\/\/www.cambe.pr.gov.br\/wp-content\/uploads\/2022\/09\/corre-1024x683.jpg","contentUrl":"http:\/\/www.cambe.pr.gov.br\/wp-content\/uploads\/2022\/09\/corre-1024x683.jpg"},{"@type":"BreadcrumbList","@id":"https:\/\/www.cambe.pr.gov.br\/index.php\/inscricoes-para-corrida-de-rua-que-inicia-as-comemoracoes-do-aniversario-de-cambe-estao-abertas\/#breadcrumb","itemListElement":[{"@type":"ListItem","position":1,"name":"In\u00edcio","item":"https:\/\/www.cambe.pr.gov.br\/"},{"@type":"ListItem","position":2,"name":"Inscri\u00e7\u00f5es para corrida de rua que inicia as comemora\u00e7\u00f5es do anivers\u00e1rio de Camb\u00e9 est\u00e3o abertas"}]},{"@type":"WebSite","@id":"https:\/\/www.cambe.pr.gov.br\/#website","url":"https:\/\/www.cambe.pr.gov.br\/","name":"Prefeitura de Camb\u00e9","description":"UM GOVERNO PARA TODOS","publisher":{"@id":"https:\/\/www.cambe.pr.gov.br\/#organization"},"potentialAction":[{"@type":"SearchAction","target":{"@type":"EntryPoint","urlTemplate":"https:\/\/www.cambe.pr.gov.br\/?s={search_term_string}"},"query-input":{"@type":"PropertyValueSpecification","valueRequired":true,"valueName":"search_term_string"}}],"inLanguage":"pt-BR"},{"@type":"Organization","@id":"https:\/\/www.cambe.pr.gov.br\/#organization","name":"Prefeitura de Camb\u00e9","url":"https:\/\/www.cambe.pr.gov.br\/","logo":{"@type":"ImageObject","inLanguage":"pt-BR","@id":"https:\/\/www.cambe.pr.gov.br\/#\/schema\/logo\/image\/","url":"https:\/\/www.cambe.pr.gov.br\/wp-content\/uploads\/2021\/01\/cropped-cropped-cambe_brazao-icone.png","contentUrl":"https:\/\/www.cambe.pr.gov.br\/wp-content\/uploads\/2021\/01\/cropped-cropped-cambe_brazao-icone.png","width":240,"height":240,"caption":"Prefeitura de Camb\u00e9"},"image":{"@id":"https:\/\/www.cambe.pr.gov.br\/#\/schema\/logo\/image\/"},"sameAs":["https:\/\/m.facebook.com\/prefeituradecambe"]},{"@type":"Person","@id":"https:\/\/www.cambe.pr.gov.br\/#\/schema\/person\/8e3ee69cb2cadf4b9f8377407227effd","name":"Vinicius Augusto Batista Eira","image":{"@type":"ImageObject","inLanguage":"pt-BR","@id":"https:\/\/secure.gravatar.com\/avatar\/1ec500de7013b30e1d4d7c8c3978f0e4433c37e5d5e4cd186239369c6440122b?s=96&d=mm&r=g","url":"https:\/\/secure.gravatar.com\/avatar\/1ec500de7013b30e1d4d7c8c3978f0e4433c37e5d5e4cd186239369c6440122b?s=96&d=mm&r=g","contentUrl":"https:\/\/secure.gravatar.com\/avatar\/1ec500de7013b30e1d4d7c8c3978f0e4433c37e5d5e4cd186239369c6440122b?s=96&d=mm&r=g","caption":"Vinicius Augusto Batista Eira"},"url":"https:\/\/www.cambe.pr.gov.br\/index.php\/author\/vabeira\/"}]}},"_links":{"self":[{"href":"https:\/\/www.cambe.pr.gov.br\/index.php\/wp-json\/wp\/v2\/posts\/11970","targetHints":{"allow":["GET"]}}],"collection":[{"href":"https:\/\/www.cambe.pr.gov.br\/index.php\/wp-json\/wp\/v2\/posts"}],"about":[{"href":"https:\/\/www.cambe.pr.gov.br\/index.php\/wp-json\/wp\/v2\/types\/post"}],"author":[{"embeddable":true,"href":"https:\/\/www.cambe.pr.gov.br\/index.php\/wp-json\/wp\/v2\/users\/16"}],"replies":[{"embeddable":true,"href":"https:\/\/www.cambe.pr.gov.br\/index.php\/wp-json\/wp\/v2\/comments?post=11970"}],"version-history":[{"count":6,"href":"https:\/\/www.cambe.pr.gov.br\/index.php\/wp-json\/wp\/v2\/posts\/11970\/revisions"}],"predecessor-version":[{"id":12104,"href":"https:\/\/www.cambe.pr.gov.br\/index.php\/wp-json\/wp\/v2\/posts\/11970\/revisions\/12104"}],"wp:attachment":[{"href":"https:\/\/www.cambe.pr.gov.br\/index.php\/wp-json\/wp\/v2\/media?parent=11970"}],"wp:term":[{"taxonomy":"category","embeddable":true,"href":"https:\/\/www.cambe.pr.gov.br\/index.php\/wp-json\/wp\/v2\/categories?post=11970"},{"taxonomy":"post_tag","embeddable":true,"href":"https:\/\/www.cambe.pr.gov.br\/index.php\/wp-json\/wp\/v2\/tags?post=11970"}],"curies":[{"name":"wp","href":"https:\/\/api.w.org\/{rel}","templated":true}]}}