{"id":11929,"date":"2023-09-12T10:14:58","date_gmt":"2023-09-12T13:14:58","guid":{"rendered":"http:\/\/www.cambe.pr.gov.br\/?p=11929"},"modified":"2024-10-07T13:01:28","modified_gmt":"2024-10-07T16:01:28","slug":"mais-de-45-mil-m-de-asfalto-serao-revitalizados-nos-proximos-meses","status":"publish","type":"post","link":"https:\/\/www.cambe.pr.gov.br\/index.php\/mais-de-45-mil-m-de-asfalto-serao-revitalizados-nos-proximos-meses\/","title":{"rendered":"Mais de 45 mil m\u00b2 de asfalto ser\u00e3o revitalizados nos pr\u00f3ximos meses em v\u00e1rios bairros de Camb\u00e9"},"content":{"rendered":"<p style=\"text-align: justify;\"><span style=\"font-weight: 400; font-family: arial, helvetica, sans-serif;\"><img fetchpriority=\"high\" decoding=\"async\" class=\"size-large wp-image-12024 alignleft\" src=\"https:\/\/www.cambe.pr.gov.br\/wp-content\/uploads\/2023\/08\/asfalto01-1024x576.jpg\" alt=\"\" width=\"610\" height=\"343\" srcset=\"https:\/\/www.cambe.pr.gov.br\/wp-content\/uploads\/2023\/08\/asfalto01-1024x576.jpg 1024w, https:\/\/www.cambe.pr.gov.br\/wp-content\/uploads\/2023\/08\/asfalto01-300x169.jpg 300w, https:\/\/www.cambe.pr.gov.br\/wp-content\/uploads\/2023\/08\/asfalto01-768x432.jpg 768w, https:\/\/www.cambe.pr.gov.br\/wp-content\/uploads\/2023\/08\/asfalto01-1536x864.jpg 1536w, https:\/\/www.cambe.pr.gov.br\/wp-content\/uploads\/2023\/08\/asfalto01-2048x1152.jpg 2048w\" sizes=\"(max-width: 610px) 100vw, 610px\" \/>O maior programa de recupera\u00e7\u00e3o asf\u00e1ltica da hist\u00f3ria segue a todo vapor, e ap\u00f3s a conclus\u00e3o das obras no entorno do Est\u00e1dio Jos\u00e9 Garbelini, o prefeito Conrado Scheller assinou a ordem de servi\u00e7o de mais um grande recapeamento asf\u00e1ltico no munic\u00edpio. Ao todo, ser\u00e3o investidos mais de R$ 2 milh\u00f5es em uma \u00e1rea de mais de 33 mil m\u00b2, contemplando trechos de seis vias. E tamb\u00e9m, a Companhia de Desenvolvimento de Camb\u00e9 (Comdec) ir\u00e1 fazer interven\u00e7\u00f5es pontuais de manuten\u00e7\u00e3o em mais 12 mil m\u00b2 de vias, em tr\u00eas bairros, ao longo de setembro, totalizando cerca de 45 mil m\u00b2 em melhorias nos pr\u00f3ximos meses.<\/span><\/p>\n<p style=\"text-align: justify;\"><span style=\"font-weight: 400; font-family: arial, helvetica, sans-serif;\">O prefeito Conrado Scheller assinou a ordem de servi\u00e7o para recapeamento asf\u00e1ltico em concreto betuminoso usinado a quente (CBUQ) de trechos de seis vias de Camb\u00e9, totalizando uma \u00e1rea de 33.427,51 m\u00b2. A obra prev\u00ea a execu\u00e7\u00e3o dos servi\u00e7os preliminares, revestimento, remendos superficiais e profundos, reperfilamento, imprima\u00e7\u00e3o, pintura de liga\u00e7\u00e3o, meio-fio e sarjeta, urbaniza\u00e7\u00e3o e sinaliza\u00e7\u00e3o de tr\u00e2nsito no valor de R$ 2.448.746,27, sendo feita pela empresa LB Asfaltos LTDA. Os recursos s\u00e3o de um saldo do programa Paranacidade, atrav\u00e9s do distrato de outra licita\u00e7\u00e3o de asfalto em Camb\u00e9, no qual a empresa desistiu de realizar o servi\u00e7o no meio da obra.&nbsp;<\/span><\/p>\n<p style=\"text-align: justify;\"><span style=\"font-weight: 400; font-family: arial, helvetica, sans-serif;\">As vias que ser\u00e3o revitalizadas seguem as mesmas que n\u00e3o receberam o servi\u00e7o no contrato de licita\u00e7\u00e3o anterior, que s\u00e3o: Rua Belo Horizonte, entre a Avenida Francisco Delgado Sanches e a Rua Par\u00e1; Avenida Hermes da Fonseca, entre a Rua Francisco Xavier da Silva e a Rua Floriano Bento Viana; Rua Francisco Delgado Sanches, entre a Rua Ca\u00e7adores e a Rua Fazenda Santa C\u00e2ndida; Rua Salmos, entre a Avenida Cantares e a Rua Apocalipse; Rua Rubi, entre a Rua Apocalipse e a Rua Coral; e Avenida Roberto Concei\u00e7\u00e3o, entre a Rua S\u00e3o Jos\u00e9 e a Rua Esperan\u00e7a, entre a Rua Pedro \u00c1lvares Cabral e a Avenida Inglaterra, e entre a Avenida Inglaterra e a Rua Carlos Sawade.<\/span><\/p>\n<p style=\"text-align: justify;\"><span style=\"font-weight: 400; font-family: arial, helvetica, sans-serif;\">\u201c\u00c9 mais uma obra que refor\u00e7a nosso compromisso em investir na infraestrutura de Camb\u00e9, na revitaliza\u00e7\u00e3o do asfalto, devolver a contribui\u00e7\u00e3o do cambeense em mais conforto, seguran\u00e7a e agilidade, seja ele motorista ou pedestre. Mesmo com pouco tempo de governo, estamos transformando o munic\u00edpio em um grande canteiro de obras, trazendo melhorias expressivas para todos\u201d, relatou o prefeito Conrado Scheller.<\/span><\/p>\n<p style=\"text-align: justify;\"><span style=\"font-weight: 400; font-family: arial, helvetica, sans-serif;\">Ap\u00f3s a assinatura da ordem de servi\u00e7o, a empresa tem 10 dias para iniciar os servi\u00e7os. O prazo para execu\u00e7\u00e3o total da obra \u00e9 de sete meses.<\/span><\/p>\n<p>&nbsp;<\/p>\n<p style=\"text-align: justify;\"><strong><span style=\"font-family: arial, helvetica, sans-serif;\">Manuten\u00e7\u00e3o e recape<\/span><\/strong><\/p>\n<p style=\"text-align: justify;\"><span style=\"font-weight: 400; font-family: arial, helvetica, sans-serif;\">Al\u00e9m das obras de recupera\u00e7\u00e3o asf\u00e1ltica atrav\u00e9s de licita\u00e7\u00f5es, a Comdec realiza interven\u00e7\u00f5es pontuais de manuten\u00e7\u00e3o das vias em Camb\u00e9. Apenas durante o m\u00eas de agosto foram investidos R$ 1.487.501,35 em servi\u00e7os como recapes com micro revestimento, limpezas de galerias, sinaliza\u00e7\u00f5es vi\u00e1rias, entre outros.<\/span><\/p>\n<p style=\"text-align: justify;\"><span style=\"font-weight: 400; font-family: arial, helvetica, sans-serif;\">Ao longo de setembro, est\u00e1 previsto o recape em alguns pontos do Jardim Camb\u00e9 II e Alvorada, al\u00e9m de servi\u00e7os em regi\u00f5es das ruas Parano\u00e1, Monte Castelo, das Embaixadas, Alicio Francisco Mafra, Jos\u00e9 Alexandrino, Sebasti\u00e3o dos Santos de Jesus, al\u00e9m da marginal da BR-369 em frente \u00e0 Balan\u00e7as A\u00e7ores. Ao todo, s\u00e3o 12.095 m\u00b2 de melhorias.<\/span><\/p>\n<p>&nbsp;<\/p>\n<p style=\"text-align: justify;\"><strong><span style=\"font-family: arial, helvetica, sans-serif;\">Pr\u00f3ximas obras<\/span><\/strong><\/p>\n<p style=\"text-align: justify;\"><span style=\"font-weight: 400; font-family: arial, helvetica, sans-serif;\">Com o fim da obra pr\u00f3ximo ao <strong><a href=\"https:\/\/www.cambe.pr.gov.br\/index.php\/prefeitura-conclui-obras-no-entorno-do-estadio-municipal-jose-garbelini\/\">Est\u00e1dio Jos\u00e9 Garbelini<\/a><\/strong>, e a duplica\u00e7\u00e3o da Avenida Esperan\u00e7a j\u00e1 se aproximando tamb\u00e9m da conclus\u00e3o, com servi\u00e7o extra de asfalto realizando nas \u00faltimas semanas, s\u00f3 faltando alguns detalhes na sinaliza\u00e7\u00e3o, a Prefeitura passa a planejar os pr\u00f3ximos servi\u00e7os que ser\u00e3o feitos em Camb\u00e9.<\/span><\/p>\n<p style=\"text-align: justify;\"><span style=\"font-weight: 400; font-family: arial, helvetica, sans-serif;\">O secret\u00e1rio municipal de Planejamento, Jos\u00e9 Ant\u00f4nio Bahls, explicou que vem sendo feito um levantamento na cidade chamado avalia\u00e7\u00e3o estrutural de pavimento. Com isso, s\u00e3o estabelecidos ensaios estruturais para verificar a situa\u00e7\u00e3o do asfalto e definir as prioridades de investimento, garantindo a melhor destina\u00e7\u00e3o da obra para onde realmente precisa. Com o estudo, \u00e9 poss\u00edvel identificar o tipo de obra necess\u00e1ria e qual recupera\u00e7\u00e3o precisa ser feita em cada trecho.<\/span><\/p>\n<p style=\"text-align: justify;\"><span style=\"font-weight: 400; font-family: arial, helvetica, sans-serif;\">No entanto, uma obra que j\u00e1 \u00e9 certa que ir\u00e1 acontecer \u00e9 a recupera\u00e7\u00e3o da BR-536, a <strong><a href=\"https:\/\/www.cambe.pr.gov.br\/index.php\/estrada-da-prata-que-liga-cambe-a-prado-ferreira-passara-por-obras-de-recuperacao\/\">Estrada da Prata<\/a><\/strong>, que liga Camb\u00e9 com Prado Ferreira. O servi\u00e7o foi confirmado pelo Departamento de Estradas de Rodagem (DER), com recape, reconstru\u00e7\u00e3o nos locais que t\u00eam buracos e micro pavimenta\u00e7\u00e3o e sinaliza\u00e7\u00e3o da rodovia, nos 12 quil\u00f4metros do trecho asfaltado.<\/span><\/p>\n<p style=\"text-align: justify;\"><span style=\"font-weight: 400; font-family: arial, helvetica, sans-serif;\">Quando o DER confirmou a obra, o prefeito Conrado Scheller destacou a relev\u00e2ncia que a via tem para a mobilidade urbana de Camb\u00e9, e a conquista dessa revitaliza\u00e7\u00e3o, que \u00e9 uma reivindica\u00e7\u00e3o antiga da popula\u00e7\u00e3o. \u201cA gente sabe a import\u00e2ncia que a Estrada da Prata tem para Camb\u00e9 e, por isso, fizemos esta for\u00e7a tarefa, junto com o deputado Tiago Amaral, para podermos sensibilizar o DER e o governo do Estado. Conseguimos e teremos uma nova Estrada da Prata em breve\u201d, destacou Scheller.<\/span><\/p>\n<p>&nbsp;<\/p>\n<p style=\"text-align: justify;\"><strong><span style=\"font-family: arial, helvetica, sans-serif;\">Maior programa de recupera\u00e7\u00e3o asf\u00e1ltica da hist\u00f3ria<\/span><\/strong><\/p>\n<p style=\"text-align: justify;\"><span style=\"font-weight: 400; font-family: arial, helvetica, sans-serif;\">Segundo dados da Comdec, s\u00f3 em 2023 foram recapeados 152.819,09 m\u00b2, ou cerca de 19 quil\u00f4metros de vias. Ao todo, desde o in\u00edcio da gest\u00e3o, foram recuperados 763.083,83 m\u00b2, aproximadamente 95 quil\u00f4metros. \u00c9 o maior programa de recupera\u00e7\u00e3o asf\u00e1ltica da hist\u00f3ria de Camb\u00e9.<\/span><\/p>\n","protected":false},"excerpt":{"rendered":"<p>O maior programa de recupera\u00e7\u00e3o asf\u00e1ltica da hist\u00f3ria segue a todo vapor, e ap\u00f3s a conclus\u00e3o das obras no entorno do Est\u00e1dio Jos\u00e9 Garbelini, o prefeito Conrado Scheller assinou a ordem de servi\u00e7o de mais um grande recapeamento asf\u00e1ltico no munic\u00edpio. Ao todo, ser\u00e3o investidos mais de R$ 2 milh\u00f5es em uma \u00e1rea de mais [&hellip;]<\/p>\n","protected":false},"author":16,"featured_media":0,"comment_status":"closed","ping_status":"open","sticky":false,"template":"","format":"standard","meta":{"ngg_post_thumbnail":0,"footnotes":""},"categories":[1],"tags":[],"class_list":["post-11929","post","type-post","status-publish","format-standard","hentry","category-principal"],"yoast_head":"<!-- This site is optimized with the Yoast SEO plugin v27.4 - https:\/\/yoast.com\/product\/yoast-seo-wordpress\/ -->\n<title>Mais de 45 mil m\u00b2 de asfalto ser\u00e3o revitalizados nos pr\u00f3ximos meses em v\u00e1rios bairros de Camb\u00e9 - Prefeitura de Camb\u00e9<\/title>\n<meta name=\"robots\" content=\"index, follow, max-snippet:-1, max-image-preview:large, max-video-preview:-1\" \/>\n<link rel=\"canonical\" href=\"https:\/\/www.cambe.pr.gov.br\/index.php\/mais-de-45-mil-m-de-asfalto-serao-revitalizados-nos-proximos-meses\/\" \/>\n<meta property=\"og:locale\" content=\"pt_BR\" \/>\n<meta property=\"og:type\" content=\"article\" \/>\n<meta property=\"og:title\" content=\"Mais de 45 mil m\u00b2 de asfalto ser\u00e3o revitalizados nos pr\u00f3ximos meses em v\u00e1rios bairros de Camb\u00e9 - Prefeitura de Camb\u00e9\" \/>\n<meta property=\"og:description\" content=\"O maior programa de recupera\u00e7\u00e3o asf\u00e1ltica da hist\u00f3ria segue a todo vapor, e ap\u00f3s a conclus\u00e3o das obras no entorno do Est\u00e1dio Jos\u00e9 Garbelini, o prefeito Conrado Scheller assinou a ordem de servi\u00e7o de mais um grande recapeamento asf\u00e1ltico no munic\u00edpio. Ao todo, ser\u00e3o investidos mais de R$ 2 milh\u00f5es em uma \u00e1rea de mais [&hellip;]\" \/>\n<meta property=\"og:url\" content=\"https:\/\/www.cambe.pr.gov.br\/index.php\/mais-de-45-mil-m-de-asfalto-serao-revitalizados-nos-proximos-meses\/\" \/>\n<meta property=\"og:site_name\" content=\"Prefeitura de Camb\u00e9\" \/>\n<meta property=\"article:publisher\" content=\"https:\/\/m.facebook.com\/prefeituradecambe\" \/>\n<meta property=\"article:published_time\" content=\"2023-09-12T13:14:58+00:00\" \/>\n<meta property=\"article:modified_time\" content=\"2024-10-07T16:01:28+00:00\" \/>\n<meta property=\"og:image\" content=\"http:\/\/www.cambe.pr.gov.br\/wp-content\/uploads\/2023\/08\/asfalto01-1024x576.jpg\" \/>\n<meta name=\"author\" content=\"Vinicius Augusto Batista Eira\" \/>\n<meta name=\"twitter:card\" content=\"summary_large_image\" \/>\n<meta name=\"twitter:label1\" content=\"Escrito por\" \/>\n\t<meta name=\"twitter:data1\" content=\"Vinicius Augusto Batista Eira\" \/>\n\t<meta name=\"twitter:label2\" content=\"Est. tempo de leitura\" \/>\n\t<meta name=\"twitter:data2\" content=\"5 minutos\" \/>\n<script type=\"application\/ld+json\" class=\"yoast-schema-graph\">{\"@context\":\"https:\\\/\\\/schema.org\",\"@graph\":[{\"@type\":\"Article\",\"@id\":\"https:\\\/\\\/www.cambe.pr.gov.br\\\/index.php\\\/mais-de-45-mil-m-de-asfalto-serao-revitalizados-nos-proximos-meses\\\/#article\",\"isPartOf\":{\"@id\":\"https:\\\/\\\/www.cambe.pr.gov.br\\\/index.php\\\/mais-de-45-mil-m-de-asfalto-serao-revitalizados-nos-proximos-meses\\\/\"},\"author\":{\"name\":\"Vinicius Augusto Batista Eira\",\"@id\":\"https:\\\/\\\/www.cambe.pr.gov.br\\\/#\\\/schema\\\/person\\\/8e3ee69cb2cadf4b9f8377407227effd\"},\"headline\":\"Mais de 45 mil m\u00b2 de asfalto ser\u00e3o revitalizados nos pr\u00f3ximos meses em v\u00e1rios bairros de Camb\u00e9\",\"datePublished\":\"2023-09-12T13:14:58+00:00\",\"dateModified\":\"2024-10-07T16:01:28+00:00\",\"mainEntityOfPage\":{\"@id\":\"https:\\\/\\\/www.cambe.pr.gov.br\\\/index.php\\\/mais-de-45-mil-m-de-asfalto-serao-revitalizados-nos-proximos-meses\\\/\"},\"wordCount\":938,\"publisher\":{\"@id\":\"https:\\\/\\\/www.cambe.pr.gov.br\\\/#organization\"},\"image\":{\"@id\":\"https:\\\/\\\/www.cambe.pr.gov.br\\\/index.php\\\/mais-de-45-mil-m-de-asfalto-serao-revitalizados-nos-proximos-meses\\\/#primaryimage\"},\"thumbnailUrl\":\"http:\\\/\\\/www.cambe.pr.gov.br\\\/wp-content\\\/uploads\\\/2023\\\/08\\\/asfalto01-1024x576.jpg\",\"articleSection\":[\"Principal\"],\"inLanguage\":\"pt-BR\"},{\"@type\":\"WebPage\",\"@id\":\"https:\\\/\\\/www.cambe.pr.gov.br\\\/index.php\\\/mais-de-45-mil-m-de-asfalto-serao-revitalizados-nos-proximos-meses\\\/\",\"url\":\"https:\\\/\\\/www.cambe.pr.gov.br\\\/index.php\\\/mais-de-45-mil-m-de-asfalto-serao-revitalizados-nos-proximos-meses\\\/\",\"name\":\"Mais de 45 mil m\u00b2 de asfalto ser\u00e3o revitalizados nos pr\u00f3ximos meses em v\u00e1rios bairros de Camb\u00e9 - Prefeitura de Camb\u00e9\",\"isPartOf\":{\"@id\":\"https:\\\/\\\/www.cambe.pr.gov.br\\\/#website\"},\"primaryImageOfPage\":{\"@id\":\"https:\\\/\\\/www.cambe.pr.gov.br\\\/index.php\\\/mais-de-45-mil-m-de-asfalto-serao-revitalizados-nos-proximos-meses\\\/#primaryimage\"},\"image\":{\"@id\":\"https:\\\/\\\/www.cambe.pr.gov.br\\\/index.php\\\/mais-de-45-mil-m-de-asfalto-serao-revitalizados-nos-proximos-meses\\\/#primaryimage\"},\"thumbnailUrl\":\"http:\\\/\\\/www.cambe.pr.gov.br\\\/wp-content\\\/uploads\\\/2023\\\/08\\\/asfalto01-1024x576.jpg\",\"datePublished\":\"2023-09-12T13:14:58+00:00\",\"dateModified\":\"2024-10-07T16:01:28+00:00\",\"breadcrumb\":{\"@id\":\"https:\\\/\\\/www.cambe.pr.gov.br\\\/index.php\\\/mais-de-45-mil-m-de-asfalto-serao-revitalizados-nos-proximos-meses\\\/#breadcrumb\"},\"inLanguage\":\"pt-BR\",\"potentialAction\":[{\"@type\":\"ReadAction\",\"target\":[\"https:\\\/\\\/www.cambe.pr.gov.br\\\/index.php\\\/mais-de-45-mil-m-de-asfalto-serao-revitalizados-nos-proximos-meses\\\/\"]}]},{\"@type\":\"ImageObject\",\"inLanguage\":\"pt-BR\",\"@id\":\"https:\\\/\\\/www.cambe.pr.gov.br\\\/index.php\\\/mais-de-45-mil-m-de-asfalto-serao-revitalizados-nos-proximos-meses\\\/#primaryimage\",\"url\":\"http:\\\/\\\/www.cambe.pr.gov.br\\\/wp-content\\\/uploads\\\/2023\\\/08\\\/asfalto01-1024x576.jpg\",\"contentUrl\":\"http:\\\/\\\/www.cambe.pr.gov.br\\\/wp-content\\\/uploads\\\/2023\\\/08\\\/asfalto01-1024x576.jpg\"},{\"@type\":\"BreadcrumbList\",\"@id\":\"https:\\\/\\\/www.cambe.pr.gov.br\\\/index.php\\\/mais-de-45-mil-m-de-asfalto-serao-revitalizados-nos-proximos-meses\\\/#breadcrumb\",\"itemListElement\":[{\"@type\":\"ListItem\",\"position\":1,\"name\":\"In\u00edcio\",\"item\":\"https:\\\/\\\/www.cambe.pr.gov.br\\\/\"},{\"@type\":\"ListItem\",\"position\":2,\"name\":\"Mais de 45 mil m\u00b2 de asfalto ser\u00e3o revitalizados nos pr\u00f3ximos meses em v\u00e1rios bairros de Camb\u00e9\"}]},{\"@type\":\"WebSite\",\"@id\":\"https:\\\/\\\/www.cambe.pr.gov.br\\\/#website\",\"url\":\"https:\\\/\\\/www.cambe.pr.gov.br\\\/\",\"name\":\"Prefeitura de Camb\u00e9\",\"description\":\"UM GOVERNO PARA TODOS\",\"publisher\":{\"@id\":\"https:\\\/\\\/www.cambe.pr.gov.br\\\/#organization\"},\"potentialAction\":[{\"@type\":\"SearchAction\",\"target\":{\"@type\":\"EntryPoint\",\"urlTemplate\":\"https:\\\/\\\/www.cambe.pr.gov.br\\\/?s={search_term_string}\"},\"query-input\":{\"@type\":\"PropertyValueSpecification\",\"valueRequired\":true,\"valueName\":\"search_term_string\"}}],\"inLanguage\":\"pt-BR\"},{\"@type\":\"Organization\",\"@id\":\"https:\\\/\\\/www.cambe.pr.gov.br\\\/#organization\",\"name\":\"Prefeitura de Camb\u00e9\",\"url\":\"https:\\\/\\\/www.cambe.pr.gov.br\\\/\",\"logo\":{\"@type\":\"ImageObject\",\"inLanguage\":\"pt-BR\",\"@id\":\"https:\\\/\\\/www.cambe.pr.gov.br\\\/#\\\/schema\\\/logo\\\/image\\\/\",\"url\":\"https:\\\/\\\/www.cambe.pr.gov.br\\\/wp-content\\\/uploads\\\/2021\\\/01\\\/cropped-cropped-cambe_brazao-icone.png\",\"contentUrl\":\"https:\\\/\\\/www.cambe.pr.gov.br\\\/wp-content\\\/uploads\\\/2021\\\/01\\\/cropped-cropped-cambe_brazao-icone.png\",\"width\":240,\"height\":240,\"caption\":\"Prefeitura de Camb\u00e9\"},\"image\":{\"@id\":\"https:\\\/\\\/www.cambe.pr.gov.br\\\/#\\\/schema\\\/logo\\\/image\\\/\"},\"sameAs\":[\"https:\\\/\\\/m.facebook.com\\\/prefeituradecambe\"]},{\"@type\":\"Person\",\"@id\":\"https:\\\/\\\/www.cambe.pr.gov.br\\\/#\\\/schema\\\/person\\\/8e3ee69cb2cadf4b9f8377407227effd\",\"name\":\"Vinicius Augusto Batista Eira\",\"image\":{\"@type\":\"ImageObject\",\"inLanguage\":\"pt-BR\",\"@id\":\"https:\\\/\\\/secure.gravatar.com\\\/avatar\\\/1ec500de7013b30e1d4d7c8c3978f0e4433c37e5d5e4cd186239369c6440122b?s=96&d=mm&r=g\",\"url\":\"https:\\\/\\\/secure.gravatar.com\\\/avatar\\\/1ec500de7013b30e1d4d7c8c3978f0e4433c37e5d5e4cd186239369c6440122b?s=96&d=mm&r=g\",\"contentUrl\":\"https:\\\/\\\/secure.gravatar.com\\\/avatar\\\/1ec500de7013b30e1d4d7c8c3978f0e4433c37e5d5e4cd186239369c6440122b?s=96&d=mm&r=g\",\"caption\":\"Vinicius Augusto Batista Eira\"},\"url\":\"https:\\\/\\\/www.cambe.pr.gov.br\\\/index.php\\\/author\\\/vabeira\\\/\"}]}<\/script>\n<!-- \/ Yoast SEO plugin. -->","yoast_head_json":{"title":"Mais de 45 mil m\u00b2 de asfalto ser\u00e3o revitalizados nos pr\u00f3ximos meses em v\u00e1rios bairros de Camb\u00e9 - Prefeitura de Camb\u00e9","robots":{"index":"index","follow":"follow","max-snippet":"max-snippet:-1","max-image-preview":"max-image-preview:large","max-video-preview":"max-video-preview:-1"},"canonical":"https:\/\/www.cambe.pr.gov.br\/index.php\/mais-de-45-mil-m-de-asfalto-serao-revitalizados-nos-proximos-meses\/","og_locale":"pt_BR","og_type":"article","og_title":"Mais de 45 mil m\u00b2 de asfalto ser\u00e3o revitalizados nos pr\u00f3ximos meses em v\u00e1rios bairros de Camb\u00e9 - Prefeitura de Camb\u00e9","og_description":"O maior programa de recupera\u00e7\u00e3o asf\u00e1ltica da hist\u00f3ria segue a todo vapor, e ap\u00f3s a conclus\u00e3o das obras no entorno do Est\u00e1dio Jos\u00e9 Garbelini, o prefeito Conrado Scheller assinou a ordem de servi\u00e7o de mais um grande recapeamento asf\u00e1ltico no munic\u00edpio. Ao todo, ser\u00e3o investidos mais de R$ 2 milh\u00f5es em uma \u00e1rea de mais [&hellip;]","og_url":"https:\/\/www.cambe.pr.gov.br\/index.php\/mais-de-45-mil-m-de-asfalto-serao-revitalizados-nos-proximos-meses\/","og_site_name":"Prefeitura de Camb\u00e9","article_publisher":"https:\/\/m.facebook.com\/prefeituradecambe","article_published_time":"2023-09-12T13:14:58+00:00","article_modified_time":"2024-10-07T16:01:28+00:00","og_image":[{"url":"http:\/\/www.cambe.pr.gov.br\/wp-content\/uploads\/2023\/08\/asfalto01-1024x576.jpg","type":"","width":"","height":""}],"author":"Vinicius Augusto Batista Eira","twitter_card":"summary_large_image","twitter_misc":{"Escrito por":"Vinicius Augusto Batista Eira","Est. tempo de leitura":"5 minutos"},"schema":{"@context":"https:\/\/schema.org","@graph":[{"@type":"Article","@id":"https:\/\/www.cambe.pr.gov.br\/index.php\/mais-de-45-mil-m-de-asfalto-serao-revitalizados-nos-proximos-meses\/#article","isPartOf":{"@id":"https:\/\/www.cambe.pr.gov.br\/index.php\/mais-de-45-mil-m-de-asfalto-serao-revitalizados-nos-proximos-meses\/"},"author":{"name":"Vinicius Augusto Batista Eira","@id":"https:\/\/www.cambe.pr.gov.br\/#\/schema\/person\/8e3ee69cb2cadf4b9f8377407227effd"},"headline":"Mais de 45 mil m\u00b2 de asfalto ser\u00e3o revitalizados nos pr\u00f3ximos meses em v\u00e1rios bairros de Camb\u00e9","datePublished":"2023-09-12T13:14:58+00:00","dateModified":"2024-10-07T16:01:28+00:00","mainEntityOfPage":{"@id":"https:\/\/www.cambe.pr.gov.br\/index.php\/mais-de-45-mil-m-de-asfalto-serao-revitalizados-nos-proximos-meses\/"},"wordCount":938,"publisher":{"@id":"https:\/\/www.cambe.pr.gov.br\/#organization"},"image":{"@id":"https:\/\/www.cambe.pr.gov.br\/index.php\/mais-de-45-mil-m-de-asfalto-serao-revitalizados-nos-proximos-meses\/#primaryimage"},"thumbnailUrl":"http:\/\/www.cambe.pr.gov.br\/wp-content\/uploads\/2023\/08\/asfalto01-1024x576.jpg","articleSection":["Principal"],"inLanguage":"pt-BR"},{"@type":"WebPage","@id":"https:\/\/www.cambe.pr.gov.br\/index.php\/mais-de-45-mil-m-de-asfalto-serao-revitalizados-nos-proximos-meses\/","url":"https:\/\/www.cambe.pr.gov.br\/index.php\/mais-de-45-mil-m-de-asfalto-serao-revitalizados-nos-proximos-meses\/","name":"Mais de 45 mil m\u00b2 de asfalto ser\u00e3o revitalizados nos pr\u00f3ximos meses em v\u00e1rios bairros de Camb\u00e9 - Prefeitura de Camb\u00e9","isPartOf":{"@id":"https:\/\/www.cambe.pr.gov.br\/#website"},"primaryImageOfPage":{"@id":"https:\/\/www.cambe.pr.gov.br\/index.php\/mais-de-45-mil-m-de-asfalto-serao-revitalizados-nos-proximos-meses\/#primaryimage"},"image":{"@id":"https:\/\/www.cambe.pr.gov.br\/index.php\/mais-de-45-mil-m-de-asfalto-serao-revitalizados-nos-proximos-meses\/#primaryimage"},"thumbnailUrl":"http:\/\/www.cambe.pr.gov.br\/wp-content\/uploads\/2023\/08\/asfalto01-1024x576.jpg","datePublished":"2023-09-12T13:14:58+00:00","dateModified":"2024-10-07T16:01:28+00:00","breadcrumb":{"@id":"https:\/\/www.cambe.pr.gov.br\/index.php\/mais-de-45-mil-m-de-asfalto-serao-revitalizados-nos-proximos-meses\/#breadcrumb"},"inLanguage":"pt-BR","potentialAction":[{"@type":"ReadAction","target":["https:\/\/www.cambe.pr.gov.br\/index.php\/mais-de-45-mil-m-de-asfalto-serao-revitalizados-nos-proximos-meses\/"]}]},{"@type":"ImageObject","inLanguage":"pt-BR","@id":"https:\/\/www.cambe.pr.gov.br\/index.php\/mais-de-45-mil-m-de-asfalto-serao-revitalizados-nos-proximos-meses\/#primaryimage","url":"http:\/\/www.cambe.pr.gov.br\/wp-content\/uploads\/2023\/08\/asfalto01-1024x576.jpg","contentUrl":"http:\/\/www.cambe.pr.gov.br\/wp-content\/uploads\/2023\/08\/asfalto01-1024x576.jpg"},{"@type":"BreadcrumbList","@id":"https:\/\/www.cambe.pr.gov.br\/index.php\/mais-de-45-mil-m-de-asfalto-serao-revitalizados-nos-proximos-meses\/#breadcrumb","itemListElement":[{"@type":"ListItem","position":1,"name":"In\u00edcio","item":"https:\/\/www.cambe.pr.gov.br\/"},{"@type":"ListItem","position":2,"name":"Mais de 45 mil m\u00b2 de asfalto ser\u00e3o revitalizados nos pr\u00f3ximos meses em v\u00e1rios bairros de Camb\u00e9"}]},{"@type":"WebSite","@id":"https:\/\/www.cambe.pr.gov.br\/#website","url":"https:\/\/www.cambe.pr.gov.br\/","name":"Prefeitura de Camb\u00e9","description":"UM GOVERNO PARA TODOS","publisher":{"@id":"https:\/\/www.cambe.pr.gov.br\/#organization"},"potentialAction":[{"@type":"SearchAction","target":{"@type":"EntryPoint","urlTemplate":"https:\/\/www.cambe.pr.gov.br\/?s={search_term_string}"},"query-input":{"@type":"PropertyValueSpecification","valueRequired":true,"valueName":"search_term_string"}}],"inLanguage":"pt-BR"},{"@type":"Organization","@id":"https:\/\/www.cambe.pr.gov.br\/#organization","name":"Prefeitura de Camb\u00e9","url":"https:\/\/www.cambe.pr.gov.br\/","logo":{"@type":"ImageObject","inLanguage":"pt-BR","@id":"https:\/\/www.cambe.pr.gov.br\/#\/schema\/logo\/image\/","url":"https:\/\/www.cambe.pr.gov.br\/wp-content\/uploads\/2021\/01\/cropped-cropped-cambe_brazao-icone.png","contentUrl":"https:\/\/www.cambe.pr.gov.br\/wp-content\/uploads\/2021\/01\/cropped-cropped-cambe_brazao-icone.png","width":240,"height":240,"caption":"Prefeitura de Camb\u00e9"},"image":{"@id":"https:\/\/www.cambe.pr.gov.br\/#\/schema\/logo\/image\/"},"sameAs":["https:\/\/m.facebook.com\/prefeituradecambe"]},{"@type":"Person","@id":"https:\/\/www.cambe.pr.gov.br\/#\/schema\/person\/8e3ee69cb2cadf4b9f8377407227effd","name":"Vinicius Augusto Batista Eira","image":{"@type":"ImageObject","inLanguage":"pt-BR","@id":"https:\/\/secure.gravatar.com\/avatar\/1ec500de7013b30e1d4d7c8c3978f0e4433c37e5d5e4cd186239369c6440122b?s=96&d=mm&r=g","url":"https:\/\/secure.gravatar.com\/avatar\/1ec500de7013b30e1d4d7c8c3978f0e4433c37e5d5e4cd186239369c6440122b?s=96&d=mm&r=g","contentUrl":"https:\/\/secure.gravatar.com\/avatar\/1ec500de7013b30e1d4d7c8c3978f0e4433c37e5d5e4cd186239369c6440122b?s=96&d=mm&r=g","caption":"Vinicius Augusto Batista Eira"},"url":"https:\/\/www.cambe.pr.gov.br\/index.php\/author\/vabeira\/"}]}},"_links":{"self":[{"href":"https:\/\/www.cambe.pr.gov.br\/index.php\/wp-json\/wp\/v2\/posts\/11929","targetHints":{"allow":["GET"]}}],"collection":[{"href":"https:\/\/www.cambe.pr.gov.br\/index.php\/wp-json\/wp\/v2\/posts"}],"about":[{"href":"https:\/\/www.cambe.pr.gov.br\/index.php\/wp-json\/wp\/v2\/types\/post"}],"author":[{"embeddable":true,"href":"https:\/\/www.cambe.pr.gov.br\/index.php\/wp-json\/wp\/v2\/users\/16"}],"replies":[{"embeddable":true,"href":"https:\/\/www.cambe.pr.gov.br\/index.php\/wp-json\/wp\/v2\/comments?post=11929"}],"version-history":[{"count":8,"href":"https:\/\/www.cambe.pr.gov.br\/index.php\/wp-json\/wp\/v2\/posts\/11929\/revisions"}],"predecessor-version":[{"id":12047,"href":"https:\/\/www.cambe.pr.gov.br\/index.php\/wp-json\/wp\/v2\/posts\/11929\/revisions\/12047"}],"wp:attachment":[{"href":"https:\/\/www.cambe.pr.gov.br\/index.php\/wp-json\/wp\/v2\/media?parent=11929"}],"wp:term":[{"taxonomy":"category","embeddable":true,"href":"https:\/\/www.cambe.pr.gov.br\/index.php\/wp-json\/wp\/v2\/categories?post=11929"},{"taxonomy":"post_tag","embeddable":true,"href":"https:\/\/www.cambe.pr.gov.br\/index.php\/wp-json\/wp\/v2\/tags?post=11929"}],"curies":[{"name":"wp","href":"https:\/\/api.w.org\/{rel}","templated":true}]}}