{"id":10892,"date":"2023-07-13T13:51:17","date_gmt":"2023-07-13T16:51:17","guid":{"rendered":"http:\/\/www.cambe.pr.gov.br\/?p=10892"},"modified":"2024-10-07T13:01:25","modified_gmt":"2024-10-07T16:01:25","slug":"secretaria-de-assistencia-social-promove-atividade-de-saude-mental-para-mulheres","status":"publish","type":"post","link":"https:\/\/www.cambe.pr.gov.br\/index.php\/secretaria-de-assistencia-social-promove-atividade-de-saude-mental-para-mulheres\/","title":{"rendered":"Secretaria de Assist\u00eancia Social promove atividade de sa\u00fade mental para mulheres"},"content":{"rendered":"<p style=\"text-align: justify;\"><span style=\"font-weight: 400; font-family: arial, helvetica, sans-serif;\"><img fetchpriority=\"high\" decoding=\"async\" class=\"size-large wp-image-10896 alignleft\" src=\"https:\/\/www.cambe.pr.gov.br\/wp-content\/uploads\/2023\/07\/WhatsApp-Image-2023-07-13-at-10.27.24-1024x768.jpeg\" alt=\"\" width=\"610\" height=\"458\" srcset=\"https:\/\/www.cambe.pr.gov.br\/wp-content\/uploads\/2023\/07\/WhatsApp-Image-2023-07-13-at-10.27.24-1024x768.jpeg 1024w, https:\/\/www.cambe.pr.gov.br\/wp-content\/uploads\/2023\/07\/WhatsApp-Image-2023-07-13-at-10.27.24-300x225.jpeg 300w, https:\/\/www.cambe.pr.gov.br\/wp-content\/uploads\/2023\/07\/WhatsApp-Image-2023-07-13-at-10.27.24-768x576.jpeg 768w, https:\/\/www.cambe.pr.gov.br\/wp-content\/uploads\/2023\/07\/WhatsApp-Image-2023-07-13-at-10.27.24-400x300.jpeg 400w, https:\/\/www.cambe.pr.gov.br\/wp-content\/uploads\/2023\/07\/WhatsApp-Image-2023-07-13-at-10.27.24.jpeg 1156w\" sizes=\"(max-width: 610px) 100vw, 610px\" \/>Nesta quarta-feira (12), o Grupo de Mulheres, equipe t\u00e9cnica da Secretaria de Assist\u00eancia Social que promove reuni\u00f5es tem\u00e1ticas de assuntos voltados ao p\u00fablico feminino, se reuniu no CRAS Campos Verdes para abordar um assunto essencial para as mulheres atendidas pelo grupo: a rela\u00e7\u00e3o da sa\u00fade mental e as atividades de lazer.<\/span><\/p>\n<p style=\"text-align: justify;\"><span style=\"font-weight: 400; font-family: arial, helvetica, sans-serif;\">A secret\u00e1ria municipal da Assist\u00eancia Social e Cidadania, Lucilene Diorio, destacou que o objetivo da reuni\u00e3o foi promover a reflex\u00e3o sobre o que \u00e9 sa\u00fade mental, entendendo as atividades de lazer como uma forma de cuidar dessa \u00e1rea da vida dos usu\u00e1rios do CRAS.<\/span><\/p>\n<p style=\"text-align: justify;\"><span style=\"font-weight: 400; font-family: arial, helvetica, sans-serif;\">Yara Fantini, coordenadora do grupo, tamb\u00e9m comentou que al\u00e9m de fortalecer o v\u00ednculo social, atividades como essa trazem a possibilidade de fazer os encaminhamentos necess\u00e1rios. \u201cA Prefeitura Municipal de Camb\u00e9, atrav\u00e9s da Assist\u00eancia Social, tem trabalhado atrav\u00e9s das equipes profissionais para trazer mais direitos e o acesso aos servi\u00e7os b\u00e1sicos para a popula\u00e7\u00e3o atendida nos CRAS\u201d, disse.<\/span><\/p>\n<p style=\"text-align: justify;\"><span style=\"font-weight: 400; font-family: arial, helvetica, sans-serif;\">\u201cOs servi\u00e7os de prote\u00e7\u00e3o social b\u00e1sica t\u00eam como objetivo apoiar as fam\u00edlias e os indiv\u00edduos na amplia\u00e7\u00e3o de sua prote\u00e7\u00e3o social, promovendo o acesso a direitos e contribuindo para a melhoria da sua qualidade de vida\u201d, finaliza a diretora da Prote\u00e7\u00e3o Social B\u00e1sica, Rosangela Lemes.<\/span><\/p>\n","protected":false},"excerpt":{"rendered":"<p>Nesta quarta-feira (12), o Grupo de Mulheres, equipe t\u00e9cnica da Secretaria de Assist\u00eancia Social que promove reuni\u00f5es tem\u00e1ticas de assuntos voltados ao p\u00fablico feminino, se reuniu no CRAS Campos Verdes para abordar um assunto essencial para as mulheres atendidas pelo grupo: a rela\u00e7\u00e3o da sa\u00fade mental e as atividades de lazer. A secret\u00e1ria municipal da [&hellip;]<\/p>\n","protected":false},"author":16,"featured_media":0,"comment_status":"closed","ping_status":"open","sticky":false,"template":"","format":"standard","meta":{"ngg_post_thumbnail":0,"footnotes":""},"categories":[1],"tags":[],"class_list":["post-10892","post","type-post","status-publish","format-standard","hentry","category-principal"],"yoast_head":"<!-- This site is optimized with the Yoast SEO plugin v27.4 - https:\/\/yoast.com\/product\/yoast-seo-wordpress\/ -->\n<title>Secretaria de Assist\u00eancia Social promove atividade de sa\u00fade mental para mulheres - Prefeitura de Camb\u00e9<\/title>\n<meta name=\"robots\" content=\"index, follow, max-snippet:-1, max-image-preview:large, max-video-preview:-1\" \/>\n<link rel=\"canonical\" href=\"https:\/\/www.cambe.pr.gov.br\/index.php\/secretaria-de-assistencia-social-promove-atividade-de-saude-mental-para-mulheres\/\" \/>\n<meta property=\"og:locale\" content=\"pt_BR\" \/>\n<meta property=\"og:type\" content=\"article\" \/>\n<meta property=\"og:title\" content=\"Secretaria de Assist\u00eancia Social promove atividade de sa\u00fade mental para mulheres - Prefeitura de Camb\u00e9\" \/>\n<meta property=\"og:description\" content=\"Nesta quarta-feira (12), o Grupo de Mulheres, equipe t\u00e9cnica da Secretaria de Assist\u00eancia Social que promove reuni\u00f5es tem\u00e1ticas de assuntos voltados ao p\u00fablico feminino, se reuniu no CRAS Campos Verdes para abordar um assunto essencial para as mulheres atendidas pelo grupo: a rela\u00e7\u00e3o da sa\u00fade mental e as atividades de lazer. A secret\u00e1ria municipal da [&hellip;]\" \/>\n<meta property=\"og:url\" content=\"https:\/\/www.cambe.pr.gov.br\/index.php\/secretaria-de-assistencia-social-promove-atividade-de-saude-mental-para-mulheres\/\" \/>\n<meta property=\"og:site_name\" content=\"Prefeitura de Camb\u00e9\" \/>\n<meta property=\"article:publisher\" content=\"https:\/\/m.facebook.com\/prefeituradecambe\" \/>\n<meta property=\"article:published_time\" content=\"2023-07-13T16:51:17+00:00\" \/>\n<meta property=\"article:modified_time\" content=\"2024-10-07T16:01:25+00:00\" \/>\n<meta property=\"og:image\" content=\"http:\/\/www.cambe.pr.gov.br\/wp-content\/uploads\/2023\/07\/WhatsApp-Image-2023-07-13-at-10.27.24-1024x768.jpeg\" \/>\n<meta name=\"author\" content=\"Vinicius Augusto Batista Eira\" \/>\n<meta name=\"twitter:card\" content=\"summary_large_image\" \/>\n<meta name=\"twitter:label1\" content=\"Escrito por\" \/>\n\t<meta name=\"twitter:data1\" content=\"Vinicius Augusto Batista Eira\" \/>\n\t<meta name=\"twitter:label2\" content=\"Est. tempo de leitura\" \/>\n\t<meta name=\"twitter:data2\" content=\"1 minuto\" \/>\n<script type=\"application\/ld+json\" class=\"yoast-schema-graph\">{\"@context\":\"https:\\\/\\\/schema.org\",\"@graph\":[{\"@type\":\"Article\",\"@id\":\"https:\\\/\\\/www.cambe.pr.gov.br\\\/index.php\\\/secretaria-de-assistencia-social-promove-atividade-de-saude-mental-para-mulheres\\\/#article\",\"isPartOf\":{\"@id\":\"https:\\\/\\\/www.cambe.pr.gov.br\\\/index.php\\\/secretaria-de-assistencia-social-promove-atividade-de-saude-mental-para-mulheres\\\/\"},\"author\":{\"name\":\"Vinicius Augusto Batista Eira\",\"@id\":\"https:\\\/\\\/www.cambe.pr.gov.br\\\/#\\\/schema\\\/person\\\/8e3ee69cb2cadf4b9f8377407227effd\"},\"headline\":\"Secretaria de Assist\u00eancia Social promove atividade de sa\u00fade mental para mulheres\",\"datePublished\":\"2023-07-13T16:51:17+00:00\",\"dateModified\":\"2024-10-07T16:01:25+00:00\",\"mainEntityOfPage\":{\"@id\":\"https:\\\/\\\/www.cambe.pr.gov.br\\\/index.php\\\/secretaria-de-assistencia-social-promove-atividade-de-saude-mental-para-mulheres\\\/\"},\"wordCount\":241,\"publisher\":{\"@id\":\"https:\\\/\\\/www.cambe.pr.gov.br\\\/#organization\"},\"image\":{\"@id\":\"https:\\\/\\\/www.cambe.pr.gov.br\\\/index.php\\\/secretaria-de-assistencia-social-promove-atividade-de-saude-mental-para-mulheres\\\/#primaryimage\"},\"thumbnailUrl\":\"http:\\\/\\\/www.cambe.pr.gov.br\\\/wp-content\\\/uploads\\\/2023\\\/07\\\/WhatsApp-Image-2023-07-13-at-10.27.24-1024x768.jpeg\",\"articleSection\":[\"Principal\"],\"inLanguage\":\"pt-BR\"},{\"@type\":\"WebPage\",\"@id\":\"https:\\\/\\\/www.cambe.pr.gov.br\\\/index.php\\\/secretaria-de-assistencia-social-promove-atividade-de-saude-mental-para-mulheres\\\/\",\"url\":\"https:\\\/\\\/www.cambe.pr.gov.br\\\/index.php\\\/secretaria-de-assistencia-social-promove-atividade-de-saude-mental-para-mulheres\\\/\",\"name\":\"Secretaria de Assist\u00eancia Social promove atividade de sa\u00fade mental para mulheres - Prefeitura de Camb\u00e9\",\"isPartOf\":{\"@id\":\"https:\\\/\\\/www.cambe.pr.gov.br\\\/#website\"},\"primaryImageOfPage\":{\"@id\":\"https:\\\/\\\/www.cambe.pr.gov.br\\\/index.php\\\/secretaria-de-assistencia-social-promove-atividade-de-saude-mental-para-mulheres\\\/#primaryimage\"},\"image\":{\"@id\":\"https:\\\/\\\/www.cambe.pr.gov.br\\\/index.php\\\/secretaria-de-assistencia-social-promove-atividade-de-saude-mental-para-mulheres\\\/#primaryimage\"},\"thumbnailUrl\":\"http:\\\/\\\/www.cambe.pr.gov.br\\\/wp-content\\\/uploads\\\/2023\\\/07\\\/WhatsApp-Image-2023-07-13-at-10.27.24-1024x768.jpeg\",\"datePublished\":\"2023-07-13T16:51:17+00:00\",\"dateModified\":\"2024-10-07T16:01:25+00:00\",\"breadcrumb\":{\"@id\":\"https:\\\/\\\/www.cambe.pr.gov.br\\\/index.php\\\/secretaria-de-assistencia-social-promove-atividade-de-saude-mental-para-mulheres\\\/#breadcrumb\"},\"inLanguage\":\"pt-BR\",\"potentialAction\":[{\"@type\":\"ReadAction\",\"target\":[\"https:\\\/\\\/www.cambe.pr.gov.br\\\/index.php\\\/secretaria-de-assistencia-social-promove-atividade-de-saude-mental-para-mulheres\\\/\"]}]},{\"@type\":\"ImageObject\",\"inLanguage\":\"pt-BR\",\"@id\":\"https:\\\/\\\/www.cambe.pr.gov.br\\\/index.php\\\/secretaria-de-assistencia-social-promove-atividade-de-saude-mental-para-mulheres\\\/#primaryimage\",\"url\":\"http:\\\/\\\/www.cambe.pr.gov.br\\\/wp-content\\\/uploads\\\/2023\\\/07\\\/WhatsApp-Image-2023-07-13-at-10.27.24-1024x768.jpeg\",\"contentUrl\":\"http:\\\/\\\/www.cambe.pr.gov.br\\\/wp-content\\\/uploads\\\/2023\\\/07\\\/WhatsApp-Image-2023-07-13-at-10.27.24-1024x768.jpeg\"},{\"@type\":\"BreadcrumbList\",\"@id\":\"https:\\\/\\\/www.cambe.pr.gov.br\\\/index.php\\\/secretaria-de-assistencia-social-promove-atividade-de-saude-mental-para-mulheres\\\/#breadcrumb\",\"itemListElement\":[{\"@type\":\"ListItem\",\"position\":1,\"name\":\"In\u00edcio\",\"item\":\"https:\\\/\\\/www.cambe.pr.gov.br\\\/\"},{\"@type\":\"ListItem\",\"position\":2,\"name\":\"Secretaria de Assist\u00eancia Social promove atividade de sa\u00fade mental para mulheres\"}]},{\"@type\":\"WebSite\",\"@id\":\"https:\\\/\\\/www.cambe.pr.gov.br\\\/#website\",\"url\":\"https:\\\/\\\/www.cambe.pr.gov.br\\\/\",\"name\":\"Prefeitura de Camb\u00e9\",\"description\":\"UM GOVERNO PARA TODOS\",\"publisher\":{\"@id\":\"https:\\\/\\\/www.cambe.pr.gov.br\\\/#organization\"},\"potentialAction\":[{\"@type\":\"SearchAction\",\"target\":{\"@type\":\"EntryPoint\",\"urlTemplate\":\"https:\\\/\\\/www.cambe.pr.gov.br\\\/?s={search_term_string}\"},\"query-input\":{\"@type\":\"PropertyValueSpecification\",\"valueRequired\":true,\"valueName\":\"search_term_string\"}}],\"inLanguage\":\"pt-BR\"},{\"@type\":\"Organization\",\"@id\":\"https:\\\/\\\/www.cambe.pr.gov.br\\\/#organization\",\"name\":\"Prefeitura de Camb\u00e9\",\"url\":\"https:\\\/\\\/www.cambe.pr.gov.br\\\/\",\"logo\":{\"@type\":\"ImageObject\",\"inLanguage\":\"pt-BR\",\"@id\":\"https:\\\/\\\/www.cambe.pr.gov.br\\\/#\\\/schema\\\/logo\\\/image\\\/\",\"url\":\"https:\\\/\\\/www.cambe.pr.gov.br\\\/wp-content\\\/uploads\\\/2021\\\/01\\\/cropped-cropped-cambe_brazao-icone.png\",\"contentUrl\":\"https:\\\/\\\/www.cambe.pr.gov.br\\\/wp-content\\\/uploads\\\/2021\\\/01\\\/cropped-cropped-cambe_brazao-icone.png\",\"width\":240,\"height\":240,\"caption\":\"Prefeitura de Camb\u00e9\"},\"image\":{\"@id\":\"https:\\\/\\\/www.cambe.pr.gov.br\\\/#\\\/schema\\\/logo\\\/image\\\/\"},\"sameAs\":[\"https:\\\/\\\/m.facebook.com\\\/prefeituradecambe\"]},{\"@type\":\"Person\",\"@id\":\"https:\\\/\\\/www.cambe.pr.gov.br\\\/#\\\/schema\\\/person\\\/8e3ee69cb2cadf4b9f8377407227effd\",\"name\":\"Vinicius Augusto Batista Eira\",\"image\":{\"@type\":\"ImageObject\",\"inLanguage\":\"pt-BR\",\"@id\":\"https:\\\/\\\/secure.gravatar.com\\\/avatar\\\/1ec500de7013b30e1d4d7c8c3978f0e4433c37e5d5e4cd186239369c6440122b?s=96&d=mm&r=g\",\"url\":\"https:\\\/\\\/secure.gravatar.com\\\/avatar\\\/1ec500de7013b30e1d4d7c8c3978f0e4433c37e5d5e4cd186239369c6440122b?s=96&d=mm&r=g\",\"contentUrl\":\"https:\\\/\\\/secure.gravatar.com\\\/avatar\\\/1ec500de7013b30e1d4d7c8c3978f0e4433c37e5d5e4cd186239369c6440122b?s=96&d=mm&r=g\",\"caption\":\"Vinicius Augusto Batista Eira\"},\"url\":\"https:\\\/\\\/www.cambe.pr.gov.br\\\/index.php\\\/author\\\/vabeira\\\/\"}]}<\/script>\n<!-- \/ Yoast SEO plugin. -->","yoast_head_json":{"title":"Secretaria de Assist\u00eancia Social promove atividade de sa\u00fade mental para mulheres - Prefeitura de Camb\u00e9","robots":{"index":"index","follow":"follow","max-snippet":"max-snippet:-1","max-image-preview":"max-image-preview:large","max-video-preview":"max-video-preview:-1"},"canonical":"https:\/\/www.cambe.pr.gov.br\/index.php\/secretaria-de-assistencia-social-promove-atividade-de-saude-mental-para-mulheres\/","og_locale":"pt_BR","og_type":"article","og_title":"Secretaria de Assist\u00eancia Social promove atividade de sa\u00fade mental para mulheres - Prefeitura de Camb\u00e9","og_description":"Nesta quarta-feira (12), o Grupo de Mulheres, equipe t\u00e9cnica da Secretaria de Assist\u00eancia Social que promove reuni\u00f5es tem\u00e1ticas de assuntos voltados ao p\u00fablico feminino, se reuniu no CRAS Campos Verdes para abordar um assunto essencial para as mulheres atendidas pelo grupo: a rela\u00e7\u00e3o da sa\u00fade mental e as atividades de lazer. A secret\u00e1ria municipal da [&hellip;]","og_url":"https:\/\/www.cambe.pr.gov.br\/index.php\/secretaria-de-assistencia-social-promove-atividade-de-saude-mental-para-mulheres\/","og_site_name":"Prefeitura de Camb\u00e9","article_publisher":"https:\/\/m.facebook.com\/prefeituradecambe","article_published_time":"2023-07-13T16:51:17+00:00","article_modified_time":"2024-10-07T16:01:25+00:00","og_image":[{"url":"http:\/\/www.cambe.pr.gov.br\/wp-content\/uploads\/2023\/07\/WhatsApp-Image-2023-07-13-at-10.27.24-1024x768.jpeg","type":"","width":"","height":""}],"author":"Vinicius Augusto Batista Eira","twitter_card":"summary_large_image","twitter_misc":{"Escrito por":"Vinicius Augusto Batista Eira","Est. tempo de leitura":"1 minuto"},"schema":{"@context":"https:\/\/schema.org","@graph":[{"@type":"Article","@id":"https:\/\/www.cambe.pr.gov.br\/index.php\/secretaria-de-assistencia-social-promove-atividade-de-saude-mental-para-mulheres\/#article","isPartOf":{"@id":"https:\/\/www.cambe.pr.gov.br\/index.php\/secretaria-de-assistencia-social-promove-atividade-de-saude-mental-para-mulheres\/"},"author":{"name":"Vinicius Augusto Batista Eira","@id":"https:\/\/www.cambe.pr.gov.br\/#\/schema\/person\/8e3ee69cb2cadf4b9f8377407227effd"},"headline":"Secretaria de Assist\u00eancia Social promove atividade de sa\u00fade mental para mulheres","datePublished":"2023-07-13T16:51:17+00:00","dateModified":"2024-10-07T16:01:25+00:00","mainEntityOfPage":{"@id":"https:\/\/www.cambe.pr.gov.br\/index.php\/secretaria-de-assistencia-social-promove-atividade-de-saude-mental-para-mulheres\/"},"wordCount":241,"publisher":{"@id":"https:\/\/www.cambe.pr.gov.br\/#organization"},"image":{"@id":"https:\/\/www.cambe.pr.gov.br\/index.php\/secretaria-de-assistencia-social-promove-atividade-de-saude-mental-para-mulheres\/#primaryimage"},"thumbnailUrl":"http:\/\/www.cambe.pr.gov.br\/wp-content\/uploads\/2023\/07\/WhatsApp-Image-2023-07-13-at-10.27.24-1024x768.jpeg","articleSection":["Principal"],"inLanguage":"pt-BR"},{"@type":"WebPage","@id":"https:\/\/www.cambe.pr.gov.br\/index.php\/secretaria-de-assistencia-social-promove-atividade-de-saude-mental-para-mulheres\/","url":"https:\/\/www.cambe.pr.gov.br\/index.php\/secretaria-de-assistencia-social-promove-atividade-de-saude-mental-para-mulheres\/","name":"Secretaria de Assist\u00eancia Social promove atividade de sa\u00fade mental para mulheres - Prefeitura de Camb\u00e9","isPartOf":{"@id":"https:\/\/www.cambe.pr.gov.br\/#website"},"primaryImageOfPage":{"@id":"https:\/\/www.cambe.pr.gov.br\/index.php\/secretaria-de-assistencia-social-promove-atividade-de-saude-mental-para-mulheres\/#primaryimage"},"image":{"@id":"https:\/\/www.cambe.pr.gov.br\/index.php\/secretaria-de-assistencia-social-promove-atividade-de-saude-mental-para-mulheres\/#primaryimage"},"thumbnailUrl":"http:\/\/www.cambe.pr.gov.br\/wp-content\/uploads\/2023\/07\/WhatsApp-Image-2023-07-13-at-10.27.24-1024x768.jpeg","datePublished":"2023-07-13T16:51:17+00:00","dateModified":"2024-10-07T16:01:25+00:00","breadcrumb":{"@id":"https:\/\/www.cambe.pr.gov.br\/index.php\/secretaria-de-assistencia-social-promove-atividade-de-saude-mental-para-mulheres\/#breadcrumb"},"inLanguage":"pt-BR","potentialAction":[{"@type":"ReadAction","target":["https:\/\/www.cambe.pr.gov.br\/index.php\/secretaria-de-assistencia-social-promove-atividade-de-saude-mental-para-mulheres\/"]}]},{"@type":"ImageObject","inLanguage":"pt-BR","@id":"https:\/\/www.cambe.pr.gov.br\/index.php\/secretaria-de-assistencia-social-promove-atividade-de-saude-mental-para-mulheres\/#primaryimage","url":"http:\/\/www.cambe.pr.gov.br\/wp-content\/uploads\/2023\/07\/WhatsApp-Image-2023-07-13-at-10.27.24-1024x768.jpeg","contentUrl":"http:\/\/www.cambe.pr.gov.br\/wp-content\/uploads\/2023\/07\/WhatsApp-Image-2023-07-13-at-10.27.24-1024x768.jpeg"},{"@type":"BreadcrumbList","@id":"https:\/\/www.cambe.pr.gov.br\/index.php\/secretaria-de-assistencia-social-promove-atividade-de-saude-mental-para-mulheres\/#breadcrumb","itemListElement":[{"@type":"ListItem","position":1,"name":"In\u00edcio","item":"https:\/\/www.cambe.pr.gov.br\/"},{"@type":"ListItem","position":2,"name":"Secretaria de Assist\u00eancia Social promove atividade de sa\u00fade mental para mulheres"}]},{"@type":"WebSite","@id":"https:\/\/www.cambe.pr.gov.br\/#website","url":"https:\/\/www.cambe.pr.gov.br\/","name":"Prefeitura de Camb\u00e9","description":"UM GOVERNO PARA TODOS","publisher":{"@id":"https:\/\/www.cambe.pr.gov.br\/#organization"},"potentialAction":[{"@type":"SearchAction","target":{"@type":"EntryPoint","urlTemplate":"https:\/\/www.cambe.pr.gov.br\/?s={search_term_string}"},"query-input":{"@type":"PropertyValueSpecification","valueRequired":true,"valueName":"search_term_string"}}],"inLanguage":"pt-BR"},{"@type":"Organization","@id":"https:\/\/www.cambe.pr.gov.br\/#organization","name":"Prefeitura de Camb\u00e9","url":"https:\/\/www.cambe.pr.gov.br\/","logo":{"@type":"ImageObject","inLanguage":"pt-BR","@id":"https:\/\/www.cambe.pr.gov.br\/#\/schema\/logo\/image\/","url":"https:\/\/www.cambe.pr.gov.br\/wp-content\/uploads\/2021\/01\/cropped-cropped-cambe_brazao-icone.png","contentUrl":"https:\/\/www.cambe.pr.gov.br\/wp-content\/uploads\/2021\/01\/cropped-cropped-cambe_brazao-icone.png","width":240,"height":240,"caption":"Prefeitura de Camb\u00e9"},"image":{"@id":"https:\/\/www.cambe.pr.gov.br\/#\/schema\/logo\/image\/"},"sameAs":["https:\/\/m.facebook.com\/prefeituradecambe"]},{"@type":"Person","@id":"https:\/\/www.cambe.pr.gov.br\/#\/schema\/person\/8e3ee69cb2cadf4b9f8377407227effd","name":"Vinicius Augusto Batista Eira","image":{"@type":"ImageObject","inLanguage":"pt-BR","@id":"https:\/\/secure.gravatar.com\/avatar\/1ec500de7013b30e1d4d7c8c3978f0e4433c37e5d5e4cd186239369c6440122b?s=96&d=mm&r=g","url":"https:\/\/secure.gravatar.com\/avatar\/1ec500de7013b30e1d4d7c8c3978f0e4433c37e5d5e4cd186239369c6440122b?s=96&d=mm&r=g","contentUrl":"https:\/\/secure.gravatar.com\/avatar\/1ec500de7013b30e1d4d7c8c3978f0e4433c37e5d5e4cd186239369c6440122b?s=96&d=mm&r=g","caption":"Vinicius Augusto Batista Eira"},"url":"https:\/\/www.cambe.pr.gov.br\/index.php\/author\/vabeira\/"}]}},"_links":{"self":[{"href":"https:\/\/www.cambe.pr.gov.br\/index.php\/wp-json\/wp\/v2\/posts\/10892","targetHints":{"allow":["GET"]}}],"collection":[{"href":"https:\/\/www.cambe.pr.gov.br\/index.php\/wp-json\/wp\/v2\/posts"}],"about":[{"href":"https:\/\/www.cambe.pr.gov.br\/index.php\/wp-json\/wp\/v2\/types\/post"}],"author":[{"embeddable":true,"href":"https:\/\/www.cambe.pr.gov.br\/index.php\/wp-json\/wp\/v2\/users\/16"}],"replies":[{"embeddable":true,"href":"https:\/\/www.cambe.pr.gov.br\/index.php\/wp-json\/wp\/v2\/comments?post=10892"}],"version-history":[{"count":2,"href":"https:\/\/www.cambe.pr.gov.br\/index.php\/wp-json\/wp\/v2\/posts\/10892\/revisions"}],"predecessor-version":[{"id":10897,"href":"https:\/\/www.cambe.pr.gov.br\/index.php\/wp-json\/wp\/v2\/posts\/10892\/revisions\/10897"}],"wp:attachment":[{"href":"https:\/\/www.cambe.pr.gov.br\/index.php\/wp-json\/wp\/v2\/media?parent=10892"}],"wp:term":[{"taxonomy":"category","embeddable":true,"href":"https:\/\/www.cambe.pr.gov.br\/index.php\/wp-json\/wp\/v2\/categories?post=10892"},{"taxonomy":"post_tag","embeddable":true,"href":"https:\/\/www.cambe.pr.gov.br\/index.php\/wp-json\/wp\/v2\/tags?post=10892"}],"curies":[{"name":"wp","href":"https:\/\/api.w.org\/{rel}","templated":true}]}}