{"id":10872,"date":"2023-07-12T20:05:55","date_gmt":"2023-07-12T23:05:55","guid":{"rendered":"http:\/\/www.cambe.pr.gov.br\/?p=10872"},"modified":"2024-10-07T13:01:25","modified_gmt":"2024-10-07T16:01:25","slug":"brandt-investira-mais-de-r-100-milhoes-em-construcao-de-uma-biofabrica-em-cambe","status":"publish","type":"post","link":"https:\/\/www.cambe.pr.gov.br\/index.php\/brandt-investira-mais-de-r-100-milhoes-em-construcao-de-uma-biofabrica-em-cambe\/","title":{"rendered":"Brandt investir\u00e1 mais de R$ 100 milh\u00f5es em constru\u00e7\u00e3o de uma biof\u00e1brica em Camb\u00e9"},"content":{"rendered":"<p style=\"text-align: justify;\"><span style=\"font-weight: 400; font-family: arial, helvetica, sans-serif;\"><img fetchpriority=\"high\" decoding=\"async\" class=\"size-large wp-image-10888 alignleft\" src=\"https:\/\/www.cambe.pr.gov.br\/wp-content\/uploads\/2023\/07\/IMG_7891-1024x683.jpg\" alt=\"\" width=\"610\" height=\"407\" srcset=\"https:\/\/www.cambe.pr.gov.br\/wp-content\/uploads\/2023\/07\/IMG_7891-1024x683.jpg 1024w, https:\/\/www.cambe.pr.gov.br\/wp-content\/uploads\/2023\/07\/IMG_7891-300x200.jpg 300w, https:\/\/www.cambe.pr.gov.br\/wp-content\/uploads\/2023\/07\/IMG_7891-768x512.jpg 768w, https:\/\/www.cambe.pr.gov.br\/wp-content\/uploads\/2023\/07\/IMG_7891-1536x1024.jpg 1536w, https:\/\/www.cambe.pr.gov.br\/wp-content\/uploads\/2023\/07\/IMG_7891-2048x1365.jpg 2048w\" sizes=\"(max-width: 610px) 100vw, 610px\" \/>A subsidi\u00e1ria brasileira da americana Brandt anunciou o investimento de mais de R$ 100 milh\u00f5es em sua unidade de Camb\u00e9, em evento realizado em sua sede na tarde desta quarta-feira (12). A empresa de inova\u00e7\u00e3o tecnol\u00f3gica focada em fisiologia, nutri\u00e7\u00e3o vegetal e tecnologia de aplica\u00e7\u00e3o ir\u00e1 construir uma nova f\u00e1brica na cidade, focada na produ\u00e7\u00e3o de insumos biol\u00f3gicos para a agricultura. O investimento foi anunciado em uma visita t\u00e9cnica do prefeito Conrado Scheller \u00e0 empresa, junto com os CEOs local e global da Brandt.<\/span><\/p>\n<p style=\"text-align: justify;\"><span style=\"font-weight: 400; font-family: arial, helvetica, sans-serif;\">Ao todo, segundo a empresa, os investimentos ser\u00e3o destinados para a constru\u00e7\u00e3o de uma biof\u00e1brica, em pesquisa e desenvolvimento, registro de novos produtos e recursos humanos. O ambiente ser\u00e1 totalmente automatizado, com pain\u00e9is solares e tratamento de efluentes. Com isso, espera-se gerar 150 empregos diretos e 100 empregos indiretos em terceirizados na constru\u00e7\u00e3o da f\u00e1brica, e de 50 a 120 empregos na opera\u00e7\u00e3o da f\u00e1brica, que deve ter capacidade de produzir cerca de 3 milh\u00f5es de litros &#8211; para aproximadamente 20 milh\u00f5es de hectares &#8211; de produtos direcionados para o controle de pragas, inoculante de plantas e bioestimulantes.<\/span><\/p>\n<p style=\"text-align: justify;\"><span style=\"font-weight: 400; font-family: arial, helvetica, sans-serif;\">Conforme a Brandt, a biof\u00e1brica ter\u00e1 o m\u00f3dulo de produ\u00e7\u00e3o de biodefensivos, inoculantes e unidade formuladora. As formula\u00e7\u00f5es e microrganismos exclusivos ser\u00e3o desenvolvidos internamente, j\u00e1 que esse ano a empresa adquiriu a AgBio, especializada em pesquisa, desenvolvimento e inova\u00e7\u00e3o no segmento de biol\u00f3gico, e que ficar\u00e1 respons\u00e1vel pelas tecnologias que ser\u00e3o lan\u00e7adas nos pr\u00f3ximos anos, como solu\u00e7\u00f5es biol\u00f3gicas com microrganismos, extratos de plantas e metab\u00f3litos selecionados em tecnologia de nanoencapsulamento. Com isso, todo o insumo biol\u00f3gico importado para os mais de 80 pa\u00edses que a Brandt est\u00e1 presente sair\u00e1 de Camb\u00e9.<\/span><\/p>\n<p style=\"text-align: justify;\"><span style=\"font-weight: 400; font-family: arial, helvetica, sans-serif;\">A empresa classifica essa como uma a\u00e7\u00e3o estrat\u00e9gica, que visa atender \u00e0s futuras demandas do mercado de agricultura biodin\u00e2mica e regenerativa, impulsionada pelos investimentos em sustentabilidade. Segundo a apresenta\u00e7\u00e3o, os bioinsumos representam cerca de 10% dos insumos agr\u00edcolas utilizados na prote\u00e7\u00e3o de plantas no Brasil, mas o mercado espera duas grandes ondas de crescimento com a entrada de bioherbicidas e biofungicidas. O prefeito Conrado Scheller comemorou mais esse investimento da empresa norte-americana na cidade. &#8220;A Brandt \u00e9 um de nossos orgulhos e ver que ela est\u00e1 investindo um montante desses em Camb\u00e9, gerando emprego, receita e desenvolvimento para a cidade \u00e9 muito gratificante. Teremos produtos saindo daqui de Camb\u00e9 para o mundo&#8221;, destacou Scheller.&nbsp;<\/span><\/p>\n<p style=\"text-align: justify;\"><span style=\"font-weight: 400; font-family: arial, helvetica, sans-serif;\">O CEO da empresa, Rick Brandt, afirmou que o investimento nesse mercado ainda em est\u00e1gio inicial pode ser um grande diferencial no mercado. \u201cEstou animado. Eu acho que a ind\u00fastria de biol\u00f3gicos ser\u00e1 grande na cultura agro, \u00e9 o futuro da cultura agro, e que j\u00e1 est\u00e1 aqui. Para n\u00f3s, estar em Camb\u00e9 e construir essas instala\u00e7\u00f5es ser\u00e1 \u00f3timo. Camb\u00e9 tem muitas ind\u00fastrias, \u00e9 uma \u00f3tima cidade para se trabalhar, as pessoas s\u00e3o esfor\u00e7adas, o governo aqui ajuda muito, temos um \u00f3timo relacionamento. Estamos animados, disse Brandt.&nbsp;<\/span><\/p>\n<p style=\"text-align: justify;\"><span style=\"font-weight: 400; font-family: arial, helvetica, sans-serif;\">Wladimir Chaga, CEO da Brandt Brasil, afirma que Camb\u00e9 ir\u00e1 ganhar muito em riqueza, tanto de impostos e encargos pagos pela empresa, como gera\u00e7\u00e3o de emprego e renda local e explicou porque a Brandt escolheu o munic\u00edpio. \u201cGeograficamente e logisticamente falando, essa \u00e9 uma regi\u00e3o muito boa. Estamos em uma regi\u00e3o de transi\u00e7\u00e3o, entre o clima temperado do Sul e o Tropical de uma parte de S\u00e3o Paulo e do cerrado brasileiro. Por outro lado, a regi\u00e3o metropolitana tem v\u00e1rias empresas de sementes, recebimento de gr\u00e3os, melhoramentos de tecnologia de soja, o IAPAR, a UEL, o Embrapa. Ent\u00e3o, nada mais justo do que ter uma empresa moderna na \u00e1rea de biotecnologia. A nossa expectativa \u00e9 imensa, tanto \u00e9 que lutamos muito para trazer esse que vai ser o hub de exporta\u00e7\u00e3o para diversos pa\u00edses do mundo para c\u00e1. Buscamos de fato desenvolver bons produtos, com tecnologia para poder suprir n\u00e3o s\u00f3 a agricultura brasileira, mas globalmente falando\u201d.<\/span><\/p>\n<p style=\"text-align: justify;\"><span style=\"font-weight: 400; font-family: arial, helvetica, sans-serif;\">A Brandt Brasil \u00e9 uma subsidi\u00e1ria da norte-americana Brandt, empresa que atende agricultores em todo o mundo. Fundada em 1953, ela desenvolve tecnologias que atuam na fisiologia vegetal e tecnologia de aplica\u00e7\u00e3o e bioprote\u00e7\u00e3o para diversas culturas, e est\u00e1 presente em mais de 80 pa\u00edses. No Brasil desde 2015, a organiza\u00e7\u00e3o possui sede em Camb\u00e9 e filial em Ol\u00edmpia-SP.<\/span><\/p>\n","protected":false},"excerpt":{"rendered":"<p>A subsidi\u00e1ria brasileira da americana Brandt anunciou o investimento de mais de R$ 100 milh\u00f5es em sua unidade de Camb\u00e9, em evento realizado em sua sede na tarde desta quarta-feira (12). A empresa de inova\u00e7\u00e3o tecnol\u00f3gica focada em fisiologia, nutri\u00e7\u00e3o vegetal e tecnologia de aplica\u00e7\u00e3o ir\u00e1 construir uma nova f\u00e1brica na cidade, focada na produ\u00e7\u00e3o [&hellip;]<\/p>\n","protected":false},"author":16,"featured_media":0,"comment_status":"closed","ping_status":"open","sticky":false,"template":"","format":"standard","meta":{"ngg_post_thumbnail":0,"footnotes":""},"categories":[1],"tags":[],"class_list":["post-10872","post","type-post","status-publish","format-standard","hentry","category-principal"],"yoast_head":"<!-- This site is optimized with the Yoast SEO plugin v27.4 - https:\/\/yoast.com\/product\/yoast-seo-wordpress\/ -->\n<title>Brandt investir\u00e1 mais de R$ 100 milh\u00f5es em constru\u00e7\u00e3o de uma biof\u00e1brica em Camb\u00e9 - Prefeitura de Camb\u00e9<\/title>\n<meta name=\"robots\" content=\"index, follow, max-snippet:-1, max-image-preview:large, max-video-preview:-1\" \/>\n<link rel=\"canonical\" href=\"https:\/\/www.cambe.pr.gov.br\/index.php\/brandt-investira-mais-de-r-100-milhoes-em-construcao-de-uma-biofabrica-em-cambe\/\" \/>\n<meta property=\"og:locale\" content=\"pt_BR\" \/>\n<meta property=\"og:type\" content=\"article\" \/>\n<meta property=\"og:title\" content=\"Brandt investir\u00e1 mais de R$ 100 milh\u00f5es em constru\u00e7\u00e3o de uma biof\u00e1brica em Camb\u00e9 - Prefeitura de Camb\u00e9\" \/>\n<meta property=\"og:description\" content=\"A subsidi\u00e1ria brasileira da americana Brandt anunciou o investimento de mais de R$ 100 milh\u00f5es em sua unidade de Camb\u00e9, em evento realizado em sua sede na tarde desta quarta-feira (12). A empresa de inova\u00e7\u00e3o tecnol\u00f3gica focada em fisiologia, nutri\u00e7\u00e3o vegetal e tecnologia de aplica\u00e7\u00e3o ir\u00e1 construir uma nova f\u00e1brica na cidade, focada na produ\u00e7\u00e3o [&hellip;]\" \/>\n<meta property=\"og:url\" content=\"https:\/\/www.cambe.pr.gov.br\/index.php\/brandt-investira-mais-de-r-100-milhoes-em-construcao-de-uma-biofabrica-em-cambe\/\" \/>\n<meta property=\"og:site_name\" content=\"Prefeitura de Camb\u00e9\" \/>\n<meta property=\"article:publisher\" content=\"https:\/\/m.facebook.com\/prefeituradecambe\" \/>\n<meta property=\"article:published_time\" content=\"2023-07-12T23:05:55+00:00\" \/>\n<meta property=\"article:modified_time\" content=\"2024-10-07T16:01:25+00:00\" \/>\n<meta property=\"og:image\" content=\"http:\/\/www.cambe.pr.gov.br\/wp-content\/uploads\/2023\/07\/IMG_7891-1024x683.jpg\" \/>\n<meta name=\"author\" content=\"Vinicius Augusto Batista Eira\" \/>\n<meta name=\"twitter:card\" content=\"summary_large_image\" \/>\n<meta name=\"twitter:label1\" content=\"Escrito por\" \/>\n\t<meta name=\"twitter:data1\" content=\"Vinicius Augusto Batista Eira\" \/>\n\t<meta name=\"twitter:label2\" content=\"Est. tempo de leitura\" \/>\n\t<meta name=\"twitter:data2\" content=\"4 minutos\" \/>\n<script type=\"application\/ld+json\" class=\"yoast-schema-graph\">{\"@context\":\"https:\\\/\\\/schema.org\",\"@graph\":[{\"@type\":\"Article\",\"@id\":\"https:\\\/\\\/www.cambe.pr.gov.br\\\/index.php\\\/brandt-investira-mais-de-r-100-milhoes-em-construcao-de-uma-biofabrica-em-cambe\\\/#article\",\"isPartOf\":{\"@id\":\"https:\\\/\\\/www.cambe.pr.gov.br\\\/index.php\\\/brandt-investira-mais-de-r-100-milhoes-em-construcao-de-uma-biofabrica-em-cambe\\\/\"},\"author\":{\"name\":\"Vinicius Augusto Batista Eira\",\"@id\":\"https:\\\/\\\/www.cambe.pr.gov.br\\\/#\\\/schema\\\/person\\\/8e3ee69cb2cadf4b9f8377407227effd\"},\"headline\":\"Brandt investir\u00e1 mais de R$ 100 milh\u00f5es em constru\u00e7\u00e3o de uma biof\u00e1brica em Camb\u00e9\",\"datePublished\":\"2023-07-12T23:05:55+00:00\",\"dateModified\":\"2024-10-07T16:01:25+00:00\",\"mainEntityOfPage\":{\"@id\":\"https:\\\/\\\/www.cambe.pr.gov.br\\\/index.php\\\/brandt-investira-mais-de-r-100-milhoes-em-construcao-de-uma-biofabrica-em-cambe\\\/\"},\"wordCount\":755,\"publisher\":{\"@id\":\"https:\\\/\\\/www.cambe.pr.gov.br\\\/#organization\"},\"image\":{\"@id\":\"https:\\\/\\\/www.cambe.pr.gov.br\\\/index.php\\\/brandt-investira-mais-de-r-100-milhoes-em-construcao-de-uma-biofabrica-em-cambe\\\/#primaryimage\"},\"thumbnailUrl\":\"http:\\\/\\\/www.cambe.pr.gov.br\\\/wp-content\\\/uploads\\\/2023\\\/07\\\/IMG_7891-1024x683.jpg\",\"articleSection\":[\"Principal\"],\"inLanguage\":\"pt-BR\"},{\"@type\":\"WebPage\",\"@id\":\"https:\\\/\\\/www.cambe.pr.gov.br\\\/index.php\\\/brandt-investira-mais-de-r-100-milhoes-em-construcao-de-uma-biofabrica-em-cambe\\\/\",\"url\":\"https:\\\/\\\/www.cambe.pr.gov.br\\\/index.php\\\/brandt-investira-mais-de-r-100-milhoes-em-construcao-de-uma-biofabrica-em-cambe\\\/\",\"name\":\"Brandt investir\u00e1 mais de R$ 100 milh\u00f5es em constru\u00e7\u00e3o de uma biof\u00e1brica em Camb\u00e9 - Prefeitura de Camb\u00e9\",\"isPartOf\":{\"@id\":\"https:\\\/\\\/www.cambe.pr.gov.br\\\/#website\"},\"primaryImageOfPage\":{\"@id\":\"https:\\\/\\\/www.cambe.pr.gov.br\\\/index.php\\\/brandt-investira-mais-de-r-100-milhoes-em-construcao-de-uma-biofabrica-em-cambe\\\/#primaryimage\"},\"image\":{\"@id\":\"https:\\\/\\\/www.cambe.pr.gov.br\\\/index.php\\\/brandt-investira-mais-de-r-100-milhoes-em-construcao-de-uma-biofabrica-em-cambe\\\/#primaryimage\"},\"thumbnailUrl\":\"http:\\\/\\\/www.cambe.pr.gov.br\\\/wp-content\\\/uploads\\\/2023\\\/07\\\/IMG_7891-1024x683.jpg\",\"datePublished\":\"2023-07-12T23:05:55+00:00\",\"dateModified\":\"2024-10-07T16:01:25+00:00\",\"breadcrumb\":{\"@id\":\"https:\\\/\\\/www.cambe.pr.gov.br\\\/index.php\\\/brandt-investira-mais-de-r-100-milhoes-em-construcao-de-uma-biofabrica-em-cambe\\\/#breadcrumb\"},\"inLanguage\":\"pt-BR\",\"potentialAction\":[{\"@type\":\"ReadAction\",\"target\":[\"https:\\\/\\\/www.cambe.pr.gov.br\\\/index.php\\\/brandt-investira-mais-de-r-100-milhoes-em-construcao-de-uma-biofabrica-em-cambe\\\/\"]}]},{\"@type\":\"ImageObject\",\"inLanguage\":\"pt-BR\",\"@id\":\"https:\\\/\\\/www.cambe.pr.gov.br\\\/index.php\\\/brandt-investira-mais-de-r-100-milhoes-em-construcao-de-uma-biofabrica-em-cambe\\\/#primaryimage\",\"url\":\"http:\\\/\\\/www.cambe.pr.gov.br\\\/wp-content\\\/uploads\\\/2023\\\/07\\\/IMG_7891-1024x683.jpg\",\"contentUrl\":\"http:\\\/\\\/www.cambe.pr.gov.br\\\/wp-content\\\/uploads\\\/2023\\\/07\\\/IMG_7891-1024x683.jpg\"},{\"@type\":\"BreadcrumbList\",\"@id\":\"https:\\\/\\\/www.cambe.pr.gov.br\\\/index.php\\\/brandt-investira-mais-de-r-100-milhoes-em-construcao-de-uma-biofabrica-em-cambe\\\/#breadcrumb\",\"itemListElement\":[{\"@type\":\"ListItem\",\"position\":1,\"name\":\"In\u00edcio\",\"item\":\"https:\\\/\\\/www.cambe.pr.gov.br\\\/\"},{\"@type\":\"ListItem\",\"position\":2,\"name\":\"Brandt investir\u00e1 mais de R$ 100 milh\u00f5es em constru\u00e7\u00e3o de uma biof\u00e1brica em Camb\u00e9\"}]},{\"@type\":\"WebSite\",\"@id\":\"https:\\\/\\\/www.cambe.pr.gov.br\\\/#website\",\"url\":\"https:\\\/\\\/www.cambe.pr.gov.br\\\/\",\"name\":\"Prefeitura de Camb\u00e9\",\"description\":\"UM GOVERNO PARA TODOS\",\"publisher\":{\"@id\":\"https:\\\/\\\/www.cambe.pr.gov.br\\\/#organization\"},\"potentialAction\":[{\"@type\":\"SearchAction\",\"target\":{\"@type\":\"EntryPoint\",\"urlTemplate\":\"https:\\\/\\\/www.cambe.pr.gov.br\\\/?s={search_term_string}\"},\"query-input\":{\"@type\":\"PropertyValueSpecification\",\"valueRequired\":true,\"valueName\":\"search_term_string\"}}],\"inLanguage\":\"pt-BR\"},{\"@type\":\"Organization\",\"@id\":\"https:\\\/\\\/www.cambe.pr.gov.br\\\/#organization\",\"name\":\"Prefeitura de Camb\u00e9\",\"url\":\"https:\\\/\\\/www.cambe.pr.gov.br\\\/\",\"logo\":{\"@type\":\"ImageObject\",\"inLanguage\":\"pt-BR\",\"@id\":\"https:\\\/\\\/www.cambe.pr.gov.br\\\/#\\\/schema\\\/logo\\\/image\\\/\",\"url\":\"https:\\\/\\\/www.cambe.pr.gov.br\\\/wp-content\\\/uploads\\\/2021\\\/01\\\/cropped-cropped-cambe_brazao-icone.png\",\"contentUrl\":\"https:\\\/\\\/www.cambe.pr.gov.br\\\/wp-content\\\/uploads\\\/2021\\\/01\\\/cropped-cropped-cambe_brazao-icone.png\",\"width\":240,\"height\":240,\"caption\":\"Prefeitura de Camb\u00e9\"},\"image\":{\"@id\":\"https:\\\/\\\/www.cambe.pr.gov.br\\\/#\\\/schema\\\/logo\\\/image\\\/\"},\"sameAs\":[\"https:\\\/\\\/m.facebook.com\\\/prefeituradecambe\"]},{\"@type\":\"Person\",\"@id\":\"https:\\\/\\\/www.cambe.pr.gov.br\\\/#\\\/schema\\\/person\\\/8e3ee69cb2cadf4b9f8377407227effd\",\"name\":\"Vinicius Augusto Batista Eira\",\"image\":{\"@type\":\"ImageObject\",\"inLanguage\":\"pt-BR\",\"@id\":\"https:\\\/\\\/secure.gravatar.com\\\/avatar\\\/1ec500de7013b30e1d4d7c8c3978f0e4433c37e5d5e4cd186239369c6440122b?s=96&d=mm&r=g\",\"url\":\"https:\\\/\\\/secure.gravatar.com\\\/avatar\\\/1ec500de7013b30e1d4d7c8c3978f0e4433c37e5d5e4cd186239369c6440122b?s=96&d=mm&r=g\",\"contentUrl\":\"https:\\\/\\\/secure.gravatar.com\\\/avatar\\\/1ec500de7013b30e1d4d7c8c3978f0e4433c37e5d5e4cd186239369c6440122b?s=96&d=mm&r=g\",\"caption\":\"Vinicius Augusto Batista Eira\"},\"url\":\"https:\\\/\\\/www.cambe.pr.gov.br\\\/index.php\\\/author\\\/vabeira\\\/\"}]}<\/script>\n<!-- \/ Yoast SEO plugin. -->","yoast_head_json":{"title":"Brandt investir\u00e1 mais de R$ 100 milh\u00f5es em constru\u00e7\u00e3o de uma biof\u00e1brica em Camb\u00e9 - Prefeitura de Camb\u00e9","robots":{"index":"index","follow":"follow","max-snippet":"max-snippet:-1","max-image-preview":"max-image-preview:large","max-video-preview":"max-video-preview:-1"},"canonical":"https:\/\/www.cambe.pr.gov.br\/index.php\/brandt-investira-mais-de-r-100-milhoes-em-construcao-de-uma-biofabrica-em-cambe\/","og_locale":"pt_BR","og_type":"article","og_title":"Brandt investir\u00e1 mais de R$ 100 milh\u00f5es em constru\u00e7\u00e3o de uma biof\u00e1brica em Camb\u00e9 - Prefeitura de Camb\u00e9","og_description":"A subsidi\u00e1ria brasileira da americana Brandt anunciou o investimento de mais de R$ 100 milh\u00f5es em sua unidade de Camb\u00e9, em evento realizado em sua sede na tarde desta quarta-feira (12). A empresa de inova\u00e7\u00e3o tecnol\u00f3gica focada em fisiologia, nutri\u00e7\u00e3o vegetal e tecnologia de aplica\u00e7\u00e3o ir\u00e1 construir uma nova f\u00e1brica na cidade, focada na produ\u00e7\u00e3o [&hellip;]","og_url":"https:\/\/www.cambe.pr.gov.br\/index.php\/brandt-investira-mais-de-r-100-milhoes-em-construcao-de-uma-biofabrica-em-cambe\/","og_site_name":"Prefeitura de Camb\u00e9","article_publisher":"https:\/\/m.facebook.com\/prefeituradecambe","article_published_time":"2023-07-12T23:05:55+00:00","article_modified_time":"2024-10-07T16:01:25+00:00","og_image":[{"url":"http:\/\/www.cambe.pr.gov.br\/wp-content\/uploads\/2023\/07\/IMG_7891-1024x683.jpg","type":"","width":"","height":""}],"author":"Vinicius Augusto Batista Eira","twitter_card":"summary_large_image","twitter_misc":{"Escrito por":"Vinicius Augusto Batista Eira","Est. tempo de leitura":"4 minutos"},"schema":{"@context":"https:\/\/schema.org","@graph":[{"@type":"Article","@id":"https:\/\/www.cambe.pr.gov.br\/index.php\/brandt-investira-mais-de-r-100-milhoes-em-construcao-de-uma-biofabrica-em-cambe\/#article","isPartOf":{"@id":"https:\/\/www.cambe.pr.gov.br\/index.php\/brandt-investira-mais-de-r-100-milhoes-em-construcao-de-uma-biofabrica-em-cambe\/"},"author":{"name":"Vinicius Augusto Batista Eira","@id":"https:\/\/www.cambe.pr.gov.br\/#\/schema\/person\/8e3ee69cb2cadf4b9f8377407227effd"},"headline":"Brandt investir\u00e1 mais de R$ 100 milh\u00f5es em constru\u00e7\u00e3o de uma biof\u00e1brica em Camb\u00e9","datePublished":"2023-07-12T23:05:55+00:00","dateModified":"2024-10-07T16:01:25+00:00","mainEntityOfPage":{"@id":"https:\/\/www.cambe.pr.gov.br\/index.php\/brandt-investira-mais-de-r-100-milhoes-em-construcao-de-uma-biofabrica-em-cambe\/"},"wordCount":755,"publisher":{"@id":"https:\/\/www.cambe.pr.gov.br\/#organization"},"image":{"@id":"https:\/\/www.cambe.pr.gov.br\/index.php\/brandt-investira-mais-de-r-100-milhoes-em-construcao-de-uma-biofabrica-em-cambe\/#primaryimage"},"thumbnailUrl":"http:\/\/www.cambe.pr.gov.br\/wp-content\/uploads\/2023\/07\/IMG_7891-1024x683.jpg","articleSection":["Principal"],"inLanguage":"pt-BR"},{"@type":"WebPage","@id":"https:\/\/www.cambe.pr.gov.br\/index.php\/brandt-investira-mais-de-r-100-milhoes-em-construcao-de-uma-biofabrica-em-cambe\/","url":"https:\/\/www.cambe.pr.gov.br\/index.php\/brandt-investira-mais-de-r-100-milhoes-em-construcao-de-uma-biofabrica-em-cambe\/","name":"Brandt investir\u00e1 mais de R$ 100 milh\u00f5es em constru\u00e7\u00e3o de uma biof\u00e1brica em Camb\u00e9 - Prefeitura de Camb\u00e9","isPartOf":{"@id":"https:\/\/www.cambe.pr.gov.br\/#website"},"primaryImageOfPage":{"@id":"https:\/\/www.cambe.pr.gov.br\/index.php\/brandt-investira-mais-de-r-100-milhoes-em-construcao-de-uma-biofabrica-em-cambe\/#primaryimage"},"image":{"@id":"https:\/\/www.cambe.pr.gov.br\/index.php\/brandt-investira-mais-de-r-100-milhoes-em-construcao-de-uma-biofabrica-em-cambe\/#primaryimage"},"thumbnailUrl":"http:\/\/www.cambe.pr.gov.br\/wp-content\/uploads\/2023\/07\/IMG_7891-1024x683.jpg","datePublished":"2023-07-12T23:05:55+00:00","dateModified":"2024-10-07T16:01:25+00:00","breadcrumb":{"@id":"https:\/\/www.cambe.pr.gov.br\/index.php\/brandt-investira-mais-de-r-100-milhoes-em-construcao-de-uma-biofabrica-em-cambe\/#breadcrumb"},"inLanguage":"pt-BR","potentialAction":[{"@type":"ReadAction","target":["https:\/\/www.cambe.pr.gov.br\/index.php\/brandt-investira-mais-de-r-100-milhoes-em-construcao-de-uma-biofabrica-em-cambe\/"]}]},{"@type":"ImageObject","inLanguage":"pt-BR","@id":"https:\/\/www.cambe.pr.gov.br\/index.php\/brandt-investira-mais-de-r-100-milhoes-em-construcao-de-uma-biofabrica-em-cambe\/#primaryimage","url":"http:\/\/www.cambe.pr.gov.br\/wp-content\/uploads\/2023\/07\/IMG_7891-1024x683.jpg","contentUrl":"http:\/\/www.cambe.pr.gov.br\/wp-content\/uploads\/2023\/07\/IMG_7891-1024x683.jpg"},{"@type":"BreadcrumbList","@id":"https:\/\/www.cambe.pr.gov.br\/index.php\/brandt-investira-mais-de-r-100-milhoes-em-construcao-de-uma-biofabrica-em-cambe\/#breadcrumb","itemListElement":[{"@type":"ListItem","position":1,"name":"In\u00edcio","item":"https:\/\/www.cambe.pr.gov.br\/"},{"@type":"ListItem","position":2,"name":"Brandt investir\u00e1 mais de R$ 100 milh\u00f5es em constru\u00e7\u00e3o de uma biof\u00e1brica em Camb\u00e9"}]},{"@type":"WebSite","@id":"https:\/\/www.cambe.pr.gov.br\/#website","url":"https:\/\/www.cambe.pr.gov.br\/","name":"Prefeitura de Camb\u00e9","description":"UM GOVERNO PARA TODOS","publisher":{"@id":"https:\/\/www.cambe.pr.gov.br\/#organization"},"potentialAction":[{"@type":"SearchAction","target":{"@type":"EntryPoint","urlTemplate":"https:\/\/www.cambe.pr.gov.br\/?s={search_term_string}"},"query-input":{"@type":"PropertyValueSpecification","valueRequired":true,"valueName":"search_term_string"}}],"inLanguage":"pt-BR"},{"@type":"Organization","@id":"https:\/\/www.cambe.pr.gov.br\/#organization","name":"Prefeitura de Camb\u00e9","url":"https:\/\/www.cambe.pr.gov.br\/","logo":{"@type":"ImageObject","inLanguage":"pt-BR","@id":"https:\/\/www.cambe.pr.gov.br\/#\/schema\/logo\/image\/","url":"https:\/\/www.cambe.pr.gov.br\/wp-content\/uploads\/2021\/01\/cropped-cropped-cambe_brazao-icone.png","contentUrl":"https:\/\/www.cambe.pr.gov.br\/wp-content\/uploads\/2021\/01\/cropped-cropped-cambe_brazao-icone.png","width":240,"height":240,"caption":"Prefeitura de Camb\u00e9"},"image":{"@id":"https:\/\/www.cambe.pr.gov.br\/#\/schema\/logo\/image\/"},"sameAs":["https:\/\/m.facebook.com\/prefeituradecambe"]},{"@type":"Person","@id":"https:\/\/www.cambe.pr.gov.br\/#\/schema\/person\/8e3ee69cb2cadf4b9f8377407227effd","name":"Vinicius Augusto Batista Eira","image":{"@type":"ImageObject","inLanguage":"pt-BR","@id":"https:\/\/secure.gravatar.com\/avatar\/1ec500de7013b30e1d4d7c8c3978f0e4433c37e5d5e4cd186239369c6440122b?s=96&d=mm&r=g","url":"https:\/\/secure.gravatar.com\/avatar\/1ec500de7013b30e1d4d7c8c3978f0e4433c37e5d5e4cd186239369c6440122b?s=96&d=mm&r=g","contentUrl":"https:\/\/secure.gravatar.com\/avatar\/1ec500de7013b30e1d4d7c8c3978f0e4433c37e5d5e4cd186239369c6440122b?s=96&d=mm&r=g","caption":"Vinicius Augusto Batista Eira"},"url":"https:\/\/www.cambe.pr.gov.br\/index.php\/author\/vabeira\/"}]}},"_links":{"self":[{"href":"https:\/\/www.cambe.pr.gov.br\/index.php\/wp-json\/wp\/v2\/posts\/10872","targetHints":{"allow":["GET"]}}],"collection":[{"href":"https:\/\/www.cambe.pr.gov.br\/index.php\/wp-json\/wp\/v2\/posts"}],"about":[{"href":"https:\/\/www.cambe.pr.gov.br\/index.php\/wp-json\/wp\/v2\/types\/post"}],"author":[{"embeddable":true,"href":"https:\/\/www.cambe.pr.gov.br\/index.php\/wp-json\/wp\/v2\/users\/16"}],"replies":[{"embeddable":true,"href":"https:\/\/www.cambe.pr.gov.br\/index.php\/wp-json\/wp\/v2\/comments?post=10872"}],"version-history":[{"count":3,"href":"https:\/\/www.cambe.pr.gov.br\/index.php\/wp-json\/wp\/v2\/posts\/10872\/revisions"}],"predecessor-version":[{"id":10889,"href":"https:\/\/www.cambe.pr.gov.br\/index.php\/wp-json\/wp\/v2\/posts\/10872\/revisions\/10889"}],"wp:attachment":[{"href":"https:\/\/www.cambe.pr.gov.br\/index.php\/wp-json\/wp\/v2\/media?parent=10872"}],"wp:term":[{"taxonomy":"category","embeddable":true,"href":"https:\/\/www.cambe.pr.gov.br\/index.php\/wp-json\/wp\/v2\/categories?post=10872"},{"taxonomy":"post_tag","embeddable":true,"href":"https:\/\/www.cambe.pr.gov.br\/index.php\/wp-json\/wp\/v2\/tags?post=10872"}],"curies":[{"name":"wp","href":"https:\/\/api.w.org\/{rel}","templated":true}]}}