{"id":10595,"date":"2023-06-22T11:40:03","date_gmt":"2023-06-22T14:40:03","guid":{"rendered":"http:\/\/www.cambe.pr.gov.br\/?p=10595"},"modified":"2024-10-07T13:01:24","modified_gmt":"2024-10-07T16:01:24","slug":"sete-cambeenses-faturam-titulos-no-campeonato-brasileiro-de-kickboxing","status":"publish","type":"post","link":"https:\/\/www.cambe.pr.gov.br\/index.php\/sete-cambeenses-faturam-titulos-no-campeonato-brasileiro-de-kickboxing\/","title":{"rendered":"Sete cambeenses faturam t\u00edtulos no Campeonato Brasileiro de Kickboxing"},"content":{"rendered":"<p style=\"text-align: justify;\"><span style=\"font-weight: 400; font-family: arial, helvetica, sans-serif;\"><img fetchpriority=\"high\" decoding=\"async\" class=\"alignleft wp-image-10596 size-large\" src=\"https:\/\/www.cambe.pr.gov.br\/wp-content\/uploads\/2023\/06\/WhatsApp-Image-2023-06-16-at-12.47.10-1024x768.jpeg\" alt=\"\" width=\"610\" height=\"458\" srcset=\"https:\/\/www.cambe.pr.gov.br\/wp-content\/uploads\/2023\/06\/WhatsApp-Image-2023-06-16-at-12.47.10-1024x768.jpeg 1024w, https:\/\/www.cambe.pr.gov.br\/wp-content\/uploads\/2023\/06\/WhatsApp-Image-2023-06-16-at-12.47.10-300x225.jpeg 300w, https:\/\/www.cambe.pr.gov.br\/wp-content\/uploads\/2023\/06\/WhatsApp-Image-2023-06-16-at-12.47.10-768x576.jpeg 768w, https:\/\/www.cambe.pr.gov.br\/wp-content\/uploads\/2023\/06\/WhatsApp-Image-2023-06-16-at-12.47.10-400x300.jpeg 400w, https:\/\/www.cambe.pr.gov.br\/wp-content\/uploads\/2023\/06\/WhatsApp-Image-2023-06-16-at-12.47.10.jpeg 1280w\" sizes=\"(max-width: 610px) 100vw, 610px\" \/>Camb\u00e9 est\u00e1 mais dourada e campe\u00e3 brasileira em diferentes categorias do kickboxing. Sete atletas de duas academias da cidade, que contam com apoio da Prefeitura de Camb\u00e9 por meio da Secretaria de Esportes e Lazer, foram campe\u00f5es no Campeonato Brasileiro da modalidade, que ocorreu em Curitiba. Al\u00e9m do t\u00edtulo, eles garantiram vaga para representar o Brasil em competi\u00e7\u00f5es internacionais.<\/span><\/p>\n<p style=\"text-align: justify;\"><span style=\"font-weight: 400; font-family: arial, helvetica, sans-serif;\">Uma das academias \u00e9 a do campe\u00e3o mundial Defu Monteiro, que tamb\u00e9m conquistou t\u00edtulo brasileiro no in\u00edcio deste m\u00eas. Al\u00e9m dele, outros 4 atletas foram \u00e0 Curitiba e, desses, tr\u00eas voltaram com medalha de ouro: Defu foi campe\u00e3o na categoria K1 Style; Julia Vit\u00f3ria Bertim Morais, de 16 anos, foi campe\u00e3 na categoria Kick Light; Mariana Gomes Ten\u00f3rio Borges, de 18 anos, foi campe\u00e3 na categoria Low Kicks; e Victor Emanuel Marques da Silva, de 17 anos e j\u00e1 atleta da sele\u00e7\u00e3o brasileira, foi campe\u00e3o da categoria Light Contact. J\u00e1 Manuella Vit\u00f3ria de Oliveira Pereira, de 17 anos, conquistou a 4\u00aa coloca\u00e7\u00e3o na categoria Light Contact.<\/span><\/p>\n<p style=\"text-align: justify;\"><span style=\"font-weight: 400; font-family: arial, helvetica, sans-serif;\">Com as conquistas, Defu Monteiro e Mariana Borges conquistaram vagas para o Campeonato Sul-Americano de Kickboxing, para adultos. J\u00e1 Julia Morais e Victor Emanuel da Silva se classificaram para o Campeonato Pan-Americano do esporte, destinado para cadetes e juniores. Os dois torneios ser\u00e3o disputados juntos, em Foz do Igua\u00e7u, de 6 a 10 de dezembro.<\/span><\/p>\n<p style=\"text-align: justify;\"><span style=\"font-weight: 400; font-family: arial, helvetica, sans-serif;\">O treinador resumiu o sentimento com o brasileiro e j\u00e1 projeta a sequ\u00eancia do ano. \u201cFoi espetacular. Treinamos muito duro para conseguir chegar a esse resultado. N\u00e3o \u00e9 f\u00e1cil ter quatro campe\u00f5es, ainda mais em um campeonato que tinha atletas de mais de 20 estados, com muita experi\u00eancia. Tamb\u00e9m n\u00e3o \u00e9 f\u00e1cil ser professor, torcer pelos seus alunos, entender o momento de cada um, tentar fazer com que eles evoluam, e ainda cuidar do seu, academia, vida pessoal. Juntando tudo, quando voc\u00ea v\u00ea resultados como este, entende que est\u00e1 no caminho certo. Foi incr\u00edvel. Agora, a expectativa \u00e9 que teremos um resto de ano muito bom, e um pr\u00f3ximo ano ainda melhor, tendo em vista os Jogos Abertos de Camb\u00e9, Copa Paran\u00e1, Copa do Brasil, Pan-americano e Sul-americano. Acredito de fato que vamos conseguir uma medalha internacional\u201d, afirmou.<\/span><\/p>\n<p style=\"text-align: justify;\"><span style=\"font-weight: 400; font-family: arial, helvetica, sans-serif;\"><img decoding=\"async\" class=\"size-medium wp-image-10597 alignleft\" src=\"https:\/\/www.cambe.pr.gov.br\/wp-content\/uploads\/2023\/06\/WhatsApp-Image-2023-06-19-at-16.21.37-283x300.jpeg\" alt=\"\" width=\"283\" height=\"300\" srcset=\"https:\/\/www.cambe.pr.gov.br\/wp-content\/uploads\/2023\/06\/WhatsApp-Image-2023-06-19-at-16.21.37-283x300.jpeg 283w, https:\/\/www.cambe.pr.gov.br\/wp-content\/uploads\/2023\/06\/WhatsApp-Image-2023-06-19-at-16.21.37.jpeg 720w\" sizes=\"(max-width: 283px) 100vw, 283px\" \/>A outra academia \u00e9 a Alcateia Kickboxing, do treinador Beto Cunha, que levou tr\u00eas atletas ao Campeonato Brasileiro. Gabriela Montini da Cunha, de 16 anos, foi campe\u00e3 na categoria Point Fight &#8211; tamb\u00e9m garantindo vaga na competi\u00e7\u00e3o internacional do fim do ano -, al\u00e9m da prata na categoria Light Contact; Ana Clara Montini da Cunha, de 19 anos, foi vice-campe\u00e3 na categoria Kick Light; e Maicon Aparecido Ferreira Lino, de 22 anos, ficou em 3\u00ba lugar na categoria Point Fight.<\/span><\/p>\n<p style=\"text-align: justify;\"><span style=\"font-weight: 400; font-family: arial, helvetica, sans-serif;\">O treinador, que tamb\u00e9m \u00e9 pai da Ana Clara e da Gabriela, comentou o sentimento ap\u00f3s as conquistas dos atletas. \u201cOs atletas j\u00e1 treinam h\u00e1 bastante tempo, tem um ritmo de competi\u00e7\u00e3o bacana, vivem o esporte, vivem a expectativa de competi\u00e7\u00e3o, de buscar os resultados, a excel\u00eancia, j\u00e1 tem uma rotina de atleta. Ent\u00e3o, \u00e9 muito bacana, ajuda a seguir o planejamento, com foco no resultado, no aprimoramento t\u00e9cnico, na disciplina. \u00c9 um sentimento bacana de estar realizando isso junto com a fam\u00edlia, junto com os atletas. Uma realiza\u00e7\u00e3o muito grande.<\/span><\/p>\n<p style=\"text-align: justify;\"><span style=\"font-weight: 400; font-family: arial, helvetica, sans-serif;\">Ele tamb\u00e9m afirmou que os tr\u00eas integram a sele\u00e7\u00e3o brasileira de kickboxing em competi\u00e7\u00f5es internacionais, estando em radar ol\u00edmpico. Isso porque, desde 2021, o Comit\u00ea Ol\u00edmpico Internacional (COI) reconheceu o kickboxing como esporte ol\u00edmpico. O kickboxing deve ingressar nos jogos em at\u00e9 tr\u00eas ciclos e pode contar tanto com eles, como com o Victor da academia do Defu e outros atletas cambeenses.<\/span><\/p>\n","protected":false},"excerpt":{"rendered":"<p>Camb\u00e9 est\u00e1 mais dourada e campe\u00e3 brasileira em diferentes categorias do kickboxing. Sete atletas de duas academias da cidade, que contam com apoio da Prefeitura de Camb\u00e9 por meio da Secretaria de Esportes e Lazer, foram campe\u00f5es no Campeonato Brasileiro da modalidade, que ocorreu em Curitiba. Al\u00e9m do t\u00edtulo, eles garantiram vaga para representar o [&hellip;]<\/p>\n","protected":false},"author":16,"featured_media":0,"comment_status":"closed","ping_status":"open","sticky":false,"template":"","format":"standard","meta":{"ngg_post_thumbnail":0,"footnotes":""},"categories":[1],"tags":[],"class_list":["post-10595","post","type-post","status-publish","format-standard","hentry","category-principal"],"yoast_head":"<!-- This site is optimized with the Yoast SEO plugin v27.4 - https:\/\/yoast.com\/product\/yoast-seo-wordpress\/ -->\n<title>Sete cambeenses faturam t\u00edtulos no Campeonato Brasileiro de Kickboxing - Prefeitura de Camb\u00e9<\/title>\n<meta name=\"robots\" content=\"index, follow, max-snippet:-1, max-image-preview:large, max-video-preview:-1\" \/>\n<link rel=\"canonical\" href=\"https:\/\/www.cambe.pr.gov.br\/index.php\/sete-cambeenses-faturam-titulos-no-campeonato-brasileiro-de-kickboxing\/\" \/>\n<meta property=\"og:locale\" content=\"pt_BR\" \/>\n<meta property=\"og:type\" content=\"article\" \/>\n<meta property=\"og:title\" content=\"Sete cambeenses faturam t\u00edtulos no Campeonato Brasileiro de Kickboxing - Prefeitura de Camb\u00e9\" \/>\n<meta property=\"og:description\" content=\"Camb\u00e9 est\u00e1 mais dourada e campe\u00e3 brasileira em diferentes categorias do kickboxing. Sete atletas de duas academias da cidade, que contam com apoio da Prefeitura de Camb\u00e9 por meio da Secretaria de Esportes e Lazer, foram campe\u00f5es no Campeonato Brasileiro da modalidade, que ocorreu em Curitiba. Al\u00e9m do t\u00edtulo, eles garantiram vaga para representar o [&hellip;]\" \/>\n<meta property=\"og:url\" content=\"https:\/\/www.cambe.pr.gov.br\/index.php\/sete-cambeenses-faturam-titulos-no-campeonato-brasileiro-de-kickboxing\/\" \/>\n<meta property=\"og:site_name\" content=\"Prefeitura de Camb\u00e9\" \/>\n<meta property=\"article:publisher\" content=\"https:\/\/m.facebook.com\/prefeituradecambe\" \/>\n<meta property=\"article:published_time\" content=\"2023-06-22T14:40:03+00:00\" \/>\n<meta property=\"article:modified_time\" content=\"2024-10-07T16:01:24+00:00\" \/>\n<meta property=\"og:image\" content=\"http:\/\/www.cambe.pr.gov.br\/wp-content\/uploads\/2023\/06\/WhatsApp-Image-2023-06-16-at-12.47.10-1024x768.jpeg\" \/>\n<meta name=\"author\" content=\"Vinicius Augusto Batista Eira\" \/>\n<meta name=\"twitter:card\" content=\"summary_large_image\" \/>\n<meta name=\"twitter:label1\" content=\"Escrito por\" \/>\n\t<meta name=\"twitter:data1\" content=\"Vinicius Augusto Batista Eira\" \/>\n\t<meta name=\"twitter:label2\" content=\"Est. tempo de leitura\" \/>\n\t<meta name=\"twitter:data2\" content=\"3 minutos\" \/>\n<script type=\"application\/ld+json\" class=\"yoast-schema-graph\">{\"@context\":\"https:\\\/\\\/schema.org\",\"@graph\":[{\"@type\":\"Article\",\"@id\":\"https:\\\/\\\/www.cambe.pr.gov.br\\\/index.php\\\/sete-cambeenses-faturam-titulos-no-campeonato-brasileiro-de-kickboxing\\\/#article\",\"isPartOf\":{\"@id\":\"https:\\\/\\\/www.cambe.pr.gov.br\\\/index.php\\\/sete-cambeenses-faturam-titulos-no-campeonato-brasileiro-de-kickboxing\\\/\"},\"author\":{\"name\":\"Vinicius Augusto Batista Eira\",\"@id\":\"https:\\\/\\\/www.cambe.pr.gov.br\\\/#\\\/schema\\\/person\\\/8e3ee69cb2cadf4b9f8377407227effd\"},\"headline\":\"Sete cambeenses faturam t\u00edtulos no Campeonato Brasileiro de Kickboxing\",\"datePublished\":\"2023-06-22T14:40:03+00:00\",\"dateModified\":\"2024-10-07T16:01:24+00:00\",\"mainEntityOfPage\":{\"@id\":\"https:\\\/\\\/www.cambe.pr.gov.br\\\/index.php\\\/sete-cambeenses-faturam-titulos-no-campeonato-brasileiro-de-kickboxing\\\/\"},\"wordCount\":629,\"publisher\":{\"@id\":\"https:\\\/\\\/www.cambe.pr.gov.br\\\/#organization\"},\"image\":{\"@id\":\"https:\\\/\\\/www.cambe.pr.gov.br\\\/index.php\\\/sete-cambeenses-faturam-titulos-no-campeonato-brasileiro-de-kickboxing\\\/#primaryimage\"},\"thumbnailUrl\":\"http:\\\/\\\/www.cambe.pr.gov.br\\\/wp-content\\\/uploads\\\/2023\\\/06\\\/WhatsApp-Image-2023-06-16-at-12.47.10-1024x768.jpeg\",\"articleSection\":[\"Principal\"],\"inLanguage\":\"pt-BR\"},{\"@type\":\"WebPage\",\"@id\":\"https:\\\/\\\/www.cambe.pr.gov.br\\\/index.php\\\/sete-cambeenses-faturam-titulos-no-campeonato-brasileiro-de-kickboxing\\\/\",\"url\":\"https:\\\/\\\/www.cambe.pr.gov.br\\\/index.php\\\/sete-cambeenses-faturam-titulos-no-campeonato-brasileiro-de-kickboxing\\\/\",\"name\":\"Sete cambeenses faturam t\u00edtulos no Campeonato Brasileiro de Kickboxing - Prefeitura de Camb\u00e9\",\"isPartOf\":{\"@id\":\"https:\\\/\\\/www.cambe.pr.gov.br\\\/#website\"},\"primaryImageOfPage\":{\"@id\":\"https:\\\/\\\/www.cambe.pr.gov.br\\\/index.php\\\/sete-cambeenses-faturam-titulos-no-campeonato-brasileiro-de-kickboxing\\\/#primaryimage\"},\"image\":{\"@id\":\"https:\\\/\\\/www.cambe.pr.gov.br\\\/index.php\\\/sete-cambeenses-faturam-titulos-no-campeonato-brasileiro-de-kickboxing\\\/#primaryimage\"},\"thumbnailUrl\":\"http:\\\/\\\/www.cambe.pr.gov.br\\\/wp-content\\\/uploads\\\/2023\\\/06\\\/WhatsApp-Image-2023-06-16-at-12.47.10-1024x768.jpeg\",\"datePublished\":\"2023-06-22T14:40:03+00:00\",\"dateModified\":\"2024-10-07T16:01:24+00:00\",\"breadcrumb\":{\"@id\":\"https:\\\/\\\/www.cambe.pr.gov.br\\\/index.php\\\/sete-cambeenses-faturam-titulos-no-campeonato-brasileiro-de-kickboxing\\\/#breadcrumb\"},\"inLanguage\":\"pt-BR\",\"potentialAction\":[{\"@type\":\"ReadAction\",\"target\":[\"https:\\\/\\\/www.cambe.pr.gov.br\\\/index.php\\\/sete-cambeenses-faturam-titulos-no-campeonato-brasileiro-de-kickboxing\\\/\"]}]},{\"@type\":\"ImageObject\",\"inLanguage\":\"pt-BR\",\"@id\":\"https:\\\/\\\/www.cambe.pr.gov.br\\\/index.php\\\/sete-cambeenses-faturam-titulos-no-campeonato-brasileiro-de-kickboxing\\\/#primaryimage\",\"url\":\"http:\\\/\\\/www.cambe.pr.gov.br\\\/wp-content\\\/uploads\\\/2023\\\/06\\\/WhatsApp-Image-2023-06-16-at-12.47.10-1024x768.jpeg\",\"contentUrl\":\"http:\\\/\\\/www.cambe.pr.gov.br\\\/wp-content\\\/uploads\\\/2023\\\/06\\\/WhatsApp-Image-2023-06-16-at-12.47.10-1024x768.jpeg\"},{\"@type\":\"BreadcrumbList\",\"@id\":\"https:\\\/\\\/www.cambe.pr.gov.br\\\/index.php\\\/sete-cambeenses-faturam-titulos-no-campeonato-brasileiro-de-kickboxing\\\/#breadcrumb\",\"itemListElement\":[{\"@type\":\"ListItem\",\"position\":1,\"name\":\"In\u00edcio\",\"item\":\"https:\\\/\\\/www.cambe.pr.gov.br\\\/\"},{\"@type\":\"ListItem\",\"position\":2,\"name\":\"Sete cambeenses faturam t\u00edtulos no Campeonato Brasileiro de Kickboxing\"}]},{\"@type\":\"WebSite\",\"@id\":\"https:\\\/\\\/www.cambe.pr.gov.br\\\/#website\",\"url\":\"https:\\\/\\\/www.cambe.pr.gov.br\\\/\",\"name\":\"Prefeitura de Camb\u00e9\",\"description\":\"UM GOVERNO PARA TODOS\",\"publisher\":{\"@id\":\"https:\\\/\\\/www.cambe.pr.gov.br\\\/#organization\"},\"potentialAction\":[{\"@type\":\"SearchAction\",\"target\":{\"@type\":\"EntryPoint\",\"urlTemplate\":\"https:\\\/\\\/www.cambe.pr.gov.br\\\/?s={search_term_string}\"},\"query-input\":{\"@type\":\"PropertyValueSpecification\",\"valueRequired\":true,\"valueName\":\"search_term_string\"}}],\"inLanguage\":\"pt-BR\"},{\"@type\":\"Organization\",\"@id\":\"https:\\\/\\\/www.cambe.pr.gov.br\\\/#organization\",\"name\":\"Prefeitura de Camb\u00e9\",\"url\":\"https:\\\/\\\/www.cambe.pr.gov.br\\\/\",\"logo\":{\"@type\":\"ImageObject\",\"inLanguage\":\"pt-BR\",\"@id\":\"https:\\\/\\\/www.cambe.pr.gov.br\\\/#\\\/schema\\\/logo\\\/image\\\/\",\"url\":\"https:\\\/\\\/www.cambe.pr.gov.br\\\/wp-content\\\/uploads\\\/2021\\\/01\\\/cropped-cropped-cambe_brazao-icone.png\",\"contentUrl\":\"https:\\\/\\\/www.cambe.pr.gov.br\\\/wp-content\\\/uploads\\\/2021\\\/01\\\/cropped-cropped-cambe_brazao-icone.png\",\"width\":240,\"height\":240,\"caption\":\"Prefeitura de Camb\u00e9\"},\"image\":{\"@id\":\"https:\\\/\\\/www.cambe.pr.gov.br\\\/#\\\/schema\\\/logo\\\/image\\\/\"},\"sameAs\":[\"https:\\\/\\\/m.facebook.com\\\/prefeituradecambe\"]},{\"@type\":\"Person\",\"@id\":\"https:\\\/\\\/www.cambe.pr.gov.br\\\/#\\\/schema\\\/person\\\/8e3ee69cb2cadf4b9f8377407227effd\",\"name\":\"Vinicius Augusto Batista Eira\",\"image\":{\"@type\":\"ImageObject\",\"inLanguage\":\"pt-BR\",\"@id\":\"https:\\\/\\\/secure.gravatar.com\\\/avatar\\\/1ec500de7013b30e1d4d7c8c3978f0e4433c37e5d5e4cd186239369c6440122b?s=96&d=mm&r=g\",\"url\":\"https:\\\/\\\/secure.gravatar.com\\\/avatar\\\/1ec500de7013b30e1d4d7c8c3978f0e4433c37e5d5e4cd186239369c6440122b?s=96&d=mm&r=g\",\"contentUrl\":\"https:\\\/\\\/secure.gravatar.com\\\/avatar\\\/1ec500de7013b30e1d4d7c8c3978f0e4433c37e5d5e4cd186239369c6440122b?s=96&d=mm&r=g\",\"caption\":\"Vinicius Augusto Batista Eira\"},\"url\":\"https:\\\/\\\/www.cambe.pr.gov.br\\\/index.php\\\/author\\\/vabeira\\\/\"}]}<\/script>\n<!-- \/ Yoast SEO plugin. -->","yoast_head_json":{"title":"Sete cambeenses faturam t\u00edtulos no Campeonato Brasileiro de Kickboxing - Prefeitura de Camb\u00e9","robots":{"index":"index","follow":"follow","max-snippet":"max-snippet:-1","max-image-preview":"max-image-preview:large","max-video-preview":"max-video-preview:-1"},"canonical":"https:\/\/www.cambe.pr.gov.br\/index.php\/sete-cambeenses-faturam-titulos-no-campeonato-brasileiro-de-kickboxing\/","og_locale":"pt_BR","og_type":"article","og_title":"Sete cambeenses faturam t\u00edtulos no Campeonato Brasileiro de Kickboxing - Prefeitura de Camb\u00e9","og_description":"Camb\u00e9 est\u00e1 mais dourada e campe\u00e3 brasileira em diferentes categorias do kickboxing. Sete atletas de duas academias da cidade, que contam com apoio da Prefeitura de Camb\u00e9 por meio da Secretaria de Esportes e Lazer, foram campe\u00f5es no Campeonato Brasileiro da modalidade, que ocorreu em Curitiba. Al\u00e9m do t\u00edtulo, eles garantiram vaga para representar o [&hellip;]","og_url":"https:\/\/www.cambe.pr.gov.br\/index.php\/sete-cambeenses-faturam-titulos-no-campeonato-brasileiro-de-kickboxing\/","og_site_name":"Prefeitura de Camb\u00e9","article_publisher":"https:\/\/m.facebook.com\/prefeituradecambe","article_published_time":"2023-06-22T14:40:03+00:00","article_modified_time":"2024-10-07T16:01:24+00:00","og_image":[{"url":"http:\/\/www.cambe.pr.gov.br\/wp-content\/uploads\/2023\/06\/WhatsApp-Image-2023-06-16-at-12.47.10-1024x768.jpeg","type":"","width":"","height":""}],"author":"Vinicius Augusto Batista Eira","twitter_card":"summary_large_image","twitter_misc":{"Escrito por":"Vinicius Augusto Batista Eira","Est. tempo de leitura":"3 minutos"},"schema":{"@context":"https:\/\/schema.org","@graph":[{"@type":"Article","@id":"https:\/\/www.cambe.pr.gov.br\/index.php\/sete-cambeenses-faturam-titulos-no-campeonato-brasileiro-de-kickboxing\/#article","isPartOf":{"@id":"https:\/\/www.cambe.pr.gov.br\/index.php\/sete-cambeenses-faturam-titulos-no-campeonato-brasileiro-de-kickboxing\/"},"author":{"name":"Vinicius Augusto Batista Eira","@id":"https:\/\/www.cambe.pr.gov.br\/#\/schema\/person\/8e3ee69cb2cadf4b9f8377407227effd"},"headline":"Sete cambeenses faturam t\u00edtulos no Campeonato Brasileiro de Kickboxing","datePublished":"2023-06-22T14:40:03+00:00","dateModified":"2024-10-07T16:01:24+00:00","mainEntityOfPage":{"@id":"https:\/\/www.cambe.pr.gov.br\/index.php\/sete-cambeenses-faturam-titulos-no-campeonato-brasileiro-de-kickboxing\/"},"wordCount":629,"publisher":{"@id":"https:\/\/www.cambe.pr.gov.br\/#organization"},"image":{"@id":"https:\/\/www.cambe.pr.gov.br\/index.php\/sete-cambeenses-faturam-titulos-no-campeonato-brasileiro-de-kickboxing\/#primaryimage"},"thumbnailUrl":"http:\/\/www.cambe.pr.gov.br\/wp-content\/uploads\/2023\/06\/WhatsApp-Image-2023-06-16-at-12.47.10-1024x768.jpeg","articleSection":["Principal"],"inLanguage":"pt-BR"},{"@type":"WebPage","@id":"https:\/\/www.cambe.pr.gov.br\/index.php\/sete-cambeenses-faturam-titulos-no-campeonato-brasileiro-de-kickboxing\/","url":"https:\/\/www.cambe.pr.gov.br\/index.php\/sete-cambeenses-faturam-titulos-no-campeonato-brasileiro-de-kickboxing\/","name":"Sete cambeenses faturam t\u00edtulos no Campeonato Brasileiro de Kickboxing - Prefeitura de Camb\u00e9","isPartOf":{"@id":"https:\/\/www.cambe.pr.gov.br\/#website"},"primaryImageOfPage":{"@id":"https:\/\/www.cambe.pr.gov.br\/index.php\/sete-cambeenses-faturam-titulos-no-campeonato-brasileiro-de-kickboxing\/#primaryimage"},"image":{"@id":"https:\/\/www.cambe.pr.gov.br\/index.php\/sete-cambeenses-faturam-titulos-no-campeonato-brasileiro-de-kickboxing\/#primaryimage"},"thumbnailUrl":"http:\/\/www.cambe.pr.gov.br\/wp-content\/uploads\/2023\/06\/WhatsApp-Image-2023-06-16-at-12.47.10-1024x768.jpeg","datePublished":"2023-06-22T14:40:03+00:00","dateModified":"2024-10-07T16:01:24+00:00","breadcrumb":{"@id":"https:\/\/www.cambe.pr.gov.br\/index.php\/sete-cambeenses-faturam-titulos-no-campeonato-brasileiro-de-kickboxing\/#breadcrumb"},"inLanguage":"pt-BR","potentialAction":[{"@type":"ReadAction","target":["https:\/\/www.cambe.pr.gov.br\/index.php\/sete-cambeenses-faturam-titulos-no-campeonato-brasileiro-de-kickboxing\/"]}]},{"@type":"ImageObject","inLanguage":"pt-BR","@id":"https:\/\/www.cambe.pr.gov.br\/index.php\/sete-cambeenses-faturam-titulos-no-campeonato-brasileiro-de-kickboxing\/#primaryimage","url":"http:\/\/www.cambe.pr.gov.br\/wp-content\/uploads\/2023\/06\/WhatsApp-Image-2023-06-16-at-12.47.10-1024x768.jpeg","contentUrl":"http:\/\/www.cambe.pr.gov.br\/wp-content\/uploads\/2023\/06\/WhatsApp-Image-2023-06-16-at-12.47.10-1024x768.jpeg"},{"@type":"BreadcrumbList","@id":"https:\/\/www.cambe.pr.gov.br\/index.php\/sete-cambeenses-faturam-titulos-no-campeonato-brasileiro-de-kickboxing\/#breadcrumb","itemListElement":[{"@type":"ListItem","position":1,"name":"In\u00edcio","item":"https:\/\/www.cambe.pr.gov.br\/"},{"@type":"ListItem","position":2,"name":"Sete cambeenses faturam t\u00edtulos no Campeonato Brasileiro de Kickboxing"}]},{"@type":"WebSite","@id":"https:\/\/www.cambe.pr.gov.br\/#website","url":"https:\/\/www.cambe.pr.gov.br\/","name":"Prefeitura de Camb\u00e9","description":"UM GOVERNO PARA TODOS","publisher":{"@id":"https:\/\/www.cambe.pr.gov.br\/#organization"},"potentialAction":[{"@type":"SearchAction","target":{"@type":"EntryPoint","urlTemplate":"https:\/\/www.cambe.pr.gov.br\/?s={search_term_string}"},"query-input":{"@type":"PropertyValueSpecification","valueRequired":true,"valueName":"search_term_string"}}],"inLanguage":"pt-BR"},{"@type":"Organization","@id":"https:\/\/www.cambe.pr.gov.br\/#organization","name":"Prefeitura de Camb\u00e9","url":"https:\/\/www.cambe.pr.gov.br\/","logo":{"@type":"ImageObject","inLanguage":"pt-BR","@id":"https:\/\/www.cambe.pr.gov.br\/#\/schema\/logo\/image\/","url":"https:\/\/www.cambe.pr.gov.br\/wp-content\/uploads\/2021\/01\/cropped-cropped-cambe_brazao-icone.png","contentUrl":"https:\/\/www.cambe.pr.gov.br\/wp-content\/uploads\/2021\/01\/cropped-cropped-cambe_brazao-icone.png","width":240,"height":240,"caption":"Prefeitura de Camb\u00e9"},"image":{"@id":"https:\/\/www.cambe.pr.gov.br\/#\/schema\/logo\/image\/"},"sameAs":["https:\/\/m.facebook.com\/prefeituradecambe"]},{"@type":"Person","@id":"https:\/\/www.cambe.pr.gov.br\/#\/schema\/person\/8e3ee69cb2cadf4b9f8377407227effd","name":"Vinicius Augusto Batista Eira","image":{"@type":"ImageObject","inLanguage":"pt-BR","@id":"https:\/\/secure.gravatar.com\/avatar\/1ec500de7013b30e1d4d7c8c3978f0e4433c37e5d5e4cd186239369c6440122b?s=96&d=mm&r=g","url":"https:\/\/secure.gravatar.com\/avatar\/1ec500de7013b30e1d4d7c8c3978f0e4433c37e5d5e4cd186239369c6440122b?s=96&d=mm&r=g","contentUrl":"https:\/\/secure.gravatar.com\/avatar\/1ec500de7013b30e1d4d7c8c3978f0e4433c37e5d5e4cd186239369c6440122b?s=96&d=mm&r=g","caption":"Vinicius Augusto Batista Eira"},"url":"https:\/\/www.cambe.pr.gov.br\/index.php\/author\/vabeira\/"}]}},"_links":{"self":[{"href":"https:\/\/www.cambe.pr.gov.br\/index.php\/wp-json\/wp\/v2\/posts\/10595","targetHints":{"allow":["GET"]}}],"collection":[{"href":"https:\/\/www.cambe.pr.gov.br\/index.php\/wp-json\/wp\/v2\/posts"}],"about":[{"href":"https:\/\/www.cambe.pr.gov.br\/index.php\/wp-json\/wp\/v2\/types\/post"}],"author":[{"embeddable":true,"href":"https:\/\/www.cambe.pr.gov.br\/index.php\/wp-json\/wp\/v2\/users\/16"}],"replies":[{"embeddable":true,"href":"https:\/\/www.cambe.pr.gov.br\/index.php\/wp-json\/wp\/v2\/comments?post=10595"}],"version-history":[{"count":2,"href":"https:\/\/www.cambe.pr.gov.br\/index.php\/wp-json\/wp\/v2\/posts\/10595\/revisions"}],"predecessor-version":[{"id":10618,"href":"https:\/\/www.cambe.pr.gov.br\/index.php\/wp-json\/wp\/v2\/posts\/10595\/revisions\/10618"}],"wp:attachment":[{"href":"https:\/\/www.cambe.pr.gov.br\/index.php\/wp-json\/wp\/v2\/media?parent=10595"}],"wp:term":[{"taxonomy":"category","embeddable":true,"href":"https:\/\/www.cambe.pr.gov.br\/index.php\/wp-json\/wp\/v2\/categories?post=10595"},{"taxonomy":"post_tag","embeddable":true,"href":"https:\/\/www.cambe.pr.gov.br\/index.php\/wp-json\/wp\/v2\/tags?post=10595"}],"curies":[{"name":"wp","href":"https:\/\/api.w.org\/{rel}","templated":true}]}}