{"id":10302,"date":"2023-05-25T11:13:18","date_gmt":"2023-05-25T14:13:18","guid":{"rendered":"http:\/\/www.cambe.pr.gov.br\/?p=10302"},"modified":"2024-10-07T13:01:11","modified_gmt":"2024-10-07T16:01:11","slug":"defensoria-publica-do-parana-abre-posto-avancado-de-atendimento-em-cambe","status":"publish","type":"post","link":"https:\/\/www.cambe.pr.gov.br\/index.php\/defensoria-publica-do-parana-abre-posto-avancado-de-atendimento-em-cambe\/","title":{"rendered":"Defensoria P\u00fablica do Paran\u00e1 abre posto avan\u00e7ado de atendimento em Camb\u00e9"},"content":{"rendered":"<p style=\"text-align: justify;\"><span style=\"font-weight: 400; font-family: arial, helvetica, sans-serif;\"><img fetchpriority=\"high\" decoding=\"async\" class=\"alignleft wp-image-10331 size-large\" src=\"https:\/\/www.cambe.pr.gov.br\/wp-content\/uploads\/2023\/05\/defensoria02-1024x678.jpg\" alt=\"\" width=\"610\" height=\"404\" srcset=\"https:\/\/www.cambe.pr.gov.br\/wp-content\/uploads\/2023\/05\/defensoria02-1024x678.jpg 1024w, https:\/\/www.cambe.pr.gov.br\/wp-content\/uploads\/2023\/05\/defensoria02-300x199.jpg 300w, https:\/\/www.cambe.pr.gov.br\/wp-content\/uploads\/2023\/05\/defensoria02-768x509.jpg 768w, https:\/\/www.cambe.pr.gov.br\/wp-content\/uploads\/2023\/05\/defensoria02-1536x1017.jpg 1536w, https:\/\/www.cambe.pr.gov.br\/wp-content\/uploads\/2023\/05\/defensoria02-2048x1356.jpg 2048w\" sizes=\"(max-width: 610px) 100vw, 610px\" \/>Com a nomea\u00e7\u00e3o de 40 novos defensores p\u00fablicos no Paran\u00e1, o estado ampliou seu atendimento no setor em diversas regi\u00f5es e Camb\u00e9 recebeu um posto avan\u00e7ado de atendimento da Defensoria P\u00fablica do Estado do Paran\u00e1 (DPE-PR), que est\u00e1 localizada no F\u00f3rum da cidade.<\/span><\/p>\n<p style=\"text-align: justify;\"><span style=\"font-weight: 400; font-family: arial, helvetica, sans-serif;\">At\u00e9 ent\u00e3o, o cambeense que precisasse de atendimento nas \u00e1reas de fam\u00edlia e sucess\u00f5es; registros p\u00fablicos; execu\u00e7\u00e3o penal; criminal; inf\u00e2ncia, juventude c\u00edvel e infracional tinha que ir at\u00e9 a sede de Londrina. Mas a partir dessa semana, os servi\u00e7os podem ser feitos em uma sala, no F\u00f3rum, localizado na Avenida Roberto Concei\u00e7\u00e3o, 532, de segunda a quinta-feira, das 13h \u00e0s 17h.<\/span><\/p>\n<p style=\"text-align: justify;\"><span style=\"font-weight: 400; font-family: arial, helvetica, sans-serif;\">A assessora jur\u00eddica Isabela Quero destacou a import\u00e2ncia de Camb\u00e9 receber o posto avan\u00e7ado. \u201cA defensoria p\u00fablica \u00e9 um dos maiores instrumentos de acesso \u00e0 justi\u00e7a. Atrav\u00e9s dela, aqueles que n\u00e3o t\u00eam condi\u00e7\u00f5es de pagar podem ter acesso a orienta\u00e7\u00e3o e assist\u00eancia jur\u00eddica integralmente e de forma gratuita\u201d, afirmou.<\/span><\/p>\n<p style=\"text-align: justify;\"><span style=\"font-weight: 400; font-family: arial, helvetica, sans-serif;\">Camb\u00e9 foi escolhida para receber um posto avan\u00e7ado por determina\u00e7\u00e3o constitucional que prioriza regi\u00f5es com maiores \u00edndices de exclus\u00e3o social e aumento da taxa de crescimento da popula\u00e7\u00e3o, permitindo o acesso aos servi\u00e7os da Defensoria.<\/span><\/p>\n","protected":false},"excerpt":{"rendered":"<p>Com a nomea\u00e7\u00e3o de 40 novos defensores p\u00fablicos no Paran\u00e1, o estado ampliou seu atendimento no setor em diversas regi\u00f5es e Camb\u00e9 recebeu um posto avan\u00e7ado de atendimento da Defensoria P\u00fablica do Estado do Paran\u00e1 (DPE-PR), que est\u00e1 localizada no F\u00f3rum da cidade. At\u00e9 ent\u00e3o, o cambeense que precisasse de atendimento nas \u00e1reas de fam\u00edlia [&hellip;]<\/p>\n","protected":false},"author":16,"featured_media":0,"comment_status":"closed","ping_status":"open","sticky":false,"template":"","format":"standard","meta":{"ngg_post_thumbnail":0,"footnotes":""},"categories":[1],"tags":[],"class_list":["post-10302","post","type-post","status-publish","format-standard","hentry","category-principal"],"yoast_head":"<!-- This site is optimized with the Yoast SEO plugin v27.4 - https:\/\/yoast.com\/product\/yoast-seo-wordpress\/ -->\n<title>Defensoria P\u00fablica do Paran\u00e1 abre posto avan\u00e7ado de atendimento em Camb\u00e9 - Prefeitura de Camb\u00e9<\/title>\n<meta name=\"robots\" content=\"index, follow, max-snippet:-1, max-image-preview:large, max-video-preview:-1\" \/>\n<link rel=\"canonical\" href=\"https:\/\/www.cambe.pr.gov.br\/index.php\/defensoria-publica-do-parana-abre-posto-avancado-de-atendimento-em-cambe\/\" \/>\n<meta property=\"og:locale\" content=\"pt_BR\" \/>\n<meta property=\"og:type\" content=\"article\" \/>\n<meta property=\"og:title\" content=\"Defensoria P\u00fablica do Paran\u00e1 abre posto avan\u00e7ado de atendimento em Camb\u00e9 - Prefeitura de Camb\u00e9\" \/>\n<meta property=\"og:description\" content=\"Com a nomea\u00e7\u00e3o de 40 novos defensores p\u00fablicos no Paran\u00e1, o estado ampliou seu atendimento no setor em diversas regi\u00f5es e Camb\u00e9 recebeu um posto avan\u00e7ado de atendimento da Defensoria P\u00fablica do Estado do Paran\u00e1 (DPE-PR), que est\u00e1 localizada no F\u00f3rum da cidade. At\u00e9 ent\u00e3o, o cambeense que precisasse de atendimento nas \u00e1reas de fam\u00edlia [&hellip;]\" \/>\n<meta property=\"og:url\" content=\"https:\/\/www.cambe.pr.gov.br\/index.php\/defensoria-publica-do-parana-abre-posto-avancado-de-atendimento-em-cambe\/\" \/>\n<meta property=\"og:site_name\" content=\"Prefeitura de Camb\u00e9\" \/>\n<meta property=\"article:publisher\" content=\"https:\/\/m.facebook.com\/prefeituradecambe\" \/>\n<meta property=\"article:published_time\" content=\"2023-05-25T14:13:18+00:00\" \/>\n<meta property=\"article:modified_time\" content=\"2024-10-07T16:01:11+00:00\" \/>\n<meta property=\"og:image\" content=\"http:\/\/www.cambe.pr.gov.br\/wp-content\/uploads\/2023\/05\/defensoria02-1024x678.jpg\" \/>\n<meta name=\"author\" content=\"Vinicius Augusto Batista Eira\" \/>\n<meta name=\"twitter:card\" content=\"summary_large_image\" \/>\n<meta name=\"twitter:label1\" content=\"Escrito por\" \/>\n\t<meta name=\"twitter:data1\" content=\"Vinicius Augusto Batista Eira\" \/>\n\t<meta name=\"twitter:label2\" content=\"Est. tempo de leitura\" \/>\n\t<meta name=\"twitter:data2\" content=\"1 minuto\" \/>\n<script type=\"application\/ld+json\" class=\"yoast-schema-graph\">{\"@context\":\"https:\\\/\\\/schema.org\",\"@graph\":[{\"@type\":\"Article\",\"@id\":\"https:\\\/\\\/www.cambe.pr.gov.br\\\/index.php\\\/defensoria-publica-do-parana-abre-posto-avancado-de-atendimento-em-cambe\\\/#article\",\"isPartOf\":{\"@id\":\"https:\\\/\\\/www.cambe.pr.gov.br\\\/index.php\\\/defensoria-publica-do-parana-abre-posto-avancado-de-atendimento-em-cambe\\\/\"},\"author\":{\"name\":\"Vinicius Augusto Batista Eira\",\"@id\":\"https:\\\/\\\/www.cambe.pr.gov.br\\\/#\\\/schema\\\/person\\\/8e3ee69cb2cadf4b9f8377407227effd\"},\"headline\":\"Defensoria P\u00fablica do Paran\u00e1 abre posto avan\u00e7ado de atendimento em Camb\u00e9\",\"datePublished\":\"2023-05-25T14:13:18+00:00\",\"dateModified\":\"2024-10-07T16:01:11+00:00\",\"mainEntityOfPage\":{\"@id\":\"https:\\\/\\\/www.cambe.pr.gov.br\\\/index.php\\\/defensoria-publica-do-parana-abre-posto-avancado-de-atendimento-em-cambe\\\/\"},\"wordCount\":231,\"publisher\":{\"@id\":\"https:\\\/\\\/www.cambe.pr.gov.br\\\/#organization\"},\"image\":{\"@id\":\"https:\\\/\\\/www.cambe.pr.gov.br\\\/index.php\\\/defensoria-publica-do-parana-abre-posto-avancado-de-atendimento-em-cambe\\\/#primaryimage\"},\"thumbnailUrl\":\"http:\\\/\\\/www.cambe.pr.gov.br\\\/wp-content\\\/uploads\\\/2023\\\/05\\\/defensoria02-1024x678.jpg\",\"articleSection\":[\"Principal\"],\"inLanguage\":\"pt-BR\"},{\"@type\":\"WebPage\",\"@id\":\"https:\\\/\\\/www.cambe.pr.gov.br\\\/index.php\\\/defensoria-publica-do-parana-abre-posto-avancado-de-atendimento-em-cambe\\\/\",\"url\":\"https:\\\/\\\/www.cambe.pr.gov.br\\\/index.php\\\/defensoria-publica-do-parana-abre-posto-avancado-de-atendimento-em-cambe\\\/\",\"name\":\"Defensoria P\u00fablica do Paran\u00e1 abre posto avan\u00e7ado de atendimento em Camb\u00e9 - Prefeitura de Camb\u00e9\",\"isPartOf\":{\"@id\":\"https:\\\/\\\/www.cambe.pr.gov.br\\\/#website\"},\"primaryImageOfPage\":{\"@id\":\"https:\\\/\\\/www.cambe.pr.gov.br\\\/index.php\\\/defensoria-publica-do-parana-abre-posto-avancado-de-atendimento-em-cambe\\\/#primaryimage\"},\"image\":{\"@id\":\"https:\\\/\\\/www.cambe.pr.gov.br\\\/index.php\\\/defensoria-publica-do-parana-abre-posto-avancado-de-atendimento-em-cambe\\\/#primaryimage\"},\"thumbnailUrl\":\"http:\\\/\\\/www.cambe.pr.gov.br\\\/wp-content\\\/uploads\\\/2023\\\/05\\\/defensoria02-1024x678.jpg\",\"datePublished\":\"2023-05-25T14:13:18+00:00\",\"dateModified\":\"2024-10-07T16:01:11+00:00\",\"breadcrumb\":{\"@id\":\"https:\\\/\\\/www.cambe.pr.gov.br\\\/index.php\\\/defensoria-publica-do-parana-abre-posto-avancado-de-atendimento-em-cambe\\\/#breadcrumb\"},\"inLanguage\":\"pt-BR\",\"potentialAction\":[{\"@type\":\"ReadAction\",\"target\":[\"https:\\\/\\\/www.cambe.pr.gov.br\\\/index.php\\\/defensoria-publica-do-parana-abre-posto-avancado-de-atendimento-em-cambe\\\/\"]}]},{\"@type\":\"ImageObject\",\"inLanguage\":\"pt-BR\",\"@id\":\"https:\\\/\\\/www.cambe.pr.gov.br\\\/index.php\\\/defensoria-publica-do-parana-abre-posto-avancado-de-atendimento-em-cambe\\\/#primaryimage\",\"url\":\"http:\\\/\\\/www.cambe.pr.gov.br\\\/wp-content\\\/uploads\\\/2023\\\/05\\\/defensoria02-1024x678.jpg\",\"contentUrl\":\"http:\\\/\\\/www.cambe.pr.gov.br\\\/wp-content\\\/uploads\\\/2023\\\/05\\\/defensoria02-1024x678.jpg\"},{\"@type\":\"BreadcrumbList\",\"@id\":\"https:\\\/\\\/www.cambe.pr.gov.br\\\/index.php\\\/defensoria-publica-do-parana-abre-posto-avancado-de-atendimento-em-cambe\\\/#breadcrumb\",\"itemListElement\":[{\"@type\":\"ListItem\",\"position\":1,\"name\":\"In\u00edcio\",\"item\":\"https:\\\/\\\/www.cambe.pr.gov.br\\\/\"},{\"@type\":\"ListItem\",\"position\":2,\"name\":\"Defensoria P\u00fablica do Paran\u00e1 abre posto avan\u00e7ado de atendimento em Camb\u00e9\"}]},{\"@type\":\"WebSite\",\"@id\":\"https:\\\/\\\/www.cambe.pr.gov.br\\\/#website\",\"url\":\"https:\\\/\\\/www.cambe.pr.gov.br\\\/\",\"name\":\"Prefeitura de Camb\u00e9\",\"description\":\"UM GOVERNO PARA TODOS\",\"publisher\":{\"@id\":\"https:\\\/\\\/www.cambe.pr.gov.br\\\/#organization\"},\"potentialAction\":[{\"@type\":\"SearchAction\",\"target\":{\"@type\":\"EntryPoint\",\"urlTemplate\":\"https:\\\/\\\/www.cambe.pr.gov.br\\\/?s={search_term_string}\"},\"query-input\":{\"@type\":\"PropertyValueSpecification\",\"valueRequired\":true,\"valueName\":\"search_term_string\"}}],\"inLanguage\":\"pt-BR\"},{\"@type\":\"Organization\",\"@id\":\"https:\\\/\\\/www.cambe.pr.gov.br\\\/#organization\",\"name\":\"Prefeitura de Camb\u00e9\",\"url\":\"https:\\\/\\\/www.cambe.pr.gov.br\\\/\",\"logo\":{\"@type\":\"ImageObject\",\"inLanguage\":\"pt-BR\",\"@id\":\"https:\\\/\\\/www.cambe.pr.gov.br\\\/#\\\/schema\\\/logo\\\/image\\\/\",\"url\":\"https:\\\/\\\/www.cambe.pr.gov.br\\\/wp-content\\\/uploads\\\/2021\\\/01\\\/cropped-cropped-cambe_brazao-icone.png\",\"contentUrl\":\"https:\\\/\\\/www.cambe.pr.gov.br\\\/wp-content\\\/uploads\\\/2021\\\/01\\\/cropped-cropped-cambe_brazao-icone.png\",\"width\":240,\"height\":240,\"caption\":\"Prefeitura de Camb\u00e9\"},\"image\":{\"@id\":\"https:\\\/\\\/www.cambe.pr.gov.br\\\/#\\\/schema\\\/logo\\\/image\\\/\"},\"sameAs\":[\"https:\\\/\\\/m.facebook.com\\\/prefeituradecambe\"]},{\"@type\":\"Person\",\"@id\":\"https:\\\/\\\/www.cambe.pr.gov.br\\\/#\\\/schema\\\/person\\\/8e3ee69cb2cadf4b9f8377407227effd\",\"name\":\"Vinicius Augusto Batista Eira\",\"image\":{\"@type\":\"ImageObject\",\"inLanguage\":\"pt-BR\",\"@id\":\"https:\\\/\\\/secure.gravatar.com\\\/avatar\\\/1ec500de7013b30e1d4d7c8c3978f0e4433c37e5d5e4cd186239369c6440122b?s=96&d=mm&r=g\",\"url\":\"https:\\\/\\\/secure.gravatar.com\\\/avatar\\\/1ec500de7013b30e1d4d7c8c3978f0e4433c37e5d5e4cd186239369c6440122b?s=96&d=mm&r=g\",\"contentUrl\":\"https:\\\/\\\/secure.gravatar.com\\\/avatar\\\/1ec500de7013b30e1d4d7c8c3978f0e4433c37e5d5e4cd186239369c6440122b?s=96&d=mm&r=g\",\"caption\":\"Vinicius Augusto Batista Eira\"},\"url\":\"https:\\\/\\\/www.cambe.pr.gov.br\\\/index.php\\\/author\\\/vabeira\\\/\"}]}<\/script>\n<!-- \/ Yoast SEO plugin. -->","yoast_head_json":{"title":"Defensoria P\u00fablica do Paran\u00e1 abre posto avan\u00e7ado de atendimento em Camb\u00e9 - Prefeitura de Camb\u00e9","robots":{"index":"index","follow":"follow","max-snippet":"max-snippet:-1","max-image-preview":"max-image-preview:large","max-video-preview":"max-video-preview:-1"},"canonical":"https:\/\/www.cambe.pr.gov.br\/index.php\/defensoria-publica-do-parana-abre-posto-avancado-de-atendimento-em-cambe\/","og_locale":"pt_BR","og_type":"article","og_title":"Defensoria P\u00fablica do Paran\u00e1 abre posto avan\u00e7ado de atendimento em Camb\u00e9 - Prefeitura de Camb\u00e9","og_description":"Com a nomea\u00e7\u00e3o de 40 novos defensores p\u00fablicos no Paran\u00e1, o estado ampliou seu atendimento no setor em diversas regi\u00f5es e Camb\u00e9 recebeu um posto avan\u00e7ado de atendimento da Defensoria P\u00fablica do Estado do Paran\u00e1 (DPE-PR), que est\u00e1 localizada no F\u00f3rum da cidade. At\u00e9 ent\u00e3o, o cambeense que precisasse de atendimento nas \u00e1reas de fam\u00edlia [&hellip;]","og_url":"https:\/\/www.cambe.pr.gov.br\/index.php\/defensoria-publica-do-parana-abre-posto-avancado-de-atendimento-em-cambe\/","og_site_name":"Prefeitura de Camb\u00e9","article_publisher":"https:\/\/m.facebook.com\/prefeituradecambe","article_published_time":"2023-05-25T14:13:18+00:00","article_modified_time":"2024-10-07T16:01:11+00:00","og_image":[{"url":"http:\/\/www.cambe.pr.gov.br\/wp-content\/uploads\/2023\/05\/defensoria02-1024x678.jpg","type":"","width":"","height":""}],"author":"Vinicius Augusto Batista Eira","twitter_card":"summary_large_image","twitter_misc":{"Escrito por":"Vinicius Augusto Batista Eira","Est. tempo de leitura":"1 minuto"},"schema":{"@context":"https:\/\/schema.org","@graph":[{"@type":"Article","@id":"https:\/\/www.cambe.pr.gov.br\/index.php\/defensoria-publica-do-parana-abre-posto-avancado-de-atendimento-em-cambe\/#article","isPartOf":{"@id":"https:\/\/www.cambe.pr.gov.br\/index.php\/defensoria-publica-do-parana-abre-posto-avancado-de-atendimento-em-cambe\/"},"author":{"name":"Vinicius Augusto Batista Eira","@id":"https:\/\/www.cambe.pr.gov.br\/#\/schema\/person\/8e3ee69cb2cadf4b9f8377407227effd"},"headline":"Defensoria P\u00fablica do Paran\u00e1 abre posto avan\u00e7ado de atendimento em Camb\u00e9","datePublished":"2023-05-25T14:13:18+00:00","dateModified":"2024-10-07T16:01:11+00:00","mainEntityOfPage":{"@id":"https:\/\/www.cambe.pr.gov.br\/index.php\/defensoria-publica-do-parana-abre-posto-avancado-de-atendimento-em-cambe\/"},"wordCount":231,"publisher":{"@id":"https:\/\/www.cambe.pr.gov.br\/#organization"},"image":{"@id":"https:\/\/www.cambe.pr.gov.br\/index.php\/defensoria-publica-do-parana-abre-posto-avancado-de-atendimento-em-cambe\/#primaryimage"},"thumbnailUrl":"http:\/\/www.cambe.pr.gov.br\/wp-content\/uploads\/2023\/05\/defensoria02-1024x678.jpg","articleSection":["Principal"],"inLanguage":"pt-BR"},{"@type":"WebPage","@id":"https:\/\/www.cambe.pr.gov.br\/index.php\/defensoria-publica-do-parana-abre-posto-avancado-de-atendimento-em-cambe\/","url":"https:\/\/www.cambe.pr.gov.br\/index.php\/defensoria-publica-do-parana-abre-posto-avancado-de-atendimento-em-cambe\/","name":"Defensoria P\u00fablica do Paran\u00e1 abre posto avan\u00e7ado de atendimento em Camb\u00e9 - Prefeitura de Camb\u00e9","isPartOf":{"@id":"https:\/\/www.cambe.pr.gov.br\/#website"},"primaryImageOfPage":{"@id":"https:\/\/www.cambe.pr.gov.br\/index.php\/defensoria-publica-do-parana-abre-posto-avancado-de-atendimento-em-cambe\/#primaryimage"},"image":{"@id":"https:\/\/www.cambe.pr.gov.br\/index.php\/defensoria-publica-do-parana-abre-posto-avancado-de-atendimento-em-cambe\/#primaryimage"},"thumbnailUrl":"http:\/\/www.cambe.pr.gov.br\/wp-content\/uploads\/2023\/05\/defensoria02-1024x678.jpg","datePublished":"2023-05-25T14:13:18+00:00","dateModified":"2024-10-07T16:01:11+00:00","breadcrumb":{"@id":"https:\/\/www.cambe.pr.gov.br\/index.php\/defensoria-publica-do-parana-abre-posto-avancado-de-atendimento-em-cambe\/#breadcrumb"},"inLanguage":"pt-BR","potentialAction":[{"@type":"ReadAction","target":["https:\/\/www.cambe.pr.gov.br\/index.php\/defensoria-publica-do-parana-abre-posto-avancado-de-atendimento-em-cambe\/"]}]},{"@type":"ImageObject","inLanguage":"pt-BR","@id":"https:\/\/www.cambe.pr.gov.br\/index.php\/defensoria-publica-do-parana-abre-posto-avancado-de-atendimento-em-cambe\/#primaryimage","url":"http:\/\/www.cambe.pr.gov.br\/wp-content\/uploads\/2023\/05\/defensoria02-1024x678.jpg","contentUrl":"http:\/\/www.cambe.pr.gov.br\/wp-content\/uploads\/2023\/05\/defensoria02-1024x678.jpg"},{"@type":"BreadcrumbList","@id":"https:\/\/www.cambe.pr.gov.br\/index.php\/defensoria-publica-do-parana-abre-posto-avancado-de-atendimento-em-cambe\/#breadcrumb","itemListElement":[{"@type":"ListItem","position":1,"name":"In\u00edcio","item":"https:\/\/www.cambe.pr.gov.br\/"},{"@type":"ListItem","position":2,"name":"Defensoria P\u00fablica do Paran\u00e1 abre posto avan\u00e7ado de atendimento em Camb\u00e9"}]},{"@type":"WebSite","@id":"https:\/\/www.cambe.pr.gov.br\/#website","url":"https:\/\/www.cambe.pr.gov.br\/","name":"Prefeitura de Camb\u00e9","description":"UM GOVERNO PARA TODOS","publisher":{"@id":"https:\/\/www.cambe.pr.gov.br\/#organization"},"potentialAction":[{"@type":"SearchAction","target":{"@type":"EntryPoint","urlTemplate":"https:\/\/www.cambe.pr.gov.br\/?s={search_term_string}"},"query-input":{"@type":"PropertyValueSpecification","valueRequired":true,"valueName":"search_term_string"}}],"inLanguage":"pt-BR"},{"@type":"Organization","@id":"https:\/\/www.cambe.pr.gov.br\/#organization","name":"Prefeitura de Camb\u00e9","url":"https:\/\/www.cambe.pr.gov.br\/","logo":{"@type":"ImageObject","inLanguage":"pt-BR","@id":"https:\/\/www.cambe.pr.gov.br\/#\/schema\/logo\/image\/","url":"https:\/\/www.cambe.pr.gov.br\/wp-content\/uploads\/2021\/01\/cropped-cropped-cambe_brazao-icone.png","contentUrl":"https:\/\/www.cambe.pr.gov.br\/wp-content\/uploads\/2021\/01\/cropped-cropped-cambe_brazao-icone.png","width":240,"height":240,"caption":"Prefeitura de Camb\u00e9"},"image":{"@id":"https:\/\/www.cambe.pr.gov.br\/#\/schema\/logo\/image\/"},"sameAs":["https:\/\/m.facebook.com\/prefeituradecambe"]},{"@type":"Person","@id":"https:\/\/www.cambe.pr.gov.br\/#\/schema\/person\/8e3ee69cb2cadf4b9f8377407227effd","name":"Vinicius Augusto Batista Eira","image":{"@type":"ImageObject","inLanguage":"pt-BR","@id":"https:\/\/secure.gravatar.com\/avatar\/1ec500de7013b30e1d4d7c8c3978f0e4433c37e5d5e4cd186239369c6440122b?s=96&d=mm&r=g","url":"https:\/\/secure.gravatar.com\/avatar\/1ec500de7013b30e1d4d7c8c3978f0e4433c37e5d5e4cd186239369c6440122b?s=96&d=mm&r=g","contentUrl":"https:\/\/secure.gravatar.com\/avatar\/1ec500de7013b30e1d4d7c8c3978f0e4433c37e5d5e4cd186239369c6440122b?s=96&d=mm&r=g","caption":"Vinicius Augusto Batista Eira"},"url":"https:\/\/www.cambe.pr.gov.br\/index.php\/author\/vabeira\/"}]}},"_links":{"self":[{"href":"https:\/\/www.cambe.pr.gov.br\/index.php\/wp-json\/wp\/v2\/posts\/10302","targetHints":{"allow":["GET"]}}],"collection":[{"href":"https:\/\/www.cambe.pr.gov.br\/index.php\/wp-json\/wp\/v2\/posts"}],"about":[{"href":"https:\/\/www.cambe.pr.gov.br\/index.php\/wp-json\/wp\/v2\/types\/post"}],"author":[{"embeddable":true,"href":"https:\/\/www.cambe.pr.gov.br\/index.php\/wp-json\/wp\/v2\/users\/16"}],"replies":[{"embeddable":true,"href":"https:\/\/www.cambe.pr.gov.br\/index.php\/wp-json\/wp\/v2\/comments?post=10302"}],"version-history":[{"count":4,"href":"https:\/\/www.cambe.pr.gov.br\/index.php\/wp-json\/wp\/v2\/posts\/10302\/revisions"}],"predecessor-version":[{"id":10332,"href":"https:\/\/www.cambe.pr.gov.br\/index.php\/wp-json\/wp\/v2\/posts\/10302\/revisions\/10332"}],"wp:attachment":[{"href":"https:\/\/www.cambe.pr.gov.br\/index.php\/wp-json\/wp\/v2\/media?parent=10302"}],"wp:term":[{"taxonomy":"category","embeddable":true,"href":"https:\/\/www.cambe.pr.gov.br\/index.php\/wp-json\/wp\/v2\/categories?post=10302"},{"taxonomy":"post_tag","embeddable":true,"href":"https:\/\/www.cambe.pr.gov.br\/index.php\/wp-json\/wp\/v2\/tags?post=10302"}],"curies":[{"name":"wp","href":"https:\/\/api.w.org\/{rel}","templated":true}]}}