{"id":10293,"date":"2023-05-23T16:24:24","date_gmt":"2023-05-23T19:24:24","guid":{"rendered":"http:\/\/www.cambe.pr.gov.br\/?p=10293"},"modified":"2024-10-07T13:01:11","modified_gmt":"2024-10-07T16:01:11","slug":"secretaria-de-assuntos-juridicos-faz-treinamento-nos-dias-25-e-26-atendimento-sera-reduzido","status":"publish","type":"post","link":"https:\/\/www.cambe.pr.gov.br\/index.php\/secretaria-de-assuntos-juridicos-faz-treinamento-nos-dias-25-e-26-atendimento-sera-reduzido\/","title":{"rendered":"Secretaria de Assuntos Jur\u00eddicos faz treinamento nos dias 25 e 26; atendimento ser\u00e1 reduzido"},"content":{"rendered":"<p style=\"text-align: justify;\"><span style=\"font-weight: 400; font-family: arial, helvetica, sans-serif;\"><img fetchpriority=\"high\" decoding=\"async\" class=\"alignleft wp-image-10299 size-large\" src=\"https:\/\/www.cambe.pr.gov.br\/wp-content\/uploads\/2023\/05\/WhatsApp-Image-2023-05-23-at-16.22.14-e1684869841883-1024x681.jpeg\" alt=\"\" width=\"610\" height=\"406\" srcset=\"https:\/\/www.cambe.pr.gov.br\/wp-content\/uploads\/2023\/05\/WhatsApp-Image-2023-05-23-at-16.22.14-e1684869841883-1024x681.jpeg 1024w, https:\/\/www.cambe.pr.gov.br\/wp-content\/uploads\/2023\/05\/WhatsApp-Image-2023-05-23-at-16.22.14-e1684869841883-300x200.jpeg 300w, https:\/\/www.cambe.pr.gov.br\/wp-content\/uploads\/2023\/05\/WhatsApp-Image-2023-05-23-at-16.22.14-e1684869841883-768x511.jpeg 768w, https:\/\/www.cambe.pr.gov.br\/wp-content\/uploads\/2023\/05\/WhatsApp-Image-2023-05-23-at-16.22.14-e1684869841883-1536x1021.jpeg 1536w, https:\/\/www.cambe.pr.gov.br\/wp-content\/uploads\/2023\/05\/WhatsApp-Image-2023-05-23-at-16.22.14-e1684869841883.jpeg 1600w\" sizes=\"(max-width: 610px) 100vw, 610px\" \/>A Secretaria Municipal de Assuntos Jur\u00eddicos far\u00e1 um treinamento para servidores p\u00fablicos nesta quinta (25) e sexta-feira (26), e informa que o atendimento para o p\u00fablico geral nesse per\u00edodo ser\u00e1 reduzido. O objetivo do curso \u00e9 trabalhar quest\u00f5es desde a forma\u00e7\u00e3o do cr\u00e9dito tribut\u00e1rio at\u00e9 o processo de execu\u00e7\u00e3o fiscal.<\/span><\/p>\n<p style=\"text-align: justify;\"><span style=\"font-weight: 400; font-family: arial, helvetica, sans-serif;\">No entanto, como os servidores estar\u00e3o em treinamento no per\u00edodo, a secret\u00e1ria de Assuntos Jur\u00eddicos, Roberta Queiroz, esclarece a popula\u00e7\u00e3o que o atendimento ser\u00e1 reduzido e afirma que se o servi\u00e7o n\u00e3o for urgente, pede para que o cambeense n\u00e3o procure a secretaria nos dias da capacita\u00e7\u00e3o.<\/span><\/p>\n<p style=\"text-align: justify;\"><span style=\"font-weight: 400; font-family: arial, helvetica, sans-serif;\">O curso de Forma\u00e7\u00e3o do Cr\u00e9dito Tribut\u00e1rio e Execu\u00e7\u00e3o Fiscal ser\u00e1 ministrado pelo procurador do Estado Helton Kramer, e inclui fases do processo como lan\u00e7amento tribut\u00e1rio e lavratura do auto de infra\u00e7\u00e3o, inscri\u00e7\u00e3o do d\u00e9bito em d\u00edvida ativa, processo legal na esfera administrativa, ajuizamento, cita\u00e7\u00e3o do devedor, arremata\u00e7\u00e3o, prescri\u00e7\u00e3o tribut\u00e1ria, e principais estrat\u00e9gias lan\u00e7adas na Procuradoria do Estado e o que \u00e9 poss\u00edvel repetir na Procuradoria Municipal para gerar mais efici\u00eancia na recupera\u00e7\u00e3o do cr\u00e9dito tribut\u00e1rio.<\/span><\/p>\n","protected":false},"excerpt":{"rendered":"<p>A Secretaria Municipal de Assuntos Jur\u00eddicos far\u00e1 um treinamento para servidores p\u00fablicos nesta quinta (25) e sexta-feira (26), e informa que o atendimento para o p\u00fablico geral nesse per\u00edodo ser\u00e1 reduzido. O objetivo do curso \u00e9 trabalhar quest\u00f5es desde a forma\u00e7\u00e3o do cr\u00e9dito tribut\u00e1rio at\u00e9 o processo de execu\u00e7\u00e3o fiscal. No entanto, como os servidores [&hellip;]<\/p>\n","protected":false},"author":16,"featured_media":0,"comment_status":"closed","ping_status":"open","sticky":false,"template":"","format":"standard","meta":{"ngg_post_thumbnail":0,"footnotes":""},"categories":[1],"tags":[],"class_list":["post-10293","post","type-post","status-publish","format-standard","hentry","category-principal"],"yoast_head":"<!-- This site is optimized with the Yoast SEO plugin v27.4 - https:\/\/yoast.com\/product\/yoast-seo-wordpress\/ -->\n<title>Secretaria de Assuntos Jur\u00eddicos faz treinamento nos dias 25 e 26; atendimento ser\u00e1 reduzido - Prefeitura de Camb\u00e9<\/title>\n<meta name=\"robots\" content=\"index, follow, max-snippet:-1, max-image-preview:large, max-video-preview:-1\" \/>\n<link rel=\"canonical\" href=\"https:\/\/www.cambe.pr.gov.br\/index.php\/secretaria-de-assuntos-juridicos-faz-treinamento-nos-dias-25-e-26-atendimento-sera-reduzido\/\" \/>\n<meta property=\"og:locale\" content=\"pt_BR\" \/>\n<meta property=\"og:type\" content=\"article\" \/>\n<meta property=\"og:title\" content=\"Secretaria de Assuntos Jur\u00eddicos faz treinamento nos dias 25 e 26; atendimento ser\u00e1 reduzido - Prefeitura de Camb\u00e9\" \/>\n<meta property=\"og:description\" content=\"A Secretaria Municipal de Assuntos Jur\u00eddicos far\u00e1 um treinamento para servidores p\u00fablicos nesta quinta (25) e sexta-feira (26), e informa que o atendimento para o p\u00fablico geral nesse per\u00edodo ser\u00e1 reduzido. O objetivo do curso \u00e9 trabalhar quest\u00f5es desde a forma\u00e7\u00e3o do cr\u00e9dito tribut\u00e1rio at\u00e9 o processo de execu\u00e7\u00e3o fiscal. No entanto, como os servidores [&hellip;]\" \/>\n<meta property=\"og:url\" content=\"https:\/\/www.cambe.pr.gov.br\/index.php\/secretaria-de-assuntos-juridicos-faz-treinamento-nos-dias-25-e-26-atendimento-sera-reduzido\/\" \/>\n<meta property=\"og:site_name\" content=\"Prefeitura de Camb\u00e9\" \/>\n<meta property=\"article:publisher\" content=\"https:\/\/m.facebook.com\/prefeituradecambe\" \/>\n<meta property=\"article:published_time\" content=\"2023-05-23T19:24:24+00:00\" \/>\n<meta property=\"article:modified_time\" content=\"2024-10-07T16:01:11+00:00\" \/>\n<meta property=\"og:image\" content=\"http:\/\/www.cambe.pr.gov.br\/wp-content\/uploads\/2023\/05\/WhatsApp-Image-2023-05-23-at-16.22.14-e1684869841883-1024x681.jpeg\" \/>\n<meta name=\"author\" content=\"Vinicius Augusto Batista Eira\" \/>\n<meta name=\"twitter:card\" content=\"summary_large_image\" \/>\n<meta name=\"twitter:label1\" content=\"Escrito por\" \/>\n\t<meta name=\"twitter:data1\" content=\"Vinicius Augusto Batista Eira\" \/>\n\t<meta name=\"twitter:label2\" content=\"Est. tempo de leitura\" \/>\n\t<meta name=\"twitter:data2\" content=\"1 minuto\" \/>\n<script type=\"application\/ld+json\" class=\"yoast-schema-graph\">{\"@context\":\"https:\\\/\\\/schema.org\",\"@graph\":[{\"@type\":\"Article\",\"@id\":\"https:\\\/\\\/www.cambe.pr.gov.br\\\/index.php\\\/secretaria-de-assuntos-juridicos-faz-treinamento-nos-dias-25-e-26-atendimento-sera-reduzido\\\/#article\",\"isPartOf\":{\"@id\":\"https:\\\/\\\/www.cambe.pr.gov.br\\\/index.php\\\/secretaria-de-assuntos-juridicos-faz-treinamento-nos-dias-25-e-26-atendimento-sera-reduzido\\\/\"},\"author\":{\"name\":\"Vinicius Augusto Batista Eira\",\"@id\":\"https:\\\/\\\/www.cambe.pr.gov.br\\\/#\\\/schema\\\/person\\\/8e3ee69cb2cadf4b9f8377407227effd\"},\"headline\":\"Secretaria de Assuntos Jur\u00eddicos faz treinamento nos dias 25 e 26; atendimento ser\u00e1 reduzido\",\"datePublished\":\"2023-05-23T19:24:24+00:00\",\"dateModified\":\"2024-10-07T16:01:11+00:00\",\"mainEntityOfPage\":{\"@id\":\"https:\\\/\\\/www.cambe.pr.gov.br\\\/index.php\\\/secretaria-de-assuntos-juridicos-faz-treinamento-nos-dias-25-e-26-atendimento-sera-reduzido\\\/\"},\"wordCount\":221,\"publisher\":{\"@id\":\"https:\\\/\\\/www.cambe.pr.gov.br\\\/#organization\"},\"image\":{\"@id\":\"https:\\\/\\\/www.cambe.pr.gov.br\\\/index.php\\\/secretaria-de-assuntos-juridicos-faz-treinamento-nos-dias-25-e-26-atendimento-sera-reduzido\\\/#primaryimage\"},\"thumbnailUrl\":\"http:\\\/\\\/www.cambe.pr.gov.br\\\/wp-content\\\/uploads\\\/2023\\\/05\\\/WhatsApp-Image-2023-05-23-at-16.22.14-e1684869841883-1024x681.jpeg\",\"articleSection\":[\"Principal\"],\"inLanguage\":\"pt-BR\"},{\"@type\":\"WebPage\",\"@id\":\"https:\\\/\\\/www.cambe.pr.gov.br\\\/index.php\\\/secretaria-de-assuntos-juridicos-faz-treinamento-nos-dias-25-e-26-atendimento-sera-reduzido\\\/\",\"url\":\"https:\\\/\\\/www.cambe.pr.gov.br\\\/index.php\\\/secretaria-de-assuntos-juridicos-faz-treinamento-nos-dias-25-e-26-atendimento-sera-reduzido\\\/\",\"name\":\"Secretaria de Assuntos Jur\u00eddicos faz treinamento nos dias 25 e 26; atendimento ser\u00e1 reduzido - Prefeitura de Camb\u00e9\",\"isPartOf\":{\"@id\":\"https:\\\/\\\/www.cambe.pr.gov.br\\\/#website\"},\"primaryImageOfPage\":{\"@id\":\"https:\\\/\\\/www.cambe.pr.gov.br\\\/index.php\\\/secretaria-de-assuntos-juridicos-faz-treinamento-nos-dias-25-e-26-atendimento-sera-reduzido\\\/#primaryimage\"},\"image\":{\"@id\":\"https:\\\/\\\/www.cambe.pr.gov.br\\\/index.php\\\/secretaria-de-assuntos-juridicos-faz-treinamento-nos-dias-25-e-26-atendimento-sera-reduzido\\\/#primaryimage\"},\"thumbnailUrl\":\"http:\\\/\\\/www.cambe.pr.gov.br\\\/wp-content\\\/uploads\\\/2023\\\/05\\\/WhatsApp-Image-2023-05-23-at-16.22.14-e1684869841883-1024x681.jpeg\",\"datePublished\":\"2023-05-23T19:24:24+00:00\",\"dateModified\":\"2024-10-07T16:01:11+00:00\",\"breadcrumb\":{\"@id\":\"https:\\\/\\\/www.cambe.pr.gov.br\\\/index.php\\\/secretaria-de-assuntos-juridicos-faz-treinamento-nos-dias-25-e-26-atendimento-sera-reduzido\\\/#breadcrumb\"},\"inLanguage\":\"pt-BR\",\"potentialAction\":[{\"@type\":\"ReadAction\",\"target\":[\"https:\\\/\\\/www.cambe.pr.gov.br\\\/index.php\\\/secretaria-de-assuntos-juridicos-faz-treinamento-nos-dias-25-e-26-atendimento-sera-reduzido\\\/\"]}]},{\"@type\":\"ImageObject\",\"inLanguage\":\"pt-BR\",\"@id\":\"https:\\\/\\\/www.cambe.pr.gov.br\\\/index.php\\\/secretaria-de-assuntos-juridicos-faz-treinamento-nos-dias-25-e-26-atendimento-sera-reduzido\\\/#primaryimage\",\"url\":\"http:\\\/\\\/www.cambe.pr.gov.br\\\/wp-content\\\/uploads\\\/2023\\\/05\\\/WhatsApp-Image-2023-05-23-at-16.22.14-e1684869841883-1024x681.jpeg\",\"contentUrl\":\"http:\\\/\\\/www.cambe.pr.gov.br\\\/wp-content\\\/uploads\\\/2023\\\/05\\\/WhatsApp-Image-2023-05-23-at-16.22.14-e1684869841883-1024x681.jpeg\"},{\"@type\":\"BreadcrumbList\",\"@id\":\"https:\\\/\\\/www.cambe.pr.gov.br\\\/index.php\\\/secretaria-de-assuntos-juridicos-faz-treinamento-nos-dias-25-e-26-atendimento-sera-reduzido\\\/#breadcrumb\",\"itemListElement\":[{\"@type\":\"ListItem\",\"position\":1,\"name\":\"In\u00edcio\",\"item\":\"https:\\\/\\\/www.cambe.pr.gov.br\\\/\"},{\"@type\":\"ListItem\",\"position\":2,\"name\":\"Secretaria de Assuntos Jur\u00eddicos faz treinamento nos dias 25 e 26; atendimento ser\u00e1 reduzido\"}]},{\"@type\":\"WebSite\",\"@id\":\"https:\\\/\\\/www.cambe.pr.gov.br\\\/#website\",\"url\":\"https:\\\/\\\/www.cambe.pr.gov.br\\\/\",\"name\":\"Prefeitura de Camb\u00e9\",\"description\":\"UM GOVERNO PARA TODOS\",\"publisher\":{\"@id\":\"https:\\\/\\\/www.cambe.pr.gov.br\\\/#organization\"},\"potentialAction\":[{\"@type\":\"SearchAction\",\"target\":{\"@type\":\"EntryPoint\",\"urlTemplate\":\"https:\\\/\\\/www.cambe.pr.gov.br\\\/?s={search_term_string}\"},\"query-input\":{\"@type\":\"PropertyValueSpecification\",\"valueRequired\":true,\"valueName\":\"search_term_string\"}}],\"inLanguage\":\"pt-BR\"},{\"@type\":\"Organization\",\"@id\":\"https:\\\/\\\/www.cambe.pr.gov.br\\\/#organization\",\"name\":\"Prefeitura de Camb\u00e9\",\"url\":\"https:\\\/\\\/www.cambe.pr.gov.br\\\/\",\"logo\":{\"@type\":\"ImageObject\",\"inLanguage\":\"pt-BR\",\"@id\":\"https:\\\/\\\/www.cambe.pr.gov.br\\\/#\\\/schema\\\/logo\\\/image\\\/\",\"url\":\"https:\\\/\\\/www.cambe.pr.gov.br\\\/wp-content\\\/uploads\\\/2021\\\/01\\\/cropped-cropped-cambe_brazao-icone.png\",\"contentUrl\":\"https:\\\/\\\/www.cambe.pr.gov.br\\\/wp-content\\\/uploads\\\/2021\\\/01\\\/cropped-cropped-cambe_brazao-icone.png\",\"width\":240,\"height\":240,\"caption\":\"Prefeitura de Camb\u00e9\"},\"image\":{\"@id\":\"https:\\\/\\\/www.cambe.pr.gov.br\\\/#\\\/schema\\\/logo\\\/image\\\/\"},\"sameAs\":[\"https:\\\/\\\/m.facebook.com\\\/prefeituradecambe\"]},{\"@type\":\"Person\",\"@id\":\"https:\\\/\\\/www.cambe.pr.gov.br\\\/#\\\/schema\\\/person\\\/8e3ee69cb2cadf4b9f8377407227effd\",\"name\":\"Vinicius Augusto Batista Eira\",\"image\":{\"@type\":\"ImageObject\",\"inLanguage\":\"pt-BR\",\"@id\":\"https:\\\/\\\/secure.gravatar.com\\\/avatar\\\/1ec500de7013b30e1d4d7c8c3978f0e4433c37e5d5e4cd186239369c6440122b?s=96&d=mm&r=g\",\"url\":\"https:\\\/\\\/secure.gravatar.com\\\/avatar\\\/1ec500de7013b30e1d4d7c8c3978f0e4433c37e5d5e4cd186239369c6440122b?s=96&d=mm&r=g\",\"contentUrl\":\"https:\\\/\\\/secure.gravatar.com\\\/avatar\\\/1ec500de7013b30e1d4d7c8c3978f0e4433c37e5d5e4cd186239369c6440122b?s=96&d=mm&r=g\",\"caption\":\"Vinicius Augusto Batista Eira\"},\"url\":\"https:\\\/\\\/www.cambe.pr.gov.br\\\/index.php\\\/author\\\/vabeira\\\/\"}]}<\/script>\n<!-- \/ Yoast SEO plugin. -->","yoast_head_json":{"title":"Secretaria de Assuntos Jur\u00eddicos faz treinamento nos dias 25 e 26; atendimento ser\u00e1 reduzido - Prefeitura de Camb\u00e9","robots":{"index":"index","follow":"follow","max-snippet":"max-snippet:-1","max-image-preview":"max-image-preview:large","max-video-preview":"max-video-preview:-1"},"canonical":"https:\/\/www.cambe.pr.gov.br\/index.php\/secretaria-de-assuntos-juridicos-faz-treinamento-nos-dias-25-e-26-atendimento-sera-reduzido\/","og_locale":"pt_BR","og_type":"article","og_title":"Secretaria de Assuntos Jur\u00eddicos faz treinamento nos dias 25 e 26; atendimento ser\u00e1 reduzido - Prefeitura de Camb\u00e9","og_description":"A Secretaria Municipal de Assuntos Jur\u00eddicos far\u00e1 um treinamento para servidores p\u00fablicos nesta quinta (25) e sexta-feira (26), e informa que o atendimento para o p\u00fablico geral nesse per\u00edodo ser\u00e1 reduzido. O objetivo do curso \u00e9 trabalhar quest\u00f5es desde a forma\u00e7\u00e3o do cr\u00e9dito tribut\u00e1rio at\u00e9 o processo de execu\u00e7\u00e3o fiscal. No entanto, como os servidores [&hellip;]","og_url":"https:\/\/www.cambe.pr.gov.br\/index.php\/secretaria-de-assuntos-juridicos-faz-treinamento-nos-dias-25-e-26-atendimento-sera-reduzido\/","og_site_name":"Prefeitura de Camb\u00e9","article_publisher":"https:\/\/m.facebook.com\/prefeituradecambe","article_published_time":"2023-05-23T19:24:24+00:00","article_modified_time":"2024-10-07T16:01:11+00:00","og_image":[{"url":"http:\/\/www.cambe.pr.gov.br\/wp-content\/uploads\/2023\/05\/WhatsApp-Image-2023-05-23-at-16.22.14-e1684869841883-1024x681.jpeg","type":"","width":"","height":""}],"author":"Vinicius Augusto Batista Eira","twitter_card":"summary_large_image","twitter_misc":{"Escrito por":"Vinicius Augusto Batista Eira","Est. tempo de leitura":"1 minuto"},"schema":{"@context":"https:\/\/schema.org","@graph":[{"@type":"Article","@id":"https:\/\/www.cambe.pr.gov.br\/index.php\/secretaria-de-assuntos-juridicos-faz-treinamento-nos-dias-25-e-26-atendimento-sera-reduzido\/#article","isPartOf":{"@id":"https:\/\/www.cambe.pr.gov.br\/index.php\/secretaria-de-assuntos-juridicos-faz-treinamento-nos-dias-25-e-26-atendimento-sera-reduzido\/"},"author":{"name":"Vinicius Augusto Batista Eira","@id":"https:\/\/www.cambe.pr.gov.br\/#\/schema\/person\/8e3ee69cb2cadf4b9f8377407227effd"},"headline":"Secretaria de Assuntos Jur\u00eddicos faz treinamento nos dias 25 e 26; atendimento ser\u00e1 reduzido","datePublished":"2023-05-23T19:24:24+00:00","dateModified":"2024-10-07T16:01:11+00:00","mainEntityOfPage":{"@id":"https:\/\/www.cambe.pr.gov.br\/index.php\/secretaria-de-assuntos-juridicos-faz-treinamento-nos-dias-25-e-26-atendimento-sera-reduzido\/"},"wordCount":221,"publisher":{"@id":"https:\/\/www.cambe.pr.gov.br\/#organization"},"image":{"@id":"https:\/\/www.cambe.pr.gov.br\/index.php\/secretaria-de-assuntos-juridicos-faz-treinamento-nos-dias-25-e-26-atendimento-sera-reduzido\/#primaryimage"},"thumbnailUrl":"http:\/\/www.cambe.pr.gov.br\/wp-content\/uploads\/2023\/05\/WhatsApp-Image-2023-05-23-at-16.22.14-e1684869841883-1024x681.jpeg","articleSection":["Principal"],"inLanguage":"pt-BR"},{"@type":"WebPage","@id":"https:\/\/www.cambe.pr.gov.br\/index.php\/secretaria-de-assuntos-juridicos-faz-treinamento-nos-dias-25-e-26-atendimento-sera-reduzido\/","url":"https:\/\/www.cambe.pr.gov.br\/index.php\/secretaria-de-assuntos-juridicos-faz-treinamento-nos-dias-25-e-26-atendimento-sera-reduzido\/","name":"Secretaria de Assuntos Jur\u00eddicos faz treinamento nos dias 25 e 26; atendimento ser\u00e1 reduzido - Prefeitura de Camb\u00e9","isPartOf":{"@id":"https:\/\/www.cambe.pr.gov.br\/#website"},"primaryImageOfPage":{"@id":"https:\/\/www.cambe.pr.gov.br\/index.php\/secretaria-de-assuntos-juridicos-faz-treinamento-nos-dias-25-e-26-atendimento-sera-reduzido\/#primaryimage"},"image":{"@id":"https:\/\/www.cambe.pr.gov.br\/index.php\/secretaria-de-assuntos-juridicos-faz-treinamento-nos-dias-25-e-26-atendimento-sera-reduzido\/#primaryimage"},"thumbnailUrl":"http:\/\/www.cambe.pr.gov.br\/wp-content\/uploads\/2023\/05\/WhatsApp-Image-2023-05-23-at-16.22.14-e1684869841883-1024x681.jpeg","datePublished":"2023-05-23T19:24:24+00:00","dateModified":"2024-10-07T16:01:11+00:00","breadcrumb":{"@id":"https:\/\/www.cambe.pr.gov.br\/index.php\/secretaria-de-assuntos-juridicos-faz-treinamento-nos-dias-25-e-26-atendimento-sera-reduzido\/#breadcrumb"},"inLanguage":"pt-BR","potentialAction":[{"@type":"ReadAction","target":["https:\/\/www.cambe.pr.gov.br\/index.php\/secretaria-de-assuntos-juridicos-faz-treinamento-nos-dias-25-e-26-atendimento-sera-reduzido\/"]}]},{"@type":"ImageObject","inLanguage":"pt-BR","@id":"https:\/\/www.cambe.pr.gov.br\/index.php\/secretaria-de-assuntos-juridicos-faz-treinamento-nos-dias-25-e-26-atendimento-sera-reduzido\/#primaryimage","url":"http:\/\/www.cambe.pr.gov.br\/wp-content\/uploads\/2023\/05\/WhatsApp-Image-2023-05-23-at-16.22.14-e1684869841883-1024x681.jpeg","contentUrl":"http:\/\/www.cambe.pr.gov.br\/wp-content\/uploads\/2023\/05\/WhatsApp-Image-2023-05-23-at-16.22.14-e1684869841883-1024x681.jpeg"},{"@type":"BreadcrumbList","@id":"https:\/\/www.cambe.pr.gov.br\/index.php\/secretaria-de-assuntos-juridicos-faz-treinamento-nos-dias-25-e-26-atendimento-sera-reduzido\/#breadcrumb","itemListElement":[{"@type":"ListItem","position":1,"name":"In\u00edcio","item":"https:\/\/www.cambe.pr.gov.br\/"},{"@type":"ListItem","position":2,"name":"Secretaria de Assuntos Jur\u00eddicos faz treinamento nos dias 25 e 26; atendimento ser\u00e1 reduzido"}]},{"@type":"WebSite","@id":"https:\/\/www.cambe.pr.gov.br\/#website","url":"https:\/\/www.cambe.pr.gov.br\/","name":"Prefeitura de Camb\u00e9","description":"UM GOVERNO PARA TODOS","publisher":{"@id":"https:\/\/www.cambe.pr.gov.br\/#organization"},"potentialAction":[{"@type":"SearchAction","target":{"@type":"EntryPoint","urlTemplate":"https:\/\/www.cambe.pr.gov.br\/?s={search_term_string}"},"query-input":{"@type":"PropertyValueSpecification","valueRequired":true,"valueName":"search_term_string"}}],"inLanguage":"pt-BR"},{"@type":"Organization","@id":"https:\/\/www.cambe.pr.gov.br\/#organization","name":"Prefeitura de Camb\u00e9","url":"https:\/\/www.cambe.pr.gov.br\/","logo":{"@type":"ImageObject","inLanguage":"pt-BR","@id":"https:\/\/www.cambe.pr.gov.br\/#\/schema\/logo\/image\/","url":"https:\/\/www.cambe.pr.gov.br\/wp-content\/uploads\/2021\/01\/cropped-cropped-cambe_brazao-icone.png","contentUrl":"https:\/\/www.cambe.pr.gov.br\/wp-content\/uploads\/2021\/01\/cropped-cropped-cambe_brazao-icone.png","width":240,"height":240,"caption":"Prefeitura de Camb\u00e9"},"image":{"@id":"https:\/\/www.cambe.pr.gov.br\/#\/schema\/logo\/image\/"},"sameAs":["https:\/\/m.facebook.com\/prefeituradecambe"]},{"@type":"Person","@id":"https:\/\/www.cambe.pr.gov.br\/#\/schema\/person\/8e3ee69cb2cadf4b9f8377407227effd","name":"Vinicius Augusto Batista Eira","image":{"@type":"ImageObject","inLanguage":"pt-BR","@id":"https:\/\/secure.gravatar.com\/avatar\/1ec500de7013b30e1d4d7c8c3978f0e4433c37e5d5e4cd186239369c6440122b?s=96&d=mm&r=g","url":"https:\/\/secure.gravatar.com\/avatar\/1ec500de7013b30e1d4d7c8c3978f0e4433c37e5d5e4cd186239369c6440122b?s=96&d=mm&r=g","contentUrl":"https:\/\/secure.gravatar.com\/avatar\/1ec500de7013b30e1d4d7c8c3978f0e4433c37e5d5e4cd186239369c6440122b?s=96&d=mm&r=g","caption":"Vinicius Augusto Batista Eira"},"url":"https:\/\/www.cambe.pr.gov.br\/index.php\/author\/vabeira\/"}]}},"_links":{"self":[{"href":"https:\/\/www.cambe.pr.gov.br\/index.php\/wp-json\/wp\/v2\/posts\/10293","targetHints":{"allow":["GET"]}}],"collection":[{"href":"https:\/\/www.cambe.pr.gov.br\/index.php\/wp-json\/wp\/v2\/posts"}],"about":[{"href":"https:\/\/www.cambe.pr.gov.br\/index.php\/wp-json\/wp\/v2\/types\/post"}],"author":[{"embeddable":true,"href":"https:\/\/www.cambe.pr.gov.br\/index.php\/wp-json\/wp\/v2\/users\/16"}],"replies":[{"embeddable":true,"href":"https:\/\/www.cambe.pr.gov.br\/index.php\/wp-json\/wp\/v2\/comments?post=10293"}],"version-history":[{"count":5,"href":"https:\/\/www.cambe.pr.gov.br\/index.php\/wp-json\/wp\/v2\/posts\/10293\/revisions"}],"predecessor-version":[{"id":10301,"href":"https:\/\/www.cambe.pr.gov.br\/index.php\/wp-json\/wp\/v2\/posts\/10293\/revisions\/10301"}],"wp:attachment":[{"href":"https:\/\/www.cambe.pr.gov.br\/index.php\/wp-json\/wp\/v2\/media?parent=10293"}],"wp:term":[{"taxonomy":"category","embeddable":true,"href":"https:\/\/www.cambe.pr.gov.br\/index.php\/wp-json\/wp\/v2\/categories?post=10293"},{"taxonomy":"post_tag","embeddable":true,"href":"https:\/\/www.cambe.pr.gov.br\/index.php\/wp-json\/wp\/v2\/tags?post=10293"}],"curies":[{"name":"wp","href":"https:\/\/api.w.org\/{rel}","templated":true}]}}