{"id":10097,"date":"2023-05-09T09:26:35","date_gmt":"2023-05-09T12:26:35","guid":{"rendered":"http:\/\/www.cambe.pr.gov.br\/?p=10097"},"modified":"2024-10-07T13:01:11","modified_gmt":"2024-10-07T16:01:11","slug":"prefeitura-oferta-13-cursos-profissionalizantes-por-meio-do-programa-capacita-cambe","status":"publish","type":"post","link":"https:\/\/www.cambe.pr.gov.br\/index.php\/prefeitura-oferta-13-cursos-profissionalizantes-por-meio-do-programa-capacita-cambe\/","title":{"rendered":"Prefeitura oferta 13 cursos profissionalizantes por meio do Programa Capacita Camb\u00e9"},"content":{"rendered":"<p style=\"text-align: justify;\"><span style=\"font-weight: 400; font-family: arial, helvetica, sans-serif;\"><img fetchpriority=\"high\" decoding=\"async\" class=\"size-large wp-image-10102 alignleft\" src=\"https:\/\/www.cambe.pr.gov.br\/wp-content\/uploads\/2023\/05\/WhatsApp-Image-2023-05-09-at-09.23.23-1024x768.jpeg\" alt=\"\" width=\"610\" height=\"458\" srcset=\"https:\/\/www.cambe.pr.gov.br\/wp-content\/uploads\/2023\/05\/WhatsApp-Image-2023-05-09-at-09.23.23-1024x768.jpeg 1024w, https:\/\/www.cambe.pr.gov.br\/wp-content\/uploads\/2023\/05\/WhatsApp-Image-2023-05-09-at-09.23.23-300x225.jpeg 300w, https:\/\/www.cambe.pr.gov.br\/wp-content\/uploads\/2023\/05\/WhatsApp-Image-2023-05-09-at-09.23.23-768x576.jpeg 768w, https:\/\/www.cambe.pr.gov.br\/wp-content\/uploads\/2023\/05\/WhatsApp-Image-2023-05-09-at-09.23.23-1536x1152.jpeg 1536w, https:\/\/www.cambe.pr.gov.br\/wp-content\/uploads\/2023\/05\/WhatsApp-Image-2023-05-09-at-09.23.23-400x300.jpeg 400w, https:\/\/www.cambe.pr.gov.br\/wp-content\/uploads\/2023\/05\/WhatsApp-Image-2023-05-09-at-09.23.23.jpeg 1600w\" sizes=\"(max-width: 610px) 100vw, 610px\" \/>A Prefeitura de Camb\u00e9, por meio da Secretaria Municipal de Trabalho e Profissionaliza\u00e7\u00e3o, est\u00e1 ofertando, atrav\u00e9s do Programa Capacita Camb\u00e9, vagas para 13 cursos profissionalizantes no munic\u00edpio, dando ao cambeense a possibilidade de se aperfei\u00e7oar, mudar de \u00e1rea de atua\u00e7\u00e3o, emprego e, tamb\u00e9m, de vida.<\/span><\/p>\n<p style=\"text-align: justify;\"><span style=\"font-weight: 400; font-family: arial, helvetica, sans-serif;\">Ao todo, o Capacita Camb\u00e9 oferta 13 cursos abertos \u00e0 popula\u00e7\u00e3o: boas pr\u00e1ticas e manipula\u00e7\u00e3o de alimentos, barbeiro, cabeleireiro, costura industrial, cuidador de idosos, design de sobrancelhas, edi\u00e7\u00e3o de v\u00eddeos, ingl\u00eas b\u00e1sico, inspe\u00e7\u00e3o preventiva e pilotagem defensiva para moto-entregador, manicure e pedicure, maquiagem profissional, portugu\u00eas para estrangeiros e vendas por redes sociais.<\/span><\/p>\n<p style=\"text-align: justify;\"><span style=\"font-weight: 400; font-family: arial, helvetica, sans-serif;\">O secret\u00e1rio de Trabalho e Profissionaliza\u00e7\u00e3o, Jos\u00e9 Aparecido Rolim, destaca a import\u00e2ncia do programa para a vida dos cambeenses como oportunidade de vida \u00fanica. \u201cO Capacita Camb\u00e9 oferece capacita\u00e7\u00e3o profissional gratuita em diversas \u00e1reas, contribuindo para o desenvolvimento pessoal e profissional dos participantes. Com o conhecimento adquirido nos cursos, seus integrantes podem aumentar suas chances de empregabilidade e melhorar suas condi\u00e7\u00f5es de vida, al\u00e9m de poderem empreender e criar seu pr\u00f3prio neg\u00f3cio. O programa tamb\u00e9m ajuda a fortalecer a economia local ao formar m\u00e3o de obra qualificada para atender \u00e0s demandas do mercado de trabalho\u201d, disse.<\/span><\/p>\n<p style=\"text-align: justify;\"><span style=\"font-weight: 400; font-family: arial, helvetica, sans-serif;\">Para se inscrever em qualquer curso ofertado pelo Capacita Camb\u00e9, \u00e9 s\u00f3 ligar ou entrar no cat\u00e1logo de cursos do WhatsApp no n\u00famero 3174-0443, informar os dados pessoais solicitados e aguardar at\u00e9 o in\u00edcio das novas turmas.<\/span><\/p>\n","protected":false},"excerpt":{"rendered":"<p>A Prefeitura de Camb\u00e9, por meio da Secretaria Municipal de Trabalho e Profissionaliza\u00e7\u00e3o, est\u00e1 ofertando, atrav\u00e9s do Programa Capacita Camb\u00e9, vagas para 13 cursos profissionalizantes no munic\u00edpio, dando ao cambeense a possibilidade de se aperfei\u00e7oar, mudar de \u00e1rea de atua\u00e7\u00e3o, emprego e, tamb\u00e9m, de vida. Ao todo, o Capacita Camb\u00e9 oferta 13 cursos abertos \u00e0 [&hellip;]<\/p>\n","protected":false},"author":16,"featured_media":0,"comment_status":"closed","ping_status":"open","sticky":false,"template":"","format":"standard","meta":{"ngg_post_thumbnail":0,"footnotes":""},"categories":[1],"tags":[],"class_list":["post-10097","post","type-post","status-publish","format-standard","hentry","category-principal"],"yoast_head":"<!-- This site is optimized with the Yoast SEO plugin v27.4 - https:\/\/yoast.com\/product\/yoast-seo-wordpress\/ -->\n<title>Prefeitura oferta 13 cursos profissionalizantes por meio do Programa Capacita Camb\u00e9 - Prefeitura de Camb\u00e9<\/title>\n<meta name=\"robots\" content=\"index, follow, max-snippet:-1, max-image-preview:large, max-video-preview:-1\" \/>\n<link rel=\"canonical\" href=\"https:\/\/www.cambe.pr.gov.br\/index.php\/prefeitura-oferta-13-cursos-profissionalizantes-por-meio-do-programa-capacita-cambe\/\" \/>\n<meta property=\"og:locale\" content=\"pt_BR\" \/>\n<meta property=\"og:type\" content=\"article\" \/>\n<meta property=\"og:title\" content=\"Prefeitura oferta 13 cursos profissionalizantes por meio do Programa Capacita Camb\u00e9 - Prefeitura de Camb\u00e9\" \/>\n<meta property=\"og:description\" content=\"A Prefeitura de Camb\u00e9, por meio da Secretaria Municipal de Trabalho e Profissionaliza\u00e7\u00e3o, est\u00e1 ofertando, atrav\u00e9s do Programa Capacita Camb\u00e9, vagas para 13 cursos profissionalizantes no munic\u00edpio, dando ao cambeense a possibilidade de se aperfei\u00e7oar, mudar de \u00e1rea de atua\u00e7\u00e3o, emprego e, tamb\u00e9m, de vida. Ao todo, o Capacita Camb\u00e9 oferta 13 cursos abertos \u00e0 [&hellip;]\" \/>\n<meta property=\"og:url\" content=\"https:\/\/www.cambe.pr.gov.br\/index.php\/prefeitura-oferta-13-cursos-profissionalizantes-por-meio-do-programa-capacita-cambe\/\" \/>\n<meta property=\"og:site_name\" content=\"Prefeitura de Camb\u00e9\" \/>\n<meta property=\"article:publisher\" content=\"https:\/\/m.facebook.com\/prefeituradecambe\" \/>\n<meta property=\"article:published_time\" content=\"2023-05-09T12:26:35+00:00\" \/>\n<meta property=\"article:modified_time\" content=\"2024-10-07T16:01:11+00:00\" \/>\n<meta property=\"og:image\" content=\"http:\/\/www.cambe.pr.gov.br\/wp-content\/uploads\/2023\/05\/WhatsApp-Image-2023-05-09-at-09.23.23-1024x768.jpeg\" \/>\n<meta name=\"author\" content=\"Vinicius Augusto Batista Eira\" \/>\n<meta name=\"twitter:card\" content=\"summary_large_image\" \/>\n<meta name=\"twitter:label1\" content=\"Escrito por\" \/>\n\t<meta name=\"twitter:data1\" content=\"Vinicius Augusto Batista Eira\" \/>\n\t<meta name=\"twitter:label2\" content=\"Est. tempo de leitura\" \/>\n\t<meta name=\"twitter:data2\" content=\"1 minuto\" \/>\n<script type=\"application\/ld+json\" class=\"yoast-schema-graph\">{\"@context\":\"https:\\\/\\\/schema.org\",\"@graph\":[{\"@type\":\"Article\",\"@id\":\"https:\\\/\\\/www.cambe.pr.gov.br\\\/index.php\\\/prefeitura-oferta-13-cursos-profissionalizantes-por-meio-do-programa-capacita-cambe\\\/#article\",\"isPartOf\":{\"@id\":\"https:\\\/\\\/www.cambe.pr.gov.br\\\/index.php\\\/prefeitura-oferta-13-cursos-profissionalizantes-por-meio-do-programa-capacita-cambe\\\/\"},\"author\":{\"name\":\"Vinicius Augusto Batista Eira\",\"@id\":\"https:\\\/\\\/www.cambe.pr.gov.br\\\/#\\\/schema\\\/person\\\/8e3ee69cb2cadf4b9f8377407227effd\"},\"headline\":\"Prefeitura oferta 13 cursos profissionalizantes por meio do Programa Capacita Camb\u00e9\",\"datePublished\":\"2023-05-09T12:26:35+00:00\",\"dateModified\":\"2024-10-07T16:01:11+00:00\",\"mainEntityOfPage\":{\"@id\":\"https:\\\/\\\/www.cambe.pr.gov.br\\\/index.php\\\/prefeitura-oferta-13-cursos-profissionalizantes-por-meio-do-programa-capacita-cambe\\\/\"},\"wordCount\":264,\"publisher\":{\"@id\":\"https:\\\/\\\/www.cambe.pr.gov.br\\\/#organization\"},\"image\":{\"@id\":\"https:\\\/\\\/www.cambe.pr.gov.br\\\/index.php\\\/prefeitura-oferta-13-cursos-profissionalizantes-por-meio-do-programa-capacita-cambe\\\/#primaryimage\"},\"thumbnailUrl\":\"http:\\\/\\\/www.cambe.pr.gov.br\\\/wp-content\\\/uploads\\\/2023\\\/05\\\/WhatsApp-Image-2023-05-09-at-09.23.23-1024x768.jpeg\",\"articleSection\":[\"Principal\"],\"inLanguage\":\"pt-BR\"},{\"@type\":\"WebPage\",\"@id\":\"https:\\\/\\\/www.cambe.pr.gov.br\\\/index.php\\\/prefeitura-oferta-13-cursos-profissionalizantes-por-meio-do-programa-capacita-cambe\\\/\",\"url\":\"https:\\\/\\\/www.cambe.pr.gov.br\\\/index.php\\\/prefeitura-oferta-13-cursos-profissionalizantes-por-meio-do-programa-capacita-cambe\\\/\",\"name\":\"Prefeitura oferta 13 cursos profissionalizantes por meio do Programa Capacita Camb\u00e9 - Prefeitura de Camb\u00e9\",\"isPartOf\":{\"@id\":\"https:\\\/\\\/www.cambe.pr.gov.br\\\/#website\"},\"primaryImageOfPage\":{\"@id\":\"https:\\\/\\\/www.cambe.pr.gov.br\\\/index.php\\\/prefeitura-oferta-13-cursos-profissionalizantes-por-meio-do-programa-capacita-cambe\\\/#primaryimage\"},\"image\":{\"@id\":\"https:\\\/\\\/www.cambe.pr.gov.br\\\/index.php\\\/prefeitura-oferta-13-cursos-profissionalizantes-por-meio-do-programa-capacita-cambe\\\/#primaryimage\"},\"thumbnailUrl\":\"http:\\\/\\\/www.cambe.pr.gov.br\\\/wp-content\\\/uploads\\\/2023\\\/05\\\/WhatsApp-Image-2023-05-09-at-09.23.23-1024x768.jpeg\",\"datePublished\":\"2023-05-09T12:26:35+00:00\",\"dateModified\":\"2024-10-07T16:01:11+00:00\",\"breadcrumb\":{\"@id\":\"https:\\\/\\\/www.cambe.pr.gov.br\\\/index.php\\\/prefeitura-oferta-13-cursos-profissionalizantes-por-meio-do-programa-capacita-cambe\\\/#breadcrumb\"},\"inLanguage\":\"pt-BR\",\"potentialAction\":[{\"@type\":\"ReadAction\",\"target\":[\"https:\\\/\\\/www.cambe.pr.gov.br\\\/index.php\\\/prefeitura-oferta-13-cursos-profissionalizantes-por-meio-do-programa-capacita-cambe\\\/\"]}]},{\"@type\":\"ImageObject\",\"inLanguage\":\"pt-BR\",\"@id\":\"https:\\\/\\\/www.cambe.pr.gov.br\\\/index.php\\\/prefeitura-oferta-13-cursos-profissionalizantes-por-meio-do-programa-capacita-cambe\\\/#primaryimage\",\"url\":\"http:\\\/\\\/www.cambe.pr.gov.br\\\/wp-content\\\/uploads\\\/2023\\\/05\\\/WhatsApp-Image-2023-05-09-at-09.23.23-1024x768.jpeg\",\"contentUrl\":\"http:\\\/\\\/www.cambe.pr.gov.br\\\/wp-content\\\/uploads\\\/2023\\\/05\\\/WhatsApp-Image-2023-05-09-at-09.23.23-1024x768.jpeg\"},{\"@type\":\"BreadcrumbList\",\"@id\":\"https:\\\/\\\/www.cambe.pr.gov.br\\\/index.php\\\/prefeitura-oferta-13-cursos-profissionalizantes-por-meio-do-programa-capacita-cambe\\\/#breadcrumb\",\"itemListElement\":[{\"@type\":\"ListItem\",\"position\":1,\"name\":\"In\u00edcio\",\"item\":\"https:\\\/\\\/www.cambe.pr.gov.br\\\/\"},{\"@type\":\"ListItem\",\"position\":2,\"name\":\"Prefeitura oferta 13 cursos profissionalizantes por meio do Programa Capacita Camb\u00e9\"}]},{\"@type\":\"WebSite\",\"@id\":\"https:\\\/\\\/www.cambe.pr.gov.br\\\/#website\",\"url\":\"https:\\\/\\\/www.cambe.pr.gov.br\\\/\",\"name\":\"Prefeitura de Camb\u00e9\",\"description\":\"UM GOVERNO PARA TODOS\",\"publisher\":{\"@id\":\"https:\\\/\\\/www.cambe.pr.gov.br\\\/#organization\"},\"potentialAction\":[{\"@type\":\"SearchAction\",\"target\":{\"@type\":\"EntryPoint\",\"urlTemplate\":\"https:\\\/\\\/www.cambe.pr.gov.br\\\/?s={search_term_string}\"},\"query-input\":{\"@type\":\"PropertyValueSpecification\",\"valueRequired\":true,\"valueName\":\"search_term_string\"}}],\"inLanguage\":\"pt-BR\"},{\"@type\":\"Organization\",\"@id\":\"https:\\\/\\\/www.cambe.pr.gov.br\\\/#organization\",\"name\":\"Prefeitura de Camb\u00e9\",\"url\":\"https:\\\/\\\/www.cambe.pr.gov.br\\\/\",\"logo\":{\"@type\":\"ImageObject\",\"inLanguage\":\"pt-BR\",\"@id\":\"https:\\\/\\\/www.cambe.pr.gov.br\\\/#\\\/schema\\\/logo\\\/image\\\/\",\"url\":\"https:\\\/\\\/www.cambe.pr.gov.br\\\/wp-content\\\/uploads\\\/2021\\\/01\\\/cropped-cropped-cambe_brazao-icone.png\",\"contentUrl\":\"https:\\\/\\\/www.cambe.pr.gov.br\\\/wp-content\\\/uploads\\\/2021\\\/01\\\/cropped-cropped-cambe_brazao-icone.png\",\"width\":240,\"height\":240,\"caption\":\"Prefeitura de Camb\u00e9\"},\"image\":{\"@id\":\"https:\\\/\\\/www.cambe.pr.gov.br\\\/#\\\/schema\\\/logo\\\/image\\\/\"},\"sameAs\":[\"https:\\\/\\\/m.facebook.com\\\/prefeituradecambe\"]},{\"@type\":\"Person\",\"@id\":\"https:\\\/\\\/www.cambe.pr.gov.br\\\/#\\\/schema\\\/person\\\/8e3ee69cb2cadf4b9f8377407227effd\",\"name\":\"Vinicius Augusto Batista Eira\",\"image\":{\"@type\":\"ImageObject\",\"inLanguage\":\"pt-BR\",\"@id\":\"https:\\\/\\\/secure.gravatar.com\\\/avatar\\\/1ec500de7013b30e1d4d7c8c3978f0e4433c37e5d5e4cd186239369c6440122b?s=96&d=mm&r=g\",\"url\":\"https:\\\/\\\/secure.gravatar.com\\\/avatar\\\/1ec500de7013b30e1d4d7c8c3978f0e4433c37e5d5e4cd186239369c6440122b?s=96&d=mm&r=g\",\"contentUrl\":\"https:\\\/\\\/secure.gravatar.com\\\/avatar\\\/1ec500de7013b30e1d4d7c8c3978f0e4433c37e5d5e4cd186239369c6440122b?s=96&d=mm&r=g\",\"caption\":\"Vinicius Augusto Batista Eira\"},\"url\":\"https:\\\/\\\/www.cambe.pr.gov.br\\\/index.php\\\/author\\\/vabeira\\\/\"}]}<\/script>\n<!-- \/ Yoast SEO plugin. -->","yoast_head_json":{"title":"Prefeitura oferta 13 cursos profissionalizantes por meio do Programa Capacita Camb\u00e9 - Prefeitura de Camb\u00e9","robots":{"index":"index","follow":"follow","max-snippet":"max-snippet:-1","max-image-preview":"max-image-preview:large","max-video-preview":"max-video-preview:-1"},"canonical":"https:\/\/www.cambe.pr.gov.br\/index.php\/prefeitura-oferta-13-cursos-profissionalizantes-por-meio-do-programa-capacita-cambe\/","og_locale":"pt_BR","og_type":"article","og_title":"Prefeitura oferta 13 cursos profissionalizantes por meio do Programa Capacita Camb\u00e9 - Prefeitura de Camb\u00e9","og_description":"A Prefeitura de Camb\u00e9, por meio da Secretaria Municipal de Trabalho e Profissionaliza\u00e7\u00e3o, est\u00e1 ofertando, atrav\u00e9s do Programa Capacita Camb\u00e9, vagas para 13 cursos profissionalizantes no munic\u00edpio, dando ao cambeense a possibilidade de se aperfei\u00e7oar, mudar de \u00e1rea de atua\u00e7\u00e3o, emprego e, tamb\u00e9m, de vida. Ao todo, o Capacita Camb\u00e9 oferta 13 cursos abertos \u00e0 [&hellip;]","og_url":"https:\/\/www.cambe.pr.gov.br\/index.php\/prefeitura-oferta-13-cursos-profissionalizantes-por-meio-do-programa-capacita-cambe\/","og_site_name":"Prefeitura de Camb\u00e9","article_publisher":"https:\/\/m.facebook.com\/prefeituradecambe","article_published_time":"2023-05-09T12:26:35+00:00","article_modified_time":"2024-10-07T16:01:11+00:00","og_image":[{"url":"http:\/\/www.cambe.pr.gov.br\/wp-content\/uploads\/2023\/05\/WhatsApp-Image-2023-05-09-at-09.23.23-1024x768.jpeg","type":"","width":"","height":""}],"author":"Vinicius Augusto Batista Eira","twitter_card":"summary_large_image","twitter_misc":{"Escrito por":"Vinicius Augusto Batista Eira","Est. tempo de leitura":"1 minuto"},"schema":{"@context":"https:\/\/schema.org","@graph":[{"@type":"Article","@id":"https:\/\/www.cambe.pr.gov.br\/index.php\/prefeitura-oferta-13-cursos-profissionalizantes-por-meio-do-programa-capacita-cambe\/#article","isPartOf":{"@id":"https:\/\/www.cambe.pr.gov.br\/index.php\/prefeitura-oferta-13-cursos-profissionalizantes-por-meio-do-programa-capacita-cambe\/"},"author":{"name":"Vinicius Augusto Batista Eira","@id":"https:\/\/www.cambe.pr.gov.br\/#\/schema\/person\/8e3ee69cb2cadf4b9f8377407227effd"},"headline":"Prefeitura oferta 13 cursos profissionalizantes por meio do Programa Capacita Camb\u00e9","datePublished":"2023-05-09T12:26:35+00:00","dateModified":"2024-10-07T16:01:11+00:00","mainEntityOfPage":{"@id":"https:\/\/www.cambe.pr.gov.br\/index.php\/prefeitura-oferta-13-cursos-profissionalizantes-por-meio-do-programa-capacita-cambe\/"},"wordCount":264,"publisher":{"@id":"https:\/\/www.cambe.pr.gov.br\/#organization"},"image":{"@id":"https:\/\/www.cambe.pr.gov.br\/index.php\/prefeitura-oferta-13-cursos-profissionalizantes-por-meio-do-programa-capacita-cambe\/#primaryimage"},"thumbnailUrl":"http:\/\/www.cambe.pr.gov.br\/wp-content\/uploads\/2023\/05\/WhatsApp-Image-2023-05-09-at-09.23.23-1024x768.jpeg","articleSection":["Principal"],"inLanguage":"pt-BR"},{"@type":"WebPage","@id":"https:\/\/www.cambe.pr.gov.br\/index.php\/prefeitura-oferta-13-cursos-profissionalizantes-por-meio-do-programa-capacita-cambe\/","url":"https:\/\/www.cambe.pr.gov.br\/index.php\/prefeitura-oferta-13-cursos-profissionalizantes-por-meio-do-programa-capacita-cambe\/","name":"Prefeitura oferta 13 cursos profissionalizantes por meio do Programa Capacita Camb\u00e9 - Prefeitura de Camb\u00e9","isPartOf":{"@id":"https:\/\/www.cambe.pr.gov.br\/#website"},"primaryImageOfPage":{"@id":"https:\/\/www.cambe.pr.gov.br\/index.php\/prefeitura-oferta-13-cursos-profissionalizantes-por-meio-do-programa-capacita-cambe\/#primaryimage"},"image":{"@id":"https:\/\/www.cambe.pr.gov.br\/index.php\/prefeitura-oferta-13-cursos-profissionalizantes-por-meio-do-programa-capacita-cambe\/#primaryimage"},"thumbnailUrl":"http:\/\/www.cambe.pr.gov.br\/wp-content\/uploads\/2023\/05\/WhatsApp-Image-2023-05-09-at-09.23.23-1024x768.jpeg","datePublished":"2023-05-09T12:26:35+00:00","dateModified":"2024-10-07T16:01:11+00:00","breadcrumb":{"@id":"https:\/\/www.cambe.pr.gov.br\/index.php\/prefeitura-oferta-13-cursos-profissionalizantes-por-meio-do-programa-capacita-cambe\/#breadcrumb"},"inLanguage":"pt-BR","potentialAction":[{"@type":"ReadAction","target":["https:\/\/www.cambe.pr.gov.br\/index.php\/prefeitura-oferta-13-cursos-profissionalizantes-por-meio-do-programa-capacita-cambe\/"]}]},{"@type":"ImageObject","inLanguage":"pt-BR","@id":"https:\/\/www.cambe.pr.gov.br\/index.php\/prefeitura-oferta-13-cursos-profissionalizantes-por-meio-do-programa-capacita-cambe\/#primaryimage","url":"http:\/\/www.cambe.pr.gov.br\/wp-content\/uploads\/2023\/05\/WhatsApp-Image-2023-05-09-at-09.23.23-1024x768.jpeg","contentUrl":"http:\/\/www.cambe.pr.gov.br\/wp-content\/uploads\/2023\/05\/WhatsApp-Image-2023-05-09-at-09.23.23-1024x768.jpeg"},{"@type":"BreadcrumbList","@id":"https:\/\/www.cambe.pr.gov.br\/index.php\/prefeitura-oferta-13-cursos-profissionalizantes-por-meio-do-programa-capacita-cambe\/#breadcrumb","itemListElement":[{"@type":"ListItem","position":1,"name":"In\u00edcio","item":"https:\/\/www.cambe.pr.gov.br\/"},{"@type":"ListItem","position":2,"name":"Prefeitura oferta 13 cursos profissionalizantes por meio do Programa Capacita Camb\u00e9"}]},{"@type":"WebSite","@id":"https:\/\/www.cambe.pr.gov.br\/#website","url":"https:\/\/www.cambe.pr.gov.br\/","name":"Prefeitura de Camb\u00e9","description":"UM GOVERNO PARA TODOS","publisher":{"@id":"https:\/\/www.cambe.pr.gov.br\/#organization"},"potentialAction":[{"@type":"SearchAction","target":{"@type":"EntryPoint","urlTemplate":"https:\/\/www.cambe.pr.gov.br\/?s={search_term_string}"},"query-input":{"@type":"PropertyValueSpecification","valueRequired":true,"valueName":"search_term_string"}}],"inLanguage":"pt-BR"},{"@type":"Organization","@id":"https:\/\/www.cambe.pr.gov.br\/#organization","name":"Prefeitura de Camb\u00e9","url":"https:\/\/www.cambe.pr.gov.br\/","logo":{"@type":"ImageObject","inLanguage":"pt-BR","@id":"https:\/\/www.cambe.pr.gov.br\/#\/schema\/logo\/image\/","url":"https:\/\/www.cambe.pr.gov.br\/wp-content\/uploads\/2021\/01\/cropped-cropped-cambe_brazao-icone.png","contentUrl":"https:\/\/www.cambe.pr.gov.br\/wp-content\/uploads\/2021\/01\/cropped-cropped-cambe_brazao-icone.png","width":240,"height":240,"caption":"Prefeitura de Camb\u00e9"},"image":{"@id":"https:\/\/www.cambe.pr.gov.br\/#\/schema\/logo\/image\/"},"sameAs":["https:\/\/m.facebook.com\/prefeituradecambe"]},{"@type":"Person","@id":"https:\/\/www.cambe.pr.gov.br\/#\/schema\/person\/8e3ee69cb2cadf4b9f8377407227effd","name":"Vinicius Augusto Batista Eira","image":{"@type":"ImageObject","inLanguage":"pt-BR","@id":"https:\/\/secure.gravatar.com\/avatar\/1ec500de7013b30e1d4d7c8c3978f0e4433c37e5d5e4cd186239369c6440122b?s=96&d=mm&r=g","url":"https:\/\/secure.gravatar.com\/avatar\/1ec500de7013b30e1d4d7c8c3978f0e4433c37e5d5e4cd186239369c6440122b?s=96&d=mm&r=g","contentUrl":"https:\/\/secure.gravatar.com\/avatar\/1ec500de7013b30e1d4d7c8c3978f0e4433c37e5d5e4cd186239369c6440122b?s=96&d=mm&r=g","caption":"Vinicius Augusto Batista Eira"},"url":"https:\/\/www.cambe.pr.gov.br\/index.php\/author\/vabeira\/"}]}},"_links":{"self":[{"href":"https:\/\/www.cambe.pr.gov.br\/index.php\/wp-json\/wp\/v2\/posts\/10097","targetHints":{"allow":["GET"]}}],"collection":[{"href":"https:\/\/www.cambe.pr.gov.br\/index.php\/wp-json\/wp\/v2\/posts"}],"about":[{"href":"https:\/\/www.cambe.pr.gov.br\/index.php\/wp-json\/wp\/v2\/types\/post"}],"author":[{"embeddable":true,"href":"https:\/\/www.cambe.pr.gov.br\/index.php\/wp-json\/wp\/v2\/users\/16"}],"replies":[{"embeddable":true,"href":"https:\/\/www.cambe.pr.gov.br\/index.php\/wp-json\/wp\/v2\/comments?post=10097"}],"version-history":[{"count":3,"href":"https:\/\/www.cambe.pr.gov.br\/index.php\/wp-json\/wp\/v2\/posts\/10097\/revisions"}],"predecessor-version":[{"id":10103,"href":"https:\/\/www.cambe.pr.gov.br\/index.php\/wp-json\/wp\/v2\/posts\/10097\/revisions\/10103"}],"wp:attachment":[{"href":"https:\/\/www.cambe.pr.gov.br\/index.php\/wp-json\/wp\/v2\/media?parent=10097"}],"wp:term":[{"taxonomy":"category","embeddable":true,"href":"https:\/\/www.cambe.pr.gov.br\/index.php\/wp-json\/wp\/v2\/categories?post=10097"},{"taxonomy":"post_tag","embeddable":true,"href":"https:\/\/www.cambe.pr.gov.br\/index.php\/wp-json\/wp\/v2\/tags?post=10097"}],"curies":[{"name":"wp","href":"https:\/\/api.w.org\/{rel}","templated":true}]}}