{"id":10044,"date":"2023-05-10T10:04:43","date_gmt":"2023-05-10T13:04:43","guid":{"rendered":"http:\/\/www.cambe.pr.gov.br\/?p=10044"},"modified":"2024-10-07T13:01:11","modified_gmt":"2024-10-07T16:01:11","slug":"cambe-nota-premiada-quinto-sorteio-contempla-mais-12-cambeenses-com-premios-de-ate-r-10-mil","status":"publish","type":"post","link":"https:\/\/www.cambe.pr.gov.br\/index.php\/cambe-nota-premiada-quinto-sorteio-contempla-mais-12-cambeenses-com-premios-de-ate-r-10-mil\/","title":{"rendered":"Camb\u00e9 Nota Premiada: quinto sorteio contempla mais 12 cambeenses com pr\u00eamios de at\u00e9 R$ 10 mil"},"content":{"rendered":"<p style=\"text-align: justify;\"><span style=\"font-weight: 400; font-family: arial, helvetica, sans-serif;\"><img fetchpriority=\"high\" decoding=\"async\" class=\"size-large wp-image-10131 alignleft\" src=\"https:\/\/www.cambe.pr.gov.br\/wp-content\/uploads\/2023\/05\/cambenotapremiada-1-1024x678.jpg\" alt=\"\" width=\"610\" height=\"404\" srcset=\"https:\/\/www.cambe.pr.gov.br\/wp-content\/uploads\/2023\/05\/cambenotapremiada-1-1024x678.jpg 1024w, https:\/\/www.cambe.pr.gov.br\/wp-content\/uploads\/2023\/05\/cambenotapremiada-1-300x199.jpg 300w, https:\/\/www.cambe.pr.gov.br\/wp-content\/uploads\/2023\/05\/cambenotapremiada-1-768x509.jpg 768w, https:\/\/www.cambe.pr.gov.br\/wp-content\/uploads\/2023\/05\/cambenotapremiada-1-1536x1017.jpg 1536w, https:\/\/www.cambe.pr.gov.br\/wp-content\/uploads\/2023\/05\/cambenotapremiada-1-2048x1357.jpg 2048w\" sizes=\"(max-width: 610px) 100vw, 610px\" \/>Mais 12 cambeenses receberam uma liga\u00e7\u00e3o da Prefeitura informando que foram sorteados atrav\u00e9s do programa Camb\u00e9 Nota Premiada, e na manh\u00e3 desta quarta-feira (3), foi feita a entrega do pr\u00eamio m\u00e1ximo de R$ 10 mil. Ao todo, no quinto sorteio, os pr\u00eamios somaram R$ 23 mil.<\/span><\/p>\n<p style=\"text-align: justify;\"><span style=\"font-weight: 400; font-family: arial, helvetica, sans-serif;\">Esse foi o quinto sorteio do Camb\u00e9 Nota Premiada, que levou em conta notas&nbsp;cadastradas de novembro de 2022 a janeiro de 2023, e a contemplada com o pr\u00eamio principal foi Talita Maria Bengozi Gozi. Al\u00e9m dela, Anderson Herrera Ramos, que j\u00e1 faturou R$ 10 mil no programa, e Evandro Manoel Rodrigues receberam R$ 5 mil e R$ 3 mil, respectivamente. Outros 10 pr\u00eamios de R$ 500 foram entregues, com um felizardo sendo sorteado duas vezes. Ao todo, a Prefeitura j\u00e1 premiou R$ 115 mil para 65 contemplados em cinco sorteios.<\/span><\/p>\n<p style=\"text-align: justify;\"><span style=\"font-weight: 400; font-family: arial, helvetica, sans-serif;\">A ganhadora do pr\u00eamio de R$ 10 mil, Talita Gozi, afirmou que ficou emocionada e n\u00e3o acreditou quando o prefeito de Camb\u00e9, Conrado Scheller, ligou para ela informando sobre o pr\u00eamio. \u201c\u00c9 uma coisa que ningu\u00e9m espera. Um dia eu estava em casa, fazendo meu beb\u00ea dormir, entrei no site e fiz o cadastro no programa. E agora estou aqui recebendo o pr\u00eamio. Agora \u00e9 colocar as contas em dia e fazer uma viagem com a fam\u00edlia\u201d, disse.<\/span><\/p>\n<p style=\"text-align: justify;\"><strong><span style=\"font-family: arial, helvetica, sans-serif;\">Camb\u00e9 Nota Premiada<\/span><\/strong><\/p>\n<p style=\"text-align: justify;\"><span style=\"font-family: arial, helvetica, sans-serif;\"><span style=\"font-weight: 400;\">E para participar \u00e9 f\u00e1cil assim como a Talita falou. Basta fazer um cadastro informando seus dados pessoais na aba do Nota Premiada em <\/span><a href=\"http:\/\/fazenda.cambe.pr.gov.br\"><span style=\"font-weight: 400;\">fazenda.cambe.pr.gov.br<\/span><\/a><span style=\"font-weight: 400;\">. Depois, sempre que utilizar algum servi\u00e7o na cidade, solicite a inclus\u00e3o do seu CPF na nota fiscal eletr\u00f4nica. Todas as notas com seu CPF v\u00e3o automaticamente para o sistema, gerando cupom para os sorteios a cada R$ 50.<\/span><\/span><\/p>\n<p style=\"text-align: justify;\"><span style=\"font-weight: 400; font-family: arial, helvetica, sans-serif;\">Vale lembrar que o programa s\u00f3 \u00e9 v\u00e1lido na \u00e1rea de presta\u00e7\u00e3o de servi\u00e7os como m\u00e9dicos, advogados, academias, cabeleireiros, mec\u00e2nicos, entre outros. O programa \u00e9 destinado para pessoas f\u00edsicas em Camb\u00e9, e o sorteio \u00e9 realizado pela Loteria Federal a cada tr\u00eas meses. O pr\u00f3ximo sorteio ocorre em junho, para notas registradas entre fevereiro e abril deste ano. J\u00e1 as notas a partir de maio ser\u00e3o inclu\u00eddas no sorteio de setembro.<\/span><\/p>\n<p style=\"text-align: justify;\"><span style=\"font-weight: 400; font-family: arial, helvetica, sans-serif;\">O secret\u00e1rio da Fazenda, Gabriel Candido, explicou que o Nota Premiada gera benef\u00edcios diretos ao cambeense e faz um convite para que sejam feitos cada vez mais cadastros no programa. \u201dO Nota Premiada visa incentivar a cidadania fiscal, e fazer com que o cidad\u00e3o venha solicitar a emiss\u00e3o de nota fiscal de servi\u00e7o de prestadores, aumentando a contribui\u00e7\u00e3o atrav\u00e9s do imposto sob servi\u00e7o, e gerando automaticamente mais servi\u00e7os para a comunidade como na \u00e1rea da sa\u00fade, educa\u00e7\u00e3o, infraestrutura, esporte, entre outros. Por isso, \u00e9 muito importante que mais pessoas venham aderir a esse programa, fa\u00e7am o cadastro, e estejam aptas a ganhar os pr\u00eamios\u201d.<\/span><\/p>\n","protected":false},"excerpt":{"rendered":"<p>Mais 12 cambeenses receberam uma liga\u00e7\u00e3o da Prefeitura informando que foram sorteados atrav\u00e9s do programa Camb\u00e9 Nota Premiada, e na manh\u00e3 desta quarta-feira (3), foi feita a entrega do pr\u00eamio m\u00e1ximo de R$ 10 mil. Ao todo, no quinto sorteio, os pr\u00eamios somaram R$ 23 mil. Esse foi o quinto sorteio do Camb\u00e9 Nota Premiada, [&hellip;]<\/p>\n","protected":false},"author":16,"featured_media":0,"comment_status":"closed","ping_status":"open","sticky":false,"template":"","format":"standard","meta":{"ngg_post_thumbnail":0,"footnotes":""},"categories":[1],"tags":[],"class_list":["post-10044","post","type-post","status-publish","format-standard","hentry","category-principal"],"yoast_head":"<!-- This site is optimized with the Yoast SEO plugin v27.4 - https:\/\/yoast.com\/product\/yoast-seo-wordpress\/ -->\n<title>Camb\u00e9 Nota Premiada: quinto sorteio contempla mais 12 cambeenses com pr\u00eamios de at\u00e9 R$ 10 mil - Prefeitura de Camb\u00e9<\/title>\n<meta name=\"robots\" content=\"index, follow, max-snippet:-1, max-image-preview:large, max-video-preview:-1\" \/>\n<link rel=\"canonical\" href=\"https:\/\/www.cambe.pr.gov.br\/index.php\/cambe-nota-premiada-quinto-sorteio-contempla-mais-12-cambeenses-com-premios-de-ate-r-10-mil\/\" \/>\n<meta property=\"og:locale\" content=\"pt_BR\" \/>\n<meta property=\"og:type\" content=\"article\" \/>\n<meta property=\"og:title\" content=\"Camb\u00e9 Nota Premiada: quinto sorteio contempla mais 12 cambeenses com pr\u00eamios de at\u00e9 R$ 10 mil - Prefeitura de Camb\u00e9\" \/>\n<meta property=\"og:description\" content=\"Mais 12 cambeenses receberam uma liga\u00e7\u00e3o da Prefeitura informando que foram sorteados atrav\u00e9s do programa Camb\u00e9 Nota Premiada, e na manh\u00e3 desta quarta-feira (3), foi feita a entrega do pr\u00eamio m\u00e1ximo de R$ 10 mil. Ao todo, no quinto sorteio, os pr\u00eamios somaram R$ 23 mil. Esse foi o quinto sorteio do Camb\u00e9 Nota Premiada, [&hellip;]\" \/>\n<meta property=\"og:url\" content=\"https:\/\/www.cambe.pr.gov.br\/index.php\/cambe-nota-premiada-quinto-sorteio-contempla-mais-12-cambeenses-com-premios-de-ate-r-10-mil\/\" \/>\n<meta property=\"og:site_name\" content=\"Prefeitura de Camb\u00e9\" \/>\n<meta property=\"article:publisher\" content=\"https:\/\/m.facebook.com\/prefeituradecambe\" \/>\n<meta property=\"article:published_time\" content=\"2023-05-10T13:04:43+00:00\" \/>\n<meta property=\"article:modified_time\" content=\"2024-10-07T16:01:11+00:00\" \/>\n<meta property=\"og:image\" content=\"http:\/\/www.cambe.pr.gov.br\/wp-content\/uploads\/2023\/05\/cambenotapremiada-1-1024x678.jpg\" \/>\n<meta name=\"author\" content=\"Vinicius Augusto Batista Eira\" \/>\n<meta name=\"twitter:card\" content=\"summary_large_image\" \/>\n<meta name=\"twitter:label1\" content=\"Escrito por\" \/>\n\t<meta name=\"twitter:data1\" content=\"Vinicius Augusto Batista Eira\" \/>\n\t<meta name=\"twitter:label2\" content=\"Est. tempo de leitura\" \/>\n\t<meta name=\"twitter:data2\" content=\"2 minutos\" \/>\n<script type=\"application\/ld+json\" class=\"yoast-schema-graph\">{\"@context\":\"https:\\\/\\\/schema.org\",\"@graph\":[{\"@type\":\"Article\",\"@id\":\"https:\\\/\\\/www.cambe.pr.gov.br\\\/index.php\\\/cambe-nota-premiada-quinto-sorteio-contempla-mais-12-cambeenses-com-premios-de-ate-r-10-mil\\\/#article\",\"isPartOf\":{\"@id\":\"https:\\\/\\\/www.cambe.pr.gov.br\\\/index.php\\\/cambe-nota-premiada-quinto-sorteio-contempla-mais-12-cambeenses-com-premios-de-ate-r-10-mil\\\/\"},\"author\":{\"name\":\"Vinicius Augusto Batista Eira\",\"@id\":\"https:\\\/\\\/www.cambe.pr.gov.br\\\/#\\\/schema\\\/person\\\/8e3ee69cb2cadf4b9f8377407227effd\"},\"headline\":\"Camb\u00e9 Nota Premiada: quinto sorteio contempla mais 12 cambeenses com pr\u00eamios de at\u00e9 R$ 10 mil\",\"datePublished\":\"2023-05-10T13:04:43+00:00\",\"dateModified\":\"2024-10-07T16:01:11+00:00\",\"mainEntityOfPage\":{\"@id\":\"https:\\\/\\\/www.cambe.pr.gov.br\\\/index.php\\\/cambe-nota-premiada-quinto-sorteio-contempla-mais-12-cambeenses-com-premios-de-ate-r-10-mil\\\/\"},\"wordCount\":496,\"publisher\":{\"@id\":\"https:\\\/\\\/www.cambe.pr.gov.br\\\/#organization\"},\"image\":{\"@id\":\"https:\\\/\\\/www.cambe.pr.gov.br\\\/index.php\\\/cambe-nota-premiada-quinto-sorteio-contempla-mais-12-cambeenses-com-premios-de-ate-r-10-mil\\\/#primaryimage\"},\"thumbnailUrl\":\"http:\\\/\\\/www.cambe.pr.gov.br\\\/wp-content\\\/uploads\\\/2023\\\/05\\\/cambenotapremiada-1-1024x678.jpg\",\"articleSection\":[\"Principal\"],\"inLanguage\":\"pt-BR\"},{\"@type\":\"WebPage\",\"@id\":\"https:\\\/\\\/www.cambe.pr.gov.br\\\/index.php\\\/cambe-nota-premiada-quinto-sorteio-contempla-mais-12-cambeenses-com-premios-de-ate-r-10-mil\\\/\",\"url\":\"https:\\\/\\\/www.cambe.pr.gov.br\\\/index.php\\\/cambe-nota-premiada-quinto-sorteio-contempla-mais-12-cambeenses-com-premios-de-ate-r-10-mil\\\/\",\"name\":\"Camb\u00e9 Nota Premiada: quinto sorteio contempla mais 12 cambeenses com pr\u00eamios de at\u00e9 R$ 10 mil - Prefeitura de Camb\u00e9\",\"isPartOf\":{\"@id\":\"https:\\\/\\\/www.cambe.pr.gov.br\\\/#website\"},\"primaryImageOfPage\":{\"@id\":\"https:\\\/\\\/www.cambe.pr.gov.br\\\/index.php\\\/cambe-nota-premiada-quinto-sorteio-contempla-mais-12-cambeenses-com-premios-de-ate-r-10-mil\\\/#primaryimage\"},\"image\":{\"@id\":\"https:\\\/\\\/www.cambe.pr.gov.br\\\/index.php\\\/cambe-nota-premiada-quinto-sorteio-contempla-mais-12-cambeenses-com-premios-de-ate-r-10-mil\\\/#primaryimage\"},\"thumbnailUrl\":\"http:\\\/\\\/www.cambe.pr.gov.br\\\/wp-content\\\/uploads\\\/2023\\\/05\\\/cambenotapremiada-1-1024x678.jpg\",\"datePublished\":\"2023-05-10T13:04:43+00:00\",\"dateModified\":\"2024-10-07T16:01:11+00:00\",\"breadcrumb\":{\"@id\":\"https:\\\/\\\/www.cambe.pr.gov.br\\\/index.php\\\/cambe-nota-premiada-quinto-sorteio-contempla-mais-12-cambeenses-com-premios-de-ate-r-10-mil\\\/#breadcrumb\"},\"inLanguage\":\"pt-BR\",\"potentialAction\":[{\"@type\":\"ReadAction\",\"target\":[\"https:\\\/\\\/www.cambe.pr.gov.br\\\/index.php\\\/cambe-nota-premiada-quinto-sorteio-contempla-mais-12-cambeenses-com-premios-de-ate-r-10-mil\\\/\"]}]},{\"@type\":\"ImageObject\",\"inLanguage\":\"pt-BR\",\"@id\":\"https:\\\/\\\/www.cambe.pr.gov.br\\\/index.php\\\/cambe-nota-premiada-quinto-sorteio-contempla-mais-12-cambeenses-com-premios-de-ate-r-10-mil\\\/#primaryimage\",\"url\":\"http:\\\/\\\/www.cambe.pr.gov.br\\\/wp-content\\\/uploads\\\/2023\\\/05\\\/cambenotapremiada-1-1024x678.jpg\",\"contentUrl\":\"http:\\\/\\\/www.cambe.pr.gov.br\\\/wp-content\\\/uploads\\\/2023\\\/05\\\/cambenotapremiada-1-1024x678.jpg\"},{\"@type\":\"BreadcrumbList\",\"@id\":\"https:\\\/\\\/www.cambe.pr.gov.br\\\/index.php\\\/cambe-nota-premiada-quinto-sorteio-contempla-mais-12-cambeenses-com-premios-de-ate-r-10-mil\\\/#breadcrumb\",\"itemListElement\":[{\"@type\":\"ListItem\",\"position\":1,\"name\":\"In\u00edcio\",\"item\":\"https:\\\/\\\/www.cambe.pr.gov.br\\\/\"},{\"@type\":\"ListItem\",\"position\":2,\"name\":\"Camb\u00e9 Nota Premiada: quinto sorteio contempla mais 12 cambeenses com pr\u00eamios de at\u00e9 R$ 10 mil\"}]},{\"@type\":\"WebSite\",\"@id\":\"https:\\\/\\\/www.cambe.pr.gov.br\\\/#website\",\"url\":\"https:\\\/\\\/www.cambe.pr.gov.br\\\/\",\"name\":\"Prefeitura de Camb\u00e9\",\"description\":\"UM GOVERNO PARA TODOS\",\"publisher\":{\"@id\":\"https:\\\/\\\/www.cambe.pr.gov.br\\\/#organization\"},\"potentialAction\":[{\"@type\":\"SearchAction\",\"target\":{\"@type\":\"EntryPoint\",\"urlTemplate\":\"https:\\\/\\\/www.cambe.pr.gov.br\\\/?s={search_term_string}\"},\"query-input\":{\"@type\":\"PropertyValueSpecification\",\"valueRequired\":true,\"valueName\":\"search_term_string\"}}],\"inLanguage\":\"pt-BR\"},{\"@type\":\"Organization\",\"@id\":\"https:\\\/\\\/www.cambe.pr.gov.br\\\/#organization\",\"name\":\"Prefeitura de Camb\u00e9\",\"url\":\"https:\\\/\\\/www.cambe.pr.gov.br\\\/\",\"logo\":{\"@type\":\"ImageObject\",\"inLanguage\":\"pt-BR\",\"@id\":\"https:\\\/\\\/www.cambe.pr.gov.br\\\/#\\\/schema\\\/logo\\\/image\\\/\",\"url\":\"https:\\\/\\\/www.cambe.pr.gov.br\\\/wp-content\\\/uploads\\\/2021\\\/01\\\/cropped-cropped-cambe_brazao-icone.png\",\"contentUrl\":\"https:\\\/\\\/www.cambe.pr.gov.br\\\/wp-content\\\/uploads\\\/2021\\\/01\\\/cropped-cropped-cambe_brazao-icone.png\",\"width\":240,\"height\":240,\"caption\":\"Prefeitura de Camb\u00e9\"},\"image\":{\"@id\":\"https:\\\/\\\/www.cambe.pr.gov.br\\\/#\\\/schema\\\/logo\\\/image\\\/\"},\"sameAs\":[\"https:\\\/\\\/m.facebook.com\\\/prefeituradecambe\"]},{\"@type\":\"Person\",\"@id\":\"https:\\\/\\\/www.cambe.pr.gov.br\\\/#\\\/schema\\\/person\\\/8e3ee69cb2cadf4b9f8377407227effd\",\"name\":\"Vinicius Augusto Batista Eira\",\"image\":{\"@type\":\"ImageObject\",\"inLanguage\":\"pt-BR\",\"@id\":\"https:\\\/\\\/secure.gravatar.com\\\/avatar\\\/1ec500de7013b30e1d4d7c8c3978f0e4433c37e5d5e4cd186239369c6440122b?s=96&d=mm&r=g\",\"url\":\"https:\\\/\\\/secure.gravatar.com\\\/avatar\\\/1ec500de7013b30e1d4d7c8c3978f0e4433c37e5d5e4cd186239369c6440122b?s=96&d=mm&r=g\",\"contentUrl\":\"https:\\\/\\\/secure.gravatar.com\\\/avatar\\\/1ec500de7013b30e1d4d7c8c3978f0e4433c37e5d5e4cd186239369c6440122b?s=96&d=mm&r=g\",\"caption\":\"Vinicius Augusto Batista Eira\"},\"url\":\"https:\\\/\\\/www.cambe.pr.gov.br\\\/index.php\\\/author\\\/vabeira\\\/\"}]}<\/script>\n<!-- \/ Yoast SEO plugin. -->","yoast_head_json":{"title":"Camb\u00e9 Nota Premiada: quinto sorteio contempla mais 12 cambeenses com pr\u00eamios de at\u00e9 R$ 10 mil - Prefeitura de Camb\u00e9","robots":{"index":"index","follow":"follow","max-snippet":"max-snippet:-1","max-image-preview":"max-image-preview:large","max-video-preview":"max-video-preview:-1"},"canonical":"https:\/\/www.cambe.pr.gov.br\/index.php\/cambe-nota-premiada-quinto-sorteio-contempla-mais-12-cambeenses-com-premios-de-ate-r-10-mil\/","og_locale":"pt_BR","og_type":"article","og_title":"Camb\u00e9 Nota Premiada: quinto sorteio contempla mais 12 cambeenses com pr\u00eamios de at\u00e9 R$ 10 mil - Prefeitura de Camb\u00e9","og_description":"Mais 12 cambeenses receberam uma liga\u00e7\u00e3o da Prefeitura informando que foram sorteados atrav\u00e9s do programa Camb\u00e9 Nota Premiada, e na manh\u00e3 desta quarta-feira (3), foi feita a entrega do pr\u00eamio m\u00e1ximo de R$ 10 mil. Ao todo, no quinto sorteio, os pr\u00eamios somaram R$ 23 mil. Esse foi o quinto sorteio do Camb\u00e9 Nota Premiada, [&hellip;]","og_url":"https:\/\/www.cambe.pr.gov.br\/index.php\/cambe-nota-premiada-quinto-sorteio-contempla-mais-12-cambeenses-com-premios-de-ate-r-10-mil\/","og_site_name":"Prefeitura de Camb\u00e9","article_publisher":"https:\/\/m.facebook.com\/prefeituradecambe","article_published_time":"2023-05-10T13:04:43+00:00","article_modified_time":"2024-10-07T16:01:11+00:00","og_image":[{"url":"http:\/\/www.cambe.pr.gov.br\/wp-content\/uploads\/2023\/05\/cambenotapremiada-1-1024x678.jpg","type":"","width":"","height":""}],"author":"Vinicius Augusto Batista Eira","twitter_card":"summary_large_image","twitter_misc":{"Escrito por":"Vinicius Augusto Batista Eira","Est. tempo de leitura":"2 minutos"},"schema":{"@context":"https:\/\/schema.org","@graph":[{"@type":"Article","@id":"https:\/\/www.cambe.pr.gov.br\/index.php\/cambe-nota-premiada-quinto-sorteio-contempla-mais-12-cambeenses-com-premios-de-ate-r-10-mil\/#article","isPartOf":{"@id":"https:\/\/www.cambe.pr.gov.br\/index.php\/cambe-nota-premiada-quinto-sorteio-contempla-mais-12-cambeenses-com-premios-de-ate-r-10-mil\/"},"author":{"name":"Vinicius Augusto Batista Eira","@id":"https:\/\/www.cambe.pr.gov.br\/#\/schema\/person\/8e3ee69cb2cadf4b9f8377407227effd"},"headline":"Camb\u00e9 Nota Premiada: quinto sorteio contempla mais 12 cambeenses com pr\u00eamios de at\u00e9 R$ 10 mil","datePublished":"2023-05-10T13:04:43+00:00","dateModified":"2024-10-07T16:01:11+00:00","mainEntityOfPage":{"@id":"https:\/\/www.cambe.pr.gov.br\/index.php\/cambe-nota-premiada-quinto-sorteio-contempla-mais-12-cambeenses-com-premios-de-ate-r-10-mil\/"},"wordCount":496,"publisher":{"@id":"https:\/\/www.cambe.pr.gov.br\/#organization"},"image":{"@id":"https:\/\/www.cambe.pr.gov.br\/index.php\/cambe-nota-premiada-quinto-sorteio-contempla-mais-12-cambeenses-com-premios-de-ate-r-10-mil\/#primaryimage"},"thumbnailUrl":"http:\/\/www.cambe.pr.gov.br\/wp-content\/uploads\/2023\/05\/cambenotapremiada-1-1024x678.jpg","articleSection":["Principal"],"inLanguage":"pt-BR"},{"@type":"WebPage","@id":"https:\/\/www.cambe.pr.gov.br\/index.php\/cambe-nota-premiada-quinto-sorteio-contempla-mais-12-cambeenses-com-premios-de-ate-r-10-mil\/","url":"https:\/\/www.cambe.pr.gov.br\/index.php\/cambe-nota-premiada-quinto-sorteio-contempla-mais-12-cambeenses-com-premios-de-ate-r-10-mil\/","name":"Camb\u00e9 Nota Premiada: quinto sorteio contempla mais 12 cambeenses com pr\u00eamios de at\u00e9 R$ 10 mil - Prefeitura de Camb\u00e9","isPartOf":{"@id":"https:\/\/www.cambe.pr.gov.br\/#website"},"primaryImageOfPage":{"@id":"https:\/\/www.cambe.pr.gov.br\/index.php\/cambe-nota-premiada-quinto-sorteio-contempla-mais-12-cambeenses-com-premios-de-ate-r-10-mil\/#primaryimage"},"image":{"@id":"https:\/\/www.cambe.pr.gov.br\/index.php\/cambe-nota-premiada-quinto-sorteio-contempla-mais-12-cambeenses-com-premios-de-ate-r-10-mil\/#primaryimage"},"thumbnailUrl":"http:\/\/www.cambe.pr.gov.br\/wp-content\/uploads\/2023\/05\/cambenotapremiada-1-1024x678.jpg","datePublished":"2023-05-10T13:04:43+00:00","dateModified":"2024-10-07T16:01:11+00:00","breadcrumb":{"@id":"https:\/\/www.cambe.pr.gov.br\/index.php\/cambe-nota-premiada-quinto-sorteio-contempla-mais-12-cambeenses-com-premios-de-ate-r-10-mil\/#breadcrumb"},"inLanguage":"pt-BR","potentialAction":[{"@type":"ReadAction","target":["https:\/\/www.cambe.pr.gov.br\/index.php\/cambe-nota-premiada-quinto-sorteio-contempla-mais-12-cambeenses-com-premios-de-ate-r-10-mil\/"]}]},{"@type":"ImageObject","inLanguage":"pt-BR","@id":"https:\/\/www.cambe.pr.gov.br\/index.php\/cambe-nota-premiada-quinto-sorteio-contempla-mais-12-cambeenses-com-premios-de-ate-r-10-mil\/#primaryimage","url":"http:\/\/www.cambe.pr.gov.br\/wp-content\/uploads\/2023\/05\/cambenotapremiada-1-1024x678.jpg","contentUrl":"http:\/\/www.cambe.pr.gov.br\/wp-content\/uploads\/2023\/05\/cambenotapremiada-1-1024x678.jpg"},{"@type":"BreadcrumbList","@id":"https:\/\/www.cambe.pr.gov.br\/index.php\/cambe-nota-premiada-quinto-sorteio-contempla-mais-12-cambeenses-com-premios-de-ate-r-10-mil\/#breadcrumb","itemListElement":[{"@type":"ListItem","position":1,"name":"In\u00edcio","item":"https:\/\/www.cambe.pr.gov.br\/"},{"@type":"ListItem","position":2,"name":"Camb\u00e9 Nota Premiada: quinto sorteio contempla mais 12 cambeenses com pr\u00eamios de at\u00e9 R$ 10 mil"}]},{"@type":"WebSite","@id":"https:\/\/www.cambe.pr.gov.br\/#website","url":"https:\/\/www.cambe.pr.gov.br\/","name":"Prefeitura de Camb\u00e9","description":"UM GOVERNO PARA TODOS","publisher":{"@id":"https:\/\/www.cambe.pr.gov.br\/#organization"},"potentialAction":[{"@type":"SearchAction","target":{"@type":"EntryPoint","urlTemplate":"https:\/\/www.cambe.pr.gov.br\/?s={search_term_string}"},"query-input":{"@type":"PropertyValueSpecification","valueRequired":true,"valueName":"search_term_string"}}],"inLanguage":"pt-BR"},{"@type":"Organization","@id":"https:\/\/www.cambe.pr.gov.br\/#organization","name":"Prefeitura de Camb\u00e9","url":"https:\/\/www.cambe.pr.gov.br\/","logo":{"@type":"ImageObject","inLanguage":"pt-BR","@id":"https:\/\/www.cambe.pr.gov.br\/#\/schema\/logo\/image\/","url":"https:\/\/www.cambe.pr.gov.br\/wp-content\/uploads\/2021\/01\/cropped-cropped-cambe_brazao-icone.png","contentUrl":"https:\/\/www.cambe.pr.gov.br\/wp-content\/uploads\/2021\/01\/cropped-cropped-cambe_brazao-icone.png","width":240,"height":240,"caption":"Prefeitura de Camb\u00e9"},"image":{"@id":"https:\/\/www.cambe.pr.gov.br\/#\/schema\/logo\/image\/"},"sameAs":["https:\/\/m.facebook.com\/prefeituradecambe"]},{"@type":"Person","@id":"https:\/\/www.cambe.pr.gov.br\/#\/schema\/person\/8e3ee69cb2cadf4b9f8377407227effd","name":"Vinicius Augusto Batista Eira","image":{"@type":"ImageObject","inLanguage":"pt-BR","@id":"https:\/\/secure.gravatar.com\/avatar\/1ec500de7013b30e1d4d7c8c3978f0e4433c37e5d5e4cd186239369c6440122b?s=96&d=mm&r=g","url":"https:\/\/secure.gravatar.com\/avatar\/1ec500de7013b30e1d4d7c8c3978f0e4433c37e5d5e4cd186239369c6440122b?s=96&d=mm&r=g","contentUrl":"https:\/\/secure.gravatar.com\/avatar\/1ec500de7013b30e1d4d7c8c3978f0e4433c37e5d5e4cd186239369c6440122b?s=96&d=mm&r=g","caption":"Vinicius Augusto Batista Eira"},"url":"https:\/\/www.cambe.pr.gov.br\/index.php\/author\/vabeira\/"}]}},"_links":{"self":[{"href":"https:\/\/www.cambe.pr.gov.br\/index.php\/wp-json\/wp\/v2\/posts\/10044","targetHints":{"allow":["GET"]}}],"collection":[{"href":"https:\/\/www.cambe.pr.gov.br\/index.php\/wp-json\/wp\/v2\/posts"}],"about":[{"href":"https:\/\/www.cambe.pr.gov.br\/index.php\/wp-json\/wp\/v2\/types\/post"}],"author":[{"embeddable":true,"href":"https:\/\/www.cambe.pr.gov.br\/index.php\/wp-json\/wp\/v2\/users\/16"}],"replies":[{"embeddable":true,"href":"https:\/\/www.cambe.pr.gov.br\/index.php\/wp-json\/wp\/v2\/comments?post=10044"}],"version-history":[{"count":3,"href":"https:\/\/www.cambe.pr.gov.br\/index.php\/wp-json\/wp\/v2\/posts\/10044\/revisions"}],"predecessor-version":[{"id":10132,"href":"https:\/\/www.cambe.pr.gov.br\/index.php\/wp-json\/wp\/v2\/posts\/10044\/revisions\/10132"}],"wp:attachment":[{"href":"https:\/\/www.cambe.pr.gov.br\/index.php\/wp-json\/wp\/v2\/media?parent=10044"}],"wp:term":[{"taxonomy":"category","embeddable":true,"href":"https:\/\/www.cambe.pr.gov.br\/index.php\/wp-json\/wp\/v2\/categories?post=10044"},{"taxonomy":"post_tag","embeddable":true,"href":"https:\/\/www.cambe.pr.gov.br\/index.php\/wp-json\/wp\/v2\/tags?post=10044"}],"curies":[{"name":"wp","href":"https:\/\/api.w.org\/{rel}","templated":true}]}}