{"id":10019,"date":"2023-05-02T14:59:50","date_gmt":"2023-05-02T17:59:50","guid":{"rendered":"http:\/\/www.cambe.pr.gov.br\/?p=10019"},"modified":"2024-10-07T13:01:10","modified_gmt":"2024-10-07T16:01:10","slug":"festa-do-trabalhador-torneio-de-futebol-e-diversas-atracoes-marcam-celebracao-no-feriado-de-1o-de-maio","status":"publish","type":"post","link":"https:\/\/www.cambe.pr.gov.br\/index.php\/festa-do-trabalhador-torneio-de-futebol-e-diversas-atracoes-marcam-celebracao-no-feriado-de-1o-de-maio\/","title":{"rendered":"Festa do Trabalhador: torneio de futebol e diversas atra\u00e7\u00f5es marcam celebra\u00e7\u00e3o do 1\u00ba de Maio"},"content":{"rendered":"<p style=\"text-align: justify;\"><span style=\"font-weight: 400; font-family: arial, helvetica, sans-serif;\"><img fetchpriority=\"high\" decoding=\"async\" class=\"size-large wp-image-10025 alignleft\" src=\"https:\/\/www.cambe.pr.gov.br\/wp-content\/uploads\/2023\/05\/DSC_0639-1024x678.jpg\" alt=\"\" width=\"610\" height=\"404\" srcset=\"https:\/\/www.cambe.pr.gov.br\/wp-content\/uploads\/2023\/05\/DSC_0639-1024x678.jpg 1024w, https:\/\/www.cambe.pr.gov.br\/wp-content\/uploads\/2023\/05\/DSC_0639-300x199.jpg 300w, https:\/\/www.cambe.pr.gov.br\/wp-content\/uploads\/2023\/05\/DSC_0639-768x509.jpg 768w, https:\/\/www.cambe.pr.gov.br\/wp-content\/uploads\/2023\/05\/DSC_0639-1536x1017.jpg 1536w, https:\/\/www.cambe.pr.gov.br\/wp-content\/uploads\/2023\/05\/DSC_0639.jpg 2048w\" sizes=\"(max-width: 610px) 100vw, 610px\" \/>Nesta segunda-feira (1), no feriado de 1\u00ba de Maio, a Prefeitura de Camb\u00e9 voltou a realizar a Festa do Trabalhador, pela primeira vez desde a pandemia, no Centro Esportivo Castelo Branco. Com as finais do Torneio 1\u00ba de Maio, servi\u00e7os das Secretarias Municipais, brincadeiras para as crian\u00e7as e atra\u00e7\u00f5es culturais, a celebra\u00e7\u00e3o foi um sucesso de p\u00fablico, com seis mil pessoas passando pela festa, e reuniu as fam\u00edlias cambeenses durante todo o feriado.<\/span><\/p>\n<p style=\"text-align: justify;\"><span style=\"font-weight: 400; font-family: arial, helvetica, sans-serif;\">Com a volta do evento, os cambeenses se divertiram juntos novamente no D&nbsp; ia do Trabalho, com servi\u00e7os e atividades para todos, muita alegria, harmonia, m\u00fasica e op\u00e7\u00f5es de lazer para todas as idades.<\/span><\/p>\n<p style=\"text-align: justify;\"><span style=\"font-weight: 400; font-family: arial, helvetica, sans-serif;\">O prefeito Conrado Scheller afirmou com emo\u00e7\u00e3o que n\u00e3o consegue explicar a felicidade de ver as fam\u00edlias voltando a celebrar juntas novamente. \u201c\u00c9 muito bom ver o cambeense acreditando no poder de organiza\u00e7\u00e3o da Prefeitura. Hoje n\u00f3s demonstramos aqui que \u00e9 poss\u00edvel encher o Centro Esportivo Castelo Branco, com harmoniza\u00e7\u00e3o entre quem veio jogar bola, quem veio brincar, quem veio s\u00f3 comer, enfim, todo mundo convivendo junto em um espa\u00e7o s\u00f3\u201d, ressaltou.<\/span><\/p>\n<p style=\"text-align: justify;\"><span style=\"font-family: arial, helvetica, sans-serif;\"><b>Festa do Trabalhador<\/b><\/span><\/p>\n<p style=\"text-align: justify;\"><span style=\"font-weight: 400; font-family: arial, helvetica, sans-serif;\">O evento movimentou o trabalhador, trabalhadora e as fam\u00edlias cambeenses desde a manh\u00e3 do feriado, com in\u00edcio \u00e0s 8h com os servi\u00e7os das Secretarias Municipais, como a Sa\u00fade com o \u00d4nibus da Sa\u00fade, que estava aplicando vacinas da gripe, realizando exames preventivos, orienta\u00e7\u00e3o nutricional e de sa\u00fade bucal, entrega de panfletos educativos e fornecendo informa\u00e7\u00f5es contra a dengue.<\/span><\/p>\n<p><img decoding=\"async\" class=\"alignleft wp-image-10028 size-large\" src=\"https:\/\/www.cambe.pr.gov.br\/wp-content\/uploads\/2023\/05\/DSC_0045-1024x678.jpg\" alt=\"\" width=\"610\" height=\"404\" srcset=\"https:\/\/www.cambe.pr.gov.br\/wp-content\/uploads\/2023\/05\/DSC_0045-1024x678.jpg 1024w, https:\/\/www.cambe.pr.gov.br\/wp-content\/uploads\/2023\/05\/DSC_0045-300x199.jpg 300w, https:\/\/www.cambe.pr.gov.br\/wp-content\/uploads\/2023\/05\/DSC_0045-768x509.jpg 768w, https:\/\/www.cambe.pr.gov.br\/wp-content\/uploads\/2023\/05\/DSC_0045-1536x1017.jpg 1536w, https:\/\/www.cambe.pr.gov.br\/wp-content\/uploads\/2023\/05\/DSC_0045.jpg 2048w\" sizes=\"(max-width: 610px) 100vw, 610px\" \/><\/p>\n<p style=\"text-align: justify;\"><span style=\"font-weight: 400; font-family: arial, helvetica, sans-serif;\">Al\u00e9m da Sa\u00fade, outras Secretarias tamb\u00e9m organizaram espa\u00e7os e atividades para o cambeense. A Secretaria de Trabalho e Profissionaliza\u00e7\u00e3o estava com uma tenda fazendo servi\u00e7os do Sistema Nacional do Emprego (Sine) como emiss\u00e3o da carteira de trabalho, sele\u00e7\u00e3o e recrutamento para preenchimento de vagas para 10 empresas de Camb\u00e9 e sorteios, incluindo uma bicicleta como pr\u00eamio m\u00e1ximo.<\/span><\/p>\n<p style=\"text-align: justify;\"><span style=\"font-weight: 400; font-family: arial, helvetica, sans-serif;\">J\u00e1 a Secretaria de Assist\u00eancia Social e Cidadania preparou uma programa\u00e7\u00e3o especial para as crian\u00e7as com brincadeiras buscando conscientizar nossos pequenos cambeenses contra o trabalho infantil. Al\u00e9m disso, tiveram tamb\u00e9m duas gincanas, uma pela manh\u00e3 e uma pela tarde, e tamb\u00e9m quatro esta\u00e7\u00f5es com jogos para garantir a alegria do p\u00fablico infantil, que ainda podia se divertir em outros brinquedos dispon\u00edveis no Centro Esportivo.<\/span><\/p>\n<p style=\"text-align: justify;\"><span style=\"font-weight: 400; font-family: arial, helvetica, sans-serif;\">A Secretaria de Educa\u00e7\u00e3o e Cultura trouxe atra\u00e7\u00f5es culturais durante toda a Festa, com aulas de alongamento e dan\u00e7a para os visitantes pela manh\u00e3, e tamb\u00e9m apresenta\u00e7\u00e3o de dan\u00e7a com a Fam\u00edlia Som Bell e show musical com o cantor Ariosi durante a tarde, garantindo mais alegria e colocando todos no ritmo da celebra\u00e7\u00e3o.<\/span><\/p>\n<p style=\"text-align: justify;\"><span style=\"font-weight: 400; font-family: arial, helvetica, sans-serif;\"><img decoding=\"async\" class=\"alignleft wp-image-10026 size-large\" src=\"https:\/\/www.cambe.pr.gov.br\/wp-content\/uploads\/2023\/05\/DSC_0589-1024x678.jpg\" alt=\"\" width=\"610\" height=\"404\" srcset=\"https:\/\/www.cambe.pr.gov.br\/wp-content\/uploads\/2023\/05\/DSC_0589-1024x678.jpg 1024w, https:\/\/www.cambe.pr.gov.br\/wp-content\/uploads\/2023\/05\/DSC_0589-300x199.jpg 300w, https:\/\/www.cambe.pr.gov.br\/wp-content\/uploads\/2023\/05\/DSC_0589-768x509.jpg 768w, https:\/\/www.cambe.pr.gov.br\/wp-content\/uploads\/2023\/05\/DSC_0589-1536x1017.jpg 1536w, https:\/\/www.cambe.pr.gov.br\/wp-content\/uploads\/2023\/05\/DSC_0589.jpg 2048w\" sizes=\"(max-width: 610px) 100vw, 610px\" \/>Outros servi\u00e7os e espa\u00e7os foram ofertados para quem visitou a celebra\u00e7\u00e3o, como pra\u00e7a de alimenta\u00e7\u00e3o e tamb\u00e9m doa\u00e7\u00e3o de animais de estima\u00e7\u00e3o promovido pela ONG 4 Patas. Ao todo, mais de 20 pets encontraram um novo lar.<\/span><\/p>\n<p style=\"text-align: justify;\"><span style=\"font-weight: 400; font-family: arial, helvetica, sans-serif;\">A vendedora Sueli Felisberto disse que garante presen\u00e7a na Festa do Trabalhador todo ano e, nesta edi\u00e7\u00e3o, ainda trouxe a m\u00e3e de 86 anos para se divertir e aproveitar os servi\u00e7os disponibilizados no espa\u00e7o. \u201c\u00c9 um evento muito bacana, que eu gosto muito e sempre aproveito para me encontrar com algu\u00e9m, rever amigos que n\u00e3o via h\u00e1 muito tempo. E esse ano tudo ficou muito legal\u201d, destacou.<\/span><\/p>\n<p style=\"text-align: justify;\"><span style=\"font-weight: 400; font-family: arial, helvetica, sans-serif;\">J\u00e1 o seguran\u00e7a Fernando Guassu afirmou que \u00e9 uma alegria voltar a festejar o Dia do Trabalhador em Camb\u00e9, uma cidade maravilhosa e com um povo que trabalha e merece muito. \u201cUm evento como esse mostra que a Prefeitura est\u00e1 interessada e preocupada com o bem-estar e a qualidade de vida da popula\u00e7\u00e3o em geral, trazendo um resultado diferente para a sociedade ap\u00f3s esse per\u00edodo de pandemia e tantos problemas sociais\u201d, afirmou.<\/span><\/p>\n<p style=\"text-align: justify;\"><span style=\"font-family: arial, helvetica, sans-serif;\"><b>Torneio 1\u00ba de Maio<\/b><\/span><\/p>\n<p style=\"text-align: justify;\"><span style=\"font-weight: 400; font-family: arial, helvetica, sans-serif;\"><img loading=\"lazy\" decoding=\"async\" class=\"size-large wp-image-10027 alignleft\" src=\"https:\/\/www.cambe.pr.gov.br\/wp-content\/uploads\/2023\/05\/DSC_0626-1024x678.jpg\" alt=\"\" width=\"610\" height=\"404\" srcset=\"https:\/\/www.cambe.pr.gov.br\/wp-content\/uploads\/2023\/05\/DSC_0626-1024x678.jpg 1024w, https:\/\/www.cambe.pr.gov.br\/wp-content\/uploads\/2023\/05\/DSC_0626-300x199.jpg 300w, https:\/\/www.cambe.pr.gov.br\/wp-content\/uploads\/2023\/05\/DSC_0626-768x509.jpg 768w, https:\/\/www.cambe.pr.gov.br\/wp-content\/uploads\/2023\/05\/DSC_0626-1536x1017.jpg 1536w, https:\/\/www.cambe.pr.gov.br\/wp-content\/uploads\/2023\/05\/DSC_0626.jpg 2048w\" sizes=\"(max-width: 610px) 100vw, 610px\" \/>Outra grande atra\u00e7\u00e3o da Festa do Trabalhador foi a fase final do torneio de futebol amador 1\u00ba de Maio, muito tradicional na cidade, organizado pela Secretaria Municipal de Esporte e Lazer e vencido pela equipe Unidos do Silvino.<\/span><\/p>\n<p style=\"text-align: justify;\"><span style=\"font-weight: 400; font-family: arial, helvetica, sans-serif;\">No total, foram 46 equipes inscritas; fase regional realizada no domingo (30) com 43 jogos divididos entre os campos do Novo Bandeirantes, Santo Amaro e S\u00e3o Francisco; e as 15 partidas decisivas realizadas no campo principal do Centro Esportivo Castelo Branco durante a Festa do Trabalhador.<\/span><\/p>\n<p style=\"text-align: justify;\"><span style=\"font-weight: 400; font-family: arial, helvetica, sans-serif;\">O Unidos do Silvino, campe\u00e3o da edi\u00e7\u00e3o de 2023, teve uma campanha com seis vit\u00f3rias e um empate, no qual saiu vencedor nos p\u00eanaltis. Ao todo foram nove gols marcados e apenas dois gols sofridos. Na final, triunfo por 2 a 0 contra a equipe do Strawbs\/A.E. Camb\u00e9 III F.C. A Empreiteira MNB ficou com a 3\u00aa coloca\u00e7\u00e3o.<\/span><\/p>\n<p style=\"text-align: justify;\"><span style=\"font-weight: 400; font-family: arial, helvetica, sans-serif;\">O treinador do Unidos do Silvino, Jo\u00e3o Paulo Celis, relatou muita alegria ao ser campe\u00e3o diante das dificuldades de manuten\u00e7\u00e3o de um time amador. \u201c\u00c9 um sentimento muito bom conquistar esse t\u00edtulo porque \u00e9 um desafio enorme seguir com um projeto assim e ver resultados t\u00e3o expressivos. Aqui somos uma fam\u00edlia, todos vieram, jogaram, ajudaram, um atleta nosso chegou a ir para o hospital, mas sa\u00edmos vitoriosos. S\u00f3 tenho a agradecer a eles e a Prefeitura de Camb\u00e9 pela organiza\u00e7\u00e3o muito boa que nos proporcionaram. A gente espera que ano que vem seja ainda melhor, e com a gente campe\u00e3o de novo\u201d, concluiu sorrindo.<\/span><\/p>\n<p style=\"text-align: justify;\"><span style=\"font-weight: 400; font-family: arial, helvetica, sans-serif;\">\u201cAs palavras para hoje s\u00e3o agradecimento, felicidade, comprometimento com o pessoal e com a fam\u00edlia cambeense, que compareceu e fez hoje a melhor festa do trabalhador da hist\u00f3ria da cidade de Camb\u00e9, e quem est\u00e1 falando isso s\u00e3o as pessoas que est\u00e3o aqui hoje, n\u00e3o sou eu. Fico feliz que tenha dado certo e vamos melhorar para o ano que vem, a tend\u00eancia \u00e9 essa, fazer uma festa cada vez melhor. Obrigado \u00e0s fam\u00edlias cambeenses e \u00e0 nossa equipe da Prefeitura de Camb\u00e9, que trabalhou duro para que esse evento tivesse o sucesso que teve\u201d, expressou o prefeito Conrado Scheller no fim do evento.<\/span><\/p>\n","protected":false},"excerpt":{"rendered":"<p>Nesta segunda-feira (1), no feriado de 1\u00ba de Maio, a Prefeitura de Camb\u00e9 voltou a realizar a Festa do Trabalhador, pela primeira vez desde a pandemia, no Centro Esportivo Castelo Branco. Com as finais do Torneio 1\u00ba de Maio, servi\u00e7os das Secretarias Municipais, brincadeiras para as crian\u00e7as e atra\u00e7\u00f5es culturais, a celebra\u00e7\u00e3o foi um sucesso [&hellip;]<\/p>\n","protected":false},"author":16,"featured_media":0,"comment_status":"closed","ping_status":"open","sticky":false,"template":"","format":"standard","meta":{"ngg_post_thumbnail":0,"footnotes":""},"categories":[1],"tags":[],"class_list":["post-10019","post","type-post","status-publish","format-standard","hentry","category-principal"],"yoast_head":"<!-- This site is optimized with the Yoast SEO plugin v27.4 - https:\/\/yoast.com\/product\/yoast-seo-wordpress\/ -->\n<title>Festa do Trabalhador: torneio de futebol e diversas atra\u00e7\u00f5es marcam celebra\u00e7\u00e3o do 1\u00ba de Maio - Prefeitura de Camb\u00e9<\/title>\n<meta name=\"robots\" content=\"index, follow, max-snippet:-1, max-image-preview:large, max-video-preview:-1\" \/>\n<link rel=\"canonical\" href=\"https:\/\/www.cambe.pr.gov.br\/index.php\/festa-do-trabalhador-torneio-de-futebol-e-diversas-atracoes-marcam-celebracao-no-feriado-de-1o-de-maio\/\" \/>\n<meta property=\"og:locale\" content=\"pt_BR\" \/>\n<meta property=\"og:type\" content=\"article\" \/>\n<meta property=\"og:title\" content=\"Festa do Trabalhador: torneio de futebol e diversas atra\u00e7\u00f5es marcam celebra\u00e7\u00e3o do 1\u00ba de Maio - Prefeitura de Camb\u00e9\" \/>\n<meta property=\"og:description\" content=\"Nesta segunda-feira (1), no feriado de 1\u00ba de Maio, a Prefeitura de Camb\u00e9 voltou a realizar a Festa do Trabalhador, pela primeira vez desde a pandemia, no Centro Esportivo Castelo Branco. Com as finais do Torneio 1\u00ba de Maio, servi\u00e7os das Secretarias Municipais, brincadeiras para as crian\u00e7as e atra\u00e7\u00f5es culturais, a celebra\u00e7\u00e3o foi um sucesso [&hellip;]\" \/>\n<meta property=\"og:url\" content=\"https:\/\/www.cambe.pr.gov.br\/index.php\/festa-do-trabalhador-torneio-de-futebol-e-diversas-atracoes-marcam-celebracao-no-feriado-de-1o-de-maio\/\" \/>\n<meta property=\"og:site_name\" content=\"Prefeitura de Camb\u00e9\" \/>\n<meta property=\"article:publisher\" content=\"https:\/\/m.facebook.com\/prefeituradecambe\" \/>\n<meta property=\"article:published_time\" content=\"2023-05-02T17:59:50+00:00\" \/>\n<meta property=\"article:modified_time\" content=\"2024-10-07T16:01:10+00:00\" \/>\n<meta property=\"og:image\" content=\"http:\/\/www.cambe.pr.gov.br\/wp-content\/uploads\/2023\/05\/DSC_0639-1024x678.jpg\" \/>\n<meta name=\"author\" content=\"Vinicius Augusto Batista Eira\" \/>\n<meta name=\"twitter:card\" content=\"summary_large_image\" \/>\n<meta name=\"twitter:label1\" content=\"Escrito por\" \/>\n\t<meta name=\"twitter:data1\" content=\"Vinicius Augusto Batista Eira\" \/>\n\t<meta name=\"twitter:label2\" content=\"Est. tempo de leitura\" \/>\n\t<meta name=\"twitter:data2\" content=\"5 minutos\" \/>\n<script type=\"application\/ld+json\" class=\"yoast-schema-graph\">{\"@context\":\"https:\\\/\\\/schema.org\",\"@graph\":[{\"@type\":\"Article\",\"@id\":\"https:\\\/\\\/www.cambe.pr.gov.br\\\/index.php\\\/festa-do-trabalhador-torneio-de-futebol-e-diversas-atracoes-marcam-celebracao-no-feriado-de-1o-de-maio\\\/#article\",\"isPartOf\":{\"@id\":\"https:\\\/\\\/www.cambe.pr.gov.br\\\/index.php\\\/festa-do-trabalhador-torneio-de-futebol-e-diversas-atracoes-marcam-celebracao-no-feriado-de-1o-de-maio\\\/\"},\"author\":{\"name\":\"Vinicius Augusto Batista Eira\",\"@id\":\"https:\\\/\\\/www.cambe.pr.gov.br\\\/#\\\/schema\\\/person\\\/8e3ee69cb2cadf4b9f8377407227effd\"},\"headline\":\"Festa do Trabalhador: torneio de futebol e diversas atra\u00e7\u00f5es marcam celebra\u00e7\u00e3o do 1\u00ba de Maio\",\"datePublished\":\"2023-05-02T17:59:50+00:00\",\"dateModified\":\"2024-10-07T16:01:10+00:00\",\"mainEntityOfPage\":{\"@id\":\"https:\\\/\\\/www.cambe.pr.gov.br\\\/index.php\\\/festa-do-trabalhador-torneio-de-futebol-e-diversas-atracoes-marcam-celebracao-no-feriado-de-1o-de-maio\\\/\"},\"wordCount\":1035,\"publisher\":{\"@id\":\"https:\\\/\\\/www.cambe.pr.gov.br\\\/#organization\"},\"image\":{\"@id\":\"https:\\\/\\\/www.cambe.pr.gov.br\\\/index.php\\\/festa-do-trabalhador-torneio-de-futebol-e-diversas-atracoes-marcam-celebracao-no-feriado-de-1o-de-maio\\\/#primaryimage\"},\"thumbnailUrl\":\"http:\\\/\\\/www.cambe.pr.gov.br\\\/wp-content\\\/uploads\\\/2023\\\/05\\\/DSC_0639-1024x678.jpg\",\"articleSection\":[\"Principal\"],\"inLanguage\":\"pt-BR\"},{\"@type\":\"WebPage\",\"@id\":\"https:\\\/\\\/www.cambe.pr.gov.br\\\/index.php\\\/festa-do-trabalhador-torneio-de-futebol-e-diversas-atracoes-marcam-celebracao-no-feriado-de-1o-de-maio\\\/\",\"url\":\"https:\\\/\\\/www.cambe.pr.gov.br\\\/index.php\\\/festa-do-trabalhador-torneio-de-futebol-e-diversas-atracoes-marcam-celebracao-no-feriado-de-1o-de-maio\\\/\",\"name\":\"Festa do Trabalhador: torneio de futebol e diversas atra\u00e7\u00f5es marcam celebra\u00e7\u00e3o do 1\u00ba de Maio - Prefeitura de Camb\u00e9\",\"isPartOf\":{\"@id\":\"https:\\\/\\\/www.cambe.pr.gov.br\\\/#website\"},\"primaryImageOfPage\":{\"@id\":\"https:\\\/\\\/www.cambe.pr.gov.br\\\/index.php\\\/festa-do-trabalhador-torneio-de-futebol-e-diversas-atracoes-marcam-celebracao-no-feriado-de-1o-de-maio\\\/#primaryimage\"},\"image\":{\"@id\":\"https:\\\/\\\/www.cambe.pr.gov.br\\\/index.php\\\/festa-do-trabalhador-torneio-de-futebol-e-diversas-atracoes-marcam-celebracao-no-feriado-de-1o-de-maio\\\/#primaryimage\"},\"thumbnailUrl\":\"http:\\\/\\\/www.cambe.pr.gov.br\\\/wp-content\\\/uploads\\\/2023\\\/05\\\/DSC_0639-1024x678.jpg\",\"datePublished\":\"2023-05-02T17:59:50+00:00\",\"dateModified\":\"2024-10-07T16:01:10+00:00\",\"breadcrumb\":{\"@id\":\"https:\\\/\\\/www.cambe.pr.gov.br\\\/index.php\\\/festa-do-trabalhador-torneio-de-futebol-e-diversas-atracoes-marcam-celebracao-no-feriado-de-1o-de-maio\\\/#breadcrumb\"},\"inLanguage\":\"pt-BR\",\"potentialAction\":[{\"@type\":\"ReadAction\",\"target\":[\"https:\\\/\\\/www.cambe.pr.gov.br\\\/index.php\\\/festa-do-trabalhador-torneio-de-futebol-e-diversas-atracoes-marcam-celebracao-no-feriado-de-1o-de-maio\\\/\"]}]},{\"@type\":\"ImageObject\",\"inLanguage\":\"pt-BR\",\"@id\":\"https:\\\/\\\/www.cambe.pr.gov.br\\\/index.php\\\/festa-do-trabalhador-torneio-de-futebol-e-diversas-atracoes-marcam-celebracao-no-feriado-de-1o-de-maio\\\/#primaryimage\",\"url\":\"http:\\\/\\\/www.cambe.pr.gov.br\\\/wp-content\\\/uploads\\\/2023\\\/05\\\/DSC_0639-1024x678.jpg\",\"contentUrl\":\"http:\\\/\\\/www.cambe.pr.gov.br\\\/wp-content\\\/uploads\\\/2023\\\/05\\\/DSC_0639-1024x678.jpg\"},{\"@type\":\"BreadcrumbList\",\"@id\":\"https:\\\/\\\/www.cambe.pr.gov.br\\\/index.php\\\/festa-do-trabalhador-torneio-de-futebol-e-diversas-atracoes-marcam-celebracao-no-feriado-de-1o-de-maio\\\/#breadcrumb\",\"itemListElement\":[{\"@type\":\"ListItem\",\"position\":1,\"name\":\"In\u00edcio\",\"item\":\"https:\\\/\\\/www.cambe.pr.gov.br\\\/\"},{\"@type\":\"ListItem\",\"position\":2,\"name\":\"Festa do Trabalhador: torneio de futebol e diversas atra\u00e7\u00f5es marcam celebra\u00e7\u00e3o do 1\u00ba de Maio\"}]},{\"@type\":\"WebSite\",\"@id\":\"https:\\\/\\\/www.cambe.pr.gov.br\\\/#website\",\"url\":\"https:\\\/\\\/www.cambe.pr.gov.br\\\/\",\"name\":\"Prefeitura de Camb\u00e9\",\"description\":\"UM GOVERNO PARA TODOS\",\"publisher\":{\"@id\":\"https:\\\/\\\/www.cambe.pr.gov.br\\\/#organization\"},\"potentialAction\":[{\"@type\":\"SearchAction\",\"target\":{\"@type\":\"EntryPoint\",\"urlTemplate\":\"https:\\\/\\\/www.cambe.pr.gov.br\\\/?s={search_term_string}\"},\"query-input\":{\"@type\":\"PropertyValueSpecification\",\"valueRequired\":true,\"valueName\":\"search_term_string\"}}],\"inLanguage\":\"pt-BR\"},{\"@type\":\"Organization\",\"@id\":\"https:\\\/\\\/www.cambe.pr.gov.br\\\/#organization\",\"name\":\"Prefeitura de Camb\u00e9\",\"url\":\"https:\\\/\\\/www.cambe.pr.gov.br\\\/\",\"logo\":{\"@type\":\"ImageObject\",\"inLanguage\":\"pt-BR\",\"@id\":\"https:\\\/\\\/www.cambe.pr.gov.br\\\/#\\\/schema\\\/logo\\\/image\\\/\",\"url\":\"https:\\\/\\\/www.cambe.pr.gov.br\\\/wp-content\\\/uploads\\\/2021\\\/01\\\/cropped-cropped-cambe_brazao-icone.png\",\"contentUrl\":\"https:\\\/\\\/www.cambe.pr.gov.br\\\/wp-content\\\/uploads\\\/2021\\\/01\\\/cropped-cropped-cambe_brazao-icone.png\",\"width\":240,\"height\":240,\"caption\":\"Prefeitura de Camb\u00e9\"},\"image\":{\"@id\":\"https:\\\/\\\/www.cambe.pr.gov.br\\\/#\\\/schema\\\/logo\\\/image\\\/\"},\"sameAs\":[\"https:\\\/\\\/m.facebook.com\\\/prefeituradecambe\"]},{\"@type\":\"Person\",\"@id\":\"https:\\\/\\\/www.cambe.pr.gov.br\\\/#\\\/schema\\\/person\\\/8e3ee69cb2cadf4b9f8377407227effd\",\"name\":\"Vinicius Augusto Batista Eira\",\"image\":{\"@type\":\"ImageObject\",\"inLanguage\":\"pt-BR\",\"@id\":\"https:\\\/\\\/secure.gravatar.com\\\/avatar\\\/1ec500de7013b30e1d4d7c8c3978f0e4433c37e5d5e4cd186239369c6440122b?s=96&d=mm&r=g\",\"url\":\"https:\\\/\\\/secure.gravatar.com\\\/avatar\\\/1ec500de7013b30e1d4d7c8c3978f0e4433c37e5d5e4cd186239369c6440122b?s=96&d=mm&r=g\",\"contentUrl\":\"https:\\\/\\\/secure.gravatar.com\\\/avatar\\\/1ec500de7013b30e1d4d7c8c3978f0e4433c37e5d5e4cd186239369c6440122b?s=96&d=mm&r=g\",\"caption\":\"Vinicius Augusto Batista Eira\"},\"url\":\"https:\\\/\\\/www.cambe.pr.gov.br\\\/index.php\\\/author\\\/vabeira\\\/\"}]}<\/script>\n<!-- \/ Yoast SEO plugin. -->","yoast_head_json":{"title":"Festa do Trabalhador: torneio de futebol e diversas atra\u00e7\u00f5es marcam celebra\u00e7\u00e3o do 1\u00ba de Maio - Prefeitura de Camb\u00e9","robots":{"index":"index","follow":"follow","max-snippet":"max-snippet:-1","max-image-preview":"max-image-preview:large","max-video-preview":"max-video-preview:-1"},"canonical":"https:\/\/www.cambe.pr.gov.br\/index.php\/festa-do-trabalhador-torneio-de-futebol-e-diversas-atracoes-marcam-celebracao-no-feriado-de-1o-de-maio\/","og_locale":"pt_BR","og_type":"article","og_title":"Festa do Trabalhador: torneio de futebol e diversas atra\u00e7\u00f5es marcam celebra\u00e7\u00e3o do 1\u00ba de Maio - Prefeitura de Camb\u00e9","og_description":"Nesta segunda-feira (1), no feriado de 1\u00ba de Maio, a Prefeitura de Camb\u00e9 voltou a realizar a Festa do Trabalhador, pela primeira vez desde a pandemia, no Centro Esportivo Castelo Branco. Com as finais do Torneio 1\u00ba de Maio, servi\u00e7os das Secretarias Municipais, brincadeiras para as crian\u00e7as e atra\u00e7\u00f5es culturais, a celebra\u00e7\u00e3o foi um sucesso [&hellip;]","og_url":"https:\/\/www.cambe.pr.gov.br\/index.php\/festa-do-trabalhador-torneio-de-futebol-e-diversas-atracoes-marcam-celebracao-no-feriado-de-1o-de-maio\/","og_site_name":"Prefeitura de Camb\u00e9","article_publisher":"https:\/\/m.facebook.com\/prefeituradecambe","article_published_time":"2023-05-02T17:59:50+00:00","article_modified_time":"2024-10-07T16:01:10+00:00","og_image":[{"url":"http:\/\/www.cambe.pr.gov.br\/wp-content\/uploads\/2023\/05\/DSC_0639-1024x678.jpg","type":"","width":"","height":""}],"author":"Vinicius Augusto Batista Eira","twitter_card":"summary_large_image","twitter_misc":{"Escrito por":"Vinicius Augusto Batista Eira","Est. tempo de leitura":"5 minutos"},"schema":{"@context":"https:\/\/schema.org","@graph":[{"@type":"Article","@id":"https:\/\/www.cambe.pr.gov.br\/index.php\/festa-do-trabalhador-torneio-de-futebol-e-diversas-atracoes-marcam-celebracao-no-feriado-de-1o-de-maio\/#article","isPartOf":{"@id":"https:\/\/www.cambe.pr.gov.br\/index.php\/festa-do-trabalhador-torneio-de-futebol-e-diversas-atracoes-marcam-celebracao-no-feriado-de-1o-de-maio\/"},"author":{"name":"Vinicius Augusto Batista Eira","@id":"https:\/\/www.cambe.pr.gov.br\/#\/schema\/person\/8e3ee69cb2cadf4b9f8377407227effd"},"headline":"Festa do Trabalhador: torneio de futebol e diversas atra\u00e7\u00f5es marcam celebra\u00e7\u00e3o do 1\u00ba de Maio","datePublished":"2023-05-02T17:59:50+00:00","dateModified":"2024-10-07T16:01:10+00:00","mainEntityOfPage":{"@id":"https:\/\/www.cambe.pr.gov.br\/index.php\/festa-do-trabalhador-torneio-de-futebol-e-diversas-atracoes-marcam-celebracao-no-feriado-de-1o-de-maio\/"},"wordCount":1035,"publisher":{"@id":"https:\/\/www.cambe.pr.gov.br\/#organization"},"image":{"@id":"https:\/\/www.cambe.pr.gov.br\/index.php\/festa-do-trabalhador-torneio-de-futebol-e-diversas-atracoes-marcam-celebracao-no-feriado-de-1o-de-maio\/#primaryimage"},"thumbnailUrl":"http:\/\/www.cambe.pr.gov.br\/wp-content\/uploads\/2023\/05\/DSC_0639-1024x678.jpg","articleSection":["Principal"],"inLanguage":"pt-BR"},{"@type":"WebPage","@id":"https:\/\/www.cambe.pr.gov.br\/index.php\/festa-do-trabalhador-torneio-de-futebol-e-diversas-atracoes-marcam-celebracao-no-feriado-de-1o-de-maio\/","url":"https:\/\/www.cambe.pr.gov.br\/index.php\/festa-do-trabalhador-torneio-de-futebol-e-diversas-atracoes-marcam-celebracao-no-feriado-de-1o-de-maio\/","name":"Festa do Trabalhador: torneio de futebol e diversas atra\u00e7\u00f5es marcam celebra\u00e7\u00e3o do 1\u00ba de Maio - Prefeitura de Camb\u00e9","isPartOf":{"@id":"https:\/\/www.cambe.pr.gov.br\/#website"},"primaryImageOfPage":{"@id":"https:\/\/www.cambe.pr.gov.br\/index.php\/festa-do-trabalhador-torneio-de-futebol-e-diversas-atracoes-marcam-celebracao-no-feriado-de-1o-de-maio\/#primaryimage"},"image":{"@id":"https:\/\/www.cambe.pr.gov.br\/index.php\/festa-do-trabalhador-torneio-de-futebol-e-diversas-atracoes-marcam-celebracao-no-feriado-de-1o-de-maio\/#primaryimage"},"thumbnailUrl":"http:\/\/www.cambe.pr.gov.br\/wp-content\/uploads\/2023\/05\/DSC_0639-1024x678.jpg","datePublished":"2023-05-02T17:59:50+00:00","dateModified":"2024-10-07T16:01:10+00:00","breadcrumb":{"@id":"https:\/\/www.cambe.pr.gov.br\/index.php\/festa-do-trabalhador-torneio-de-futebol-e-diversas-atracoes-marcam-celebracao-no-feriado-de-1o-de-maio\/#breadcrumb"},"inLanguage":"pt-BR","potentialAction":[{"@type":"ReadAction","target":["https:\/\/www.cambe.pr.gov.br\/index.php\/festa-do-trabalhador-torneio-de-futebol-e-diversas-atracoes-marcam-celebracao-no-feriado-de-1o-de-maio\/"]}]},{"@type":"ImageObject","inLanguage":"pt-BR","@id":"https:\/\/www.cambe.pr.gov.br\/index.php\/festa-do-trabalhador-torneio-de-futebol-e-diversas-atracoes-marcam-celebracao-no-feriado-de-1o-de-maio\/#primaryimage","url":"http:\/\/www.cambe.pr.gov.br\/wp-content\/uploads\/2023\/05\/DSC_0639-1024x678.jpg","contentUrl":"http:\/\/www.cambe.pr.gov.br\/wp-content\/uploads\/2023\/05\/DSC_0639-1024x678.jpg"},{"@type":"BreadcrumbList","@id":"https:\/\/www.cambe.pr.gov.br\/index.php\/festa-do-trabalhador-torneio-de-futebol-e-diversas-atracoes-marcam-celebracao-no-feriado-de-1o-de-maio\/#breadcrumb","itemListElement":[{"@type":"ListItem","position":1,"name":"In\u00edcio","item":"https:\/\/www.cambe.pr.gov.br\/"},{"@type":"ListItem","position":2,"name":"Festa do Trabalhador: torneio de futebol e diversas atra\u00e7\u00f5es marcam celebra\u00e7\u00e3o do 1\u00ba de Maio"}]},{"@type":"WebSite","@id":"https:\/\/www.cambe.pr.gov.br\/#website","url":"https:\/\/www.cambe.pr.gov.br\/","name":"Prefeitura de Camb\u00e9","description":"UM GOVERNO PARA TODOS","publisher":{"@id":"https:\/\/www.cambe.pr.gov.br\/#organization"},"potentialAction":[{"@type":"SearchAction","target":{"@type":"EntryPoint","urlTemplate":"https:\/\/www.cambe.pr.gov.br\/?s={search_term_string}"},"query-input":{"@type":"PropertyValueSpecification","valueRequired":true,"valueName":"search_term_string"}}],"inLanguage":"pt-BR"},{"@type":"Organization","@id":"https:\/\/www.cambe.pr.gov.br\/#organization","name":"Prefeitura de Camb\u00e9","url":"https:\/\/www.cambe.pr.gov.br\/","logo":{"@type":"ImageObject","inLanguage":"pt-BR","@id":"https:\/\/www.cambe.pr.gov.br\/#\/schema\/logo\/image\/","url":"https:\/\/www.cambe.pr.gov.br\/wp-content\/uploads\/2021\/01\/cropped-cropped-cambe_brazao-icone.png","contentUrl":"https:\/\/www.cambe.pr.gov.br\/wp-content\/uploads\/2021\/01\/cropped-cropped-cambe_brazao-icone.png","width":240,"height":240,"caption":"Prefeitura de Camb\u00e9"},"image":{"@id":"https:\/\/www.cambe.pr.gov.br\/#\/schema\/logo\/image\/"},"sameAs":["https:\/\/m.facebook.com\/prefeituradecambe"]},{"@type":"Person","@id":"https:\/\/www.cambe.pr.gov.br\/#\/schema\/person\/8e3ee69cb2cadf4b9f8377407227effd","name":"Vinicius Augusto Batista Eira","image":{"@type":"ImageObject","inLanguage":"pt-BR","@id":"https:\/\/secure.gravatar.com\/avatar\/1ec500de7013b30e1d4d7c8c3978f0e4433c37e5d5e4cd186239369c6440122b?s=96&d=mm&r=g","url":"https:\/\/secure.gravatar.com\/avatar\/1ec500de7013b30e1d4d7c8c3978f0e4433c37e5d5e4cd186239369c6440122b?s=96&d=mm&r=g","contentUrl":"https:\/\/secure.gravatar.com\/avatar\/1ec500de7013b30e1d4d7c8c3978f0e4433c37e5d5e4cd186239369c6440122b?s=96&d=mm&r=g","caption":"Vinicius Augusto Batista Eira"},"url":"https:\/\/www.cambe.pr.gov.br\/index.php\/author\/vabeira\/"}]}},"_links":{"self":[{"href":"https:\/\/www.cambe.pr.gov.br\/index.php\/wp-json\/wp\/v2\/posts\/10019","targetHints":{"allow":["GET"]}}],"collection":[{"href":"https:\/\/www.cambe.pr.gov.br\/index.php\/wp-json\/wp\/v2\/posts"}],"about":[{"href":"https:\/\/www.cambe.pr.gov.br\/index.php\/wp-json\/wp\/v2\/types\/post"}],"author":[{"embeddable":true,"href":"https:\/\/www.cambe.pr.gov.br\/index.php\/wp-json\/wp\/v2\/users\/16"}],"replies":[{"embeddable":true,"href":"https:\/\/www.cambe.pr.gov.br\/index.php\/wp-json\/wp\/v2\/comments?post=10019"}],"version-history":[{"count":5,"href":"https:\/\/www.cambe.pr.gov.br\/index.php\/wp-json\/wp\/v2\/posts\/10019\/revisions"}],"predecessor-version":[{"id":10034,"href":"https:\/\/www.cambe.pr.gov.br\/index.php\/wp-json\/wp\/v2\/posts\/10019\/revisions\/10034"}],"wp:attachment":[{"href":"https:\/\/www.cambe.pr.gov.br\/index.php\/wp-json\/wp\/v2\/media?parent=10019"}],"wp:term":[{"taxonomy":"category","embeddable":true,"href":"https:\/\/www.cambe.pr.gov.br\/index.php\/wp-json\/wp\/v2\/categories?post=10019"},{"taxonomy":"post_tag","embeddable":true,"href":"https:\/\/www.cambe.pr.gov.br\/index.php\/wp-json\/wp\/v2\/tags?post=10019"}],"curies":[{"name":"wp","href":"https:\/\/api.w.org\/{rel}","templated":true}]}}