{"id":10013,"date":"2023-04-28T17:05:36","date_gmt":"2023-04-28T20:05:36","guid":{"rendered":"http:\/\/www.cambe.pr.gov.br\/?p=10013"},"modified":"2024-10-07T13:01:10","modified_gmt":"2024-10-07T16:01:10","slug":"cambe-sedia-5a-rodada-da-copa-centro-norte-paranaense-de-futebol-de-base","status":"publish","type":"post","link":"https:\/\/www.cambe.pr.gov.br\/index.php\/cambe-sedia-5a-rodada-da-copa-centro-norte-paranaense-de-futebol-de-base\/","title":{"rendered":"Camb\u00e9 sedia 5\u00aa rodada da Copa Centro Norte Paranaense de futebol de base"},"content":{"rendered":"<p style=\"text-align: justify;\"><span style=\"font-weight: 400; font-family: arial, helvetica, sans-serif;\"><img fetchpriority=\"high\" decoding=\"async\" class=\"size-large wp-image-10017 alignleft\" src=\"https:\/\/www.cambe.pr.gov.br\/wp-content\/uploads\/2023\/04\/WhatsApp-Image-2023-04-28-at-10.44.18-1024x724.jpeg\" alt=\"\" width=\"610\" height=\"431\" srcset=\"https:\/\/www.cambe.pr.gov.br\/wp-content\/uploads\/2023\/04\/WhatsApp-Image-2023-04-28-at-10.44.18-1024x724.jpeg 1024w, https:\/\/www.cambe.pr.gov.br\/wp-content\/uploads\/2023\/04\/WhatsApp-Image-2023-04-28-at-10.44.18-300x212.jpeg 300w, https:\/\/www.cambe.pr.gov.br\/wp-content\/uploads\/2023\/04\/WhatsApp-Image-2023-04-28-at-10.44.18-768x543.jpeg 768w, https:\/\/www.cambe.pr.gov.br\/wp-content\/uploads\/2023\/04\/WhatsApp-Image-2023-04-28-at-10.44.18-1536x1086.jpeg 1536w, https:\/\/www.cambe.pr.gov.br\/wp-content\/uploads\/2023\/04\/WhatsApp-Image-2023-04-28-at-10.44.18.jpeg 1600w\" sizes=\"(max-width: 610px) 100vw, 610px\" \/>O Centro Esportivo Castelo Branco sedia neste s\u00e1bado (29) a 5\u00aa rodada da Copa Centro Norte Paranaense de futebol de base. O campeonato acontece todos os s\u00e1bados, com cada rodada sendo realizada em uma das cidades participantes. Ao todo, ser\u00e3o oito jogos, com in\u00edcio \u00e0s 08h30. A equipe do Camb\u00e9 estar\u00e1 sendo representada em tr\u00eas categorias: mirim (sub-12), infantil (sub-14) e juvenil (sub-17).<\/span><\/p>\n<p style=\"text-align: justify;\"><span style=\"font-weight: 400; font-family: arial, helvetica, sans-serif;\">A equipe juvenil de Camb\u00e9 abre a rodada, em jogo contra Alvorada do Sul, \u00e0s 08h30. Ao meio-dia, o time mirim joga contra o Florest\u00f3polis, na 5\u00aa partida prevista. J\u00e1 o infantil tamb\u00e9m enfrenta a equipe de Florest\u00f3polis, no 6\u00ba confronto, \u00e0s 12h30.<\/span><\/p>\n<p style=\"text-align: justify;\"><span style=\"font-weight: 400; font-family: arial, helvetica, sans-serif;\">O t\u00e9cnico de Camb\u00e9, Silvio Anacleto, afirmou que o campeonato \u00e9 uma oportunidade para quem gosta do esporte, mas tamb\u00e9m para que outras crian\u00e7as se interessem em sair das arquibancadas e entrem em campo. \u201c[A Copa] \u00e9 bem interessante, bom para quem gosta de ver futebol, para quem gosta de ver a molecada em campo, ver os nossos meninos jogando e tamb\u00e9m para ter um contato com o esporte. De repente, as crian\u00e7as se identificam e ficam com vontade de fazer parte das nossas escolinhas\u201d, concluiu.<\/span><\/p>\n<p style=\"text-align: justify;\"><strong><span style=\"font-family: arial, helvetica, sans-serif;\">Projeto de futebol de campo<\/span><\/strong><\/p>\n<p style=\"text-align: justify;\"><span style=\"font-weight: 400; font-family: arial, helvetica, sans-serif;\">E para quem j\u00e1 se interessou em come\u00e7ar a treinar, ou quer colocar os filhos no esporte, o projeto de futebol de campo \u00e9 aberto a garotos de 12 a 17 anos, e as inscri\u00e7\u00f5es podem ser feitas direto com o treinador Silvio, ou com o professor Valdinei dos Santos, o outro t\u00e9cnico do projeto, nos locais de treinos: Jardim S\u00e3o Francisco e Castelo Branco.<\/span><\/p>\n<p style=\"text-align: justify;\"><span style=\"font-weight: 400; font-family: arial, helvetica, sans-serif;\">No campo do Jardim S\u00e3o Francisco, os treinos para garotos de 12 a 14 anos ocorrem \u00e0s ter\u00e7as e quintas-feiras, das 15h \u00e0s 16h30. J\u00e1 os treinos para os pequenos atletas de 15 a 17 anos se d\u00e3o nos mesmos dias, mas das 16h30 \u00e0s 18h.<\/span><\/p>\n<p style=\"text-align: justify;\"><span style=\"font-weight: 400; font-family: arial, helvetica, sans-serif;\">No Castelo Branco, os treinos s\u00e3o feitos \u00e0s segundas, quartas e sextas-feiras, das 15h \u00e0s 18h, para as categorias sub-15 e sub-17 (meninos nascidos entre 2006 e 2010).<\/span><\/p>\n","protected":false},"excerpt":{"rendered":"<p>O Centro Esportivo Castelo Branco sedia neste s\u00e1bado (29) a 5\u00aa rodada da Copa Centro Norte Paranaense de futebol de base. O campeonato acontece todos os s\u00e1bados, com cada rodada sendo realizada em uma das cidades participantes. Ao todo, ser\u00e3o oito jogos, com in\u00edcio \u00e0s 08h30. A equipe do Camb\u00e9 estar\u00e1 sendo representada em tr\u00eas [&hellip;]<\/p>\n","protected":false},"author":16,"featured_media":0,"comment_status":"closed","ping_status":"open","sticky":false,"template":"","format":"standard","meta":{"ngg_post_thumbnail":0,"footnotes":""},"categories":[1],"tags":[],"class_list":["post-10013","post","type-post","status-publish","format-standard","hentry","category-principal"],"yoast_head":"<!-- This site is optimized with the Yoast SEO plugin v27.4 - https:\/\/yoast.com\/product\/yoast-seo-wordpress\/ -->\n<title>Camb\u00e9 sedia 5\u00aa rodada da Copa Centro Norte Paranaense de futebol de base - Prefeitura de Camb\u00e9<\/title>\n<meta name=\"robots\" content=\"index, follow, max-snippet:-1, max-image-preview:large, max-video-preview:-1\" \/>\n<link rel=\"canonical\" href=\"https:\/\/www.cambe.pr.gov.br\/index.php\/cambe-sedia-5a-rodada-da-copa-centro-norte-paranaense-de-futebol-de-base\/\" \/>\n<meta property=\"og:locale\" content=\"pt_BR\" \/>\n<meta property=\"og:type\" content=\"article\" \/>\n<meta property=\"og:title\" content=\"Camb\u00e9 sedia 5\u00aa rodada da Copa Centro Norte Paranaense de futebol de base - Prefeitura de Camb\u00e9\" \/>\n<meta property=\"og:description\" content=\"O Centro Esportivo Castelo Branco sedia neste s\u00e1bado (29) a 5\u00aa rodada da Copa Centro Norte Paranaense de futebol de base. O campeonato acontece todos os s\u00e1bados, com cada rodada sendo realizada em uma das cidades participantes. Ao todo, ser\u00e3o oito jogos, com in\u00edcio \u00e0s 08h30. A equipe do Camb\u00e9 estar\u00e1 sendo representada em tr\u00eas [&hellip;]\" \/>\n<meta property=\"og:url\" content=\"https:\/\/www.cambe.pr.gov.br\/index.php\/cambe-sedia-5a-rodada-da-copa-centro-norte-paranaense-de-futebol-de-base\/\" \/>\n<meta property=\"og:site_name\" content=\"Prefeitura de Camb\u00e9\" \/>\n<meta property=\"article:publisher\" content=\"https:\/\/m.facebook.com\/prefeituradecambe\" \/>\n<meta property=\"article:published_time\" content=\"2023-04-28T20:05:36+00:00\" \/>\n<meta property=\"article:modified_time\" content=\"2024-10-07T16:01:10+00:00\" \/>\n<meta property=\"og:image\" content=\"http:\/\/www.cambe.pr.gov.br\/wp-content\/uploads\/2023\/04\/WhatsApp-Image-2023-04-28-at-10.44.18-1024x724.jpeg\" \/>\n<meta name=\"author\" content=\"Vinicius Augusto Batista Eira\" \/>\n<meta name=\"twitter:card\" content=\"summary_large_image\" \/>\n<meta name=\"twitter:label1\" content=\"Escrito por\" \/>\n\t<meta name=\"twitter:data1\" content=\"Vinicius Augusto Batista Eira\" \/>\n\t<meta name=\"twitter:label2\" content=\"Est. tempo de leitura\" \/>\n\t<meta name=\"twitter:data2\" content=\"2 minutos\" \/>\n<script type=\"application\/ld+json\" class=\"yoast-schema-graph\">{\"@context\":\"https:\\\/\\\/schema.org\",\"@graph\":[{\"@type\":\"Article\",\"@id\":\"https:\\\/\\\/www.cambe.pr.gov.br\\\/index.php\\\/cambe-sedia-5a-rodada-da-copa-centro-norte-paranaense-de-futebol-de-base\\\/#article\",\"isPartOf\":{\"@id\":\"https:\\\/\\\/www.cambe.pr.gov.br\\\/index.php\\\/cambe-sedia-5a-rodada-da-copa-centro-norte-paranaense-de-futebol-de-base\\\/\"},\"author\":{\"name\":\"Vinicius Augusto Batista Eira\",\"@id\":\"https:\\\/\\\/www.cambe.pr.gov.br\\\/#\\\/schema\\\/person\\\/8e3ee69cb2cadf4b9f8377407227effd\"},\"headline\":\"Camb\u00e9 sedia 5\u00aa rodada da Copa Centro Norte Paranaense de futebol de base\",\"datePublished\":\"2023-04-28T20:05:36+00:00\",\"dateModified\":\"2024-10-07T16:01:10+00:00\",\"mainEntityOfPage\":{\"@id\":\"https:\\\/\\\/www.cambe.pr.gov.br\\\/index.php\\\/cambe-sedia-5a-rodada-da-copa-centro-norte-paranaense-de-futebol-de-base\\\/\"},\"wordCount\":354,\"publisher\":{\"@id\":\"https:\\\/\\\/www.cambe.pr.gov.br\\\/#organization\"},\"image\":{\"@id\":\"https:\\\/\\\/www.cambe.pr.gov.br\\\/index.php\\\/cambe-sedia-5a-rodada-da-copa-centro-norte-paranaense-de-futebol-de-base\\\/#primaryimage\"},\"thumbnailUrl\":\"http:\\\/\\\/www.cambe.pr.gov.br\\\/wp-content\\\/uploads\\\/2023\\\/04\\\/WhatsApp-Image-2023-04-28-at-10.44.18-1024x724.jpeg\",\"articleSection\":[\"Principal\"],\"inLanguage\":\"pt-BR\"},{\"@type\":\"WebPage\",\"@id\":\"https:\\\/\\\/www.cambe.pr.gov.br\\\/index.php\\\/cambe-sedia-5a-rodada-da-copa-centro-norte-paranaense-de-futebol-de-base\\\/\",\"url\":\"https:\\\/\\\/www.cambe.pr.gov.br\\\/index.php\\\/cambe-sedia-5a-rodada-da-copa-centro-norte-paranaense-de-futebol-de-base\\\/\",\"name\":\"Camb\u00e9 sedia 5\u00aa rodada da Copa Centro Norte Paranaense de futebol de base - Prefeitura de Camb\u00e9\",\"isPartOf\":{\"@id\":\"https:\\\/\\\/www.cambe.pr.gov.br\\\/#website\"},\"primaryImageOfPage\":{\"@id\":\"https:\\\/\\\/www.cambe.pr.gov.br\\\/index.php\\\/cambe-sedia-5a-rodada-da-copa-centro-norte-paranaense-de-futebol-de-base\\\/#primaryimage\"},\"image\":{\"@id\":\"https:\\\/\\\/www.cambe.pr.gov.br\\\/index.php\\\/cambe-sedia-5a-rodada-da-copa-centro-norte-paranaense-de-futebol-de-base\\\/#primaryimage\"},\"thumbnailUrl\":\"http:\\\/\\\/www.cambe.pr.gov.br\\\/wp-content\\\/uploads\\\/2023\\\/04\\\/WhatsApp-Image-2023-04-28-at-10.44.18-1024x724.jpeg\",\"datePublished\":\"2023-04-28T20:05:36+00:00\",\"dateModified\":\"2024-10-07T16:01:10+00:00\",\"breadcrumb\":{\"@id\":\"https:\\\/\\\/www.cambe.pr.gov.br\\\/index.php\\\/cambe-sedia-5a-rodada-da-copa-centro-norte-paranaense-de-futebol-de-base\\\/#breadcrumb\"},\"inLanguage\":\"pt-BR\",\"potentialAction\":[{\"@type\":\"ReadAction\",\"target\":[\"https:\\\/\\\/www.cambe.pr.gov.br\\\/index.php\\\/cambe-sedia-5a-rodada-da-copa-centro-norte-paranaense-de-futebol-de-base\\\/\"]}]},{\"@type\":\"ImageObject\",\"inLanguage\":\"pt-BR\",\"@id\":\"https:\\\/\\\/www.cambe.pr.gov.br\\\/index.php\\\/cambe-sedia-5a-rodada-da-copa-centro-norte-paranaense-de-futebol-de-base\\\/#primaryimage\",\"url\":\"http:\\\/\\\/www.cambe.pr.gov.br\\\/wp-content\\\/uploads\\\/2023\\\/04\\\/WhatsApp-Image-2023-04-28-at-10.44.18-1024x724.jpeg\",\"contentUrl\":\"http:\\\/\\\/www.cambe.pr.gov.br\\\/wp-content\\\/uploads\\\/2023\\\/04\\\/WhatsApp-Image-2023-04-28-at-10.44.18-1024x724.jpeg\"},{\"@type\":\"BreadcrumbList\",\"@id\":\"https:\\\/\\\/www.cambe.pr.gov.br\\\/index.php\\\/cambe-sedia-5a-rodada-da-copa-centro-norte-paranaense-de-futebol-de-base\\\/#breadcrumb\",\"itemListElement\":[{\"@type\":\"ListItem\",\"position\":1,\"name\":\"In\u00edcio\",\"item\":\"https:\\\/\\\/www.cambe.pr.gov.br\\\/\"},{\"@type\":\"ListItem\",\"position\":2,\"name\":\"Camb\u00e9 sedia 5\u00aa rodada da Copa Centro Norte Paranaense de futebol de base\"}]},{\"@type\":\"WebSite\",\"@id\":\"https:\\\/\\\/www.cambe.pr.gov.br\\\/#website\",\"url\":\"https:\\\/\\\/www.cambe.pr.gov.br\\\/\",\"name\":\"Prefeitura de Camb\u00e9\",\"description\":\"UM GOVERNO PARA TODOS\",\"publisher\":{\"@id\":\"https:\\\/\\\/www.cambe.pr.gov.br\\\/#organization\"},\"potentialAction\":[{\"@type\":\"SearchAction\",\"target\":{\"@type\":\"EntryPoint\",\"urlTemplate\":\"https:\\\/\\\/www.cambe.pr.gov.br\\\/?s={search_term_string}\"},\"query-input\":{\"@type\":\"PropertyValueSpecification\",\"valueRequired\":true,\"valueName\":\"search_term_string\"}}],\"inLanguage\":\"pt-BR\"},{\"@type\":\"Organization\",\"@id\":\"https:\\\/\\\/www.cambe.pr.gov.br\\\/#organization\",\"name\":\"Prefeitura de Camb\u00e9\",\"url\":\"https:\\\/\\\/www.cambe.pr.gov.br\\\/\",\"logo\":{\"@type\":\"ImageObject\",\"inLanguage\":\"pt-BR\",\"@id\":\"https:\\\/\\\/www.cambe.pr.gov.br\\\/#\\\/schema\\\/logo\\\/image\\\/\",\"url\":\"https:\\\/\\\/www.cambe.pr.gov.br\\\/wp-content\\\/uploads\\\/2021\\\/01\\\/cropped-cropped-cambe_brazao-icone.png\",\"contentUrl\":\"https:\\\/\\\/www.cambe.pr.gov.br\\\/wp-content\\\/uploads\\\/2021\\\/01\\\/cropped-cropped-cambe_brazao-icone.png\",\"width\":240,\"height\":240,\"caption\":\"Prefeitura de Camb\u00e9\"},\"image\":{\"@id\":\"https:\\\/\\\/www.cambe.pr.gov.br\\\/#\\\/schema\\\/logo\\\/image\\\/\"},\"sameAs\":[\"https:\\\/\\\/m.facebook.com\\\/prefeituradecambe\"]},{\"@type\":\"Person\",\"@id\":\"https:\\\/\\\/www.cambe.pr.gov.br\\\/#\\\/schema\\\/person\\\/8e3ee69cb2cadf4b9f8377407227effd\",\"name\":\"Vinicius Augusto Batista Eira\",\"image\":{\"@type\":\"ImageObject\",\"inLanguage\":\"pt-BR\",\"@id\":\"https:\\\/\\\/secure.gravatar.com\\\/avatar\\\/1ec500de7013b30e1d4d7c8c3978f0e4433c37e5d5e4cd186239369c6440122b?s=96&d=mm&r=g\",\"url\":\"https:\\\/\\\/secure.gravatar.com\\\/avatar\\\/1ec500de7013b30e1d4d7c8c3978f0e4433c37e5d5e4cd186239369c6440122b?s=96&d=mm&r=g\",\"contentUrl\":\"https:\\\/\\\/secure.gravatar.com\\\/avatar\\\/1ec500de7013b30e1d4d7c8c3978f0e4433c37e5d5e4cd186239369c6440122b?s=96&d=mm&r=g\",\"caption\":\"Vinicius Augusto Batista Eira\"},\"url\":\"https:\\\/\\\/www.cambe.pr.gov.br\\\/index.php\\\/author\\\/vabeira\\\/\"}]}<\/script>\n<!-- \/ Yoast SEO plugin. -->","yoast_head_json":{"title":"Camb\u00e9 sedia 5\u00aa rodada da Copa Centro Norte Paranaense de futebol de base - Prefeitura de Camb\u00e9","robots":{"index":"index","follow":"follow","max-snippet":"max-snippet:-1","max-image-preview":"max-image-preview:large","max-video-preview":"max-video-preview:-1"},"canonical":"https:\/\/www.cambe.pr.gov.br\/index.php\/cambe-sedia-5a-rodada-da-copa-centro-norte-paranaense-de-futebol-de-base\/","og_locale":"pt_BR","og_type":"article","og_title":"Camb\u00e9 sedia 5\u00aa rodada da Copa Centro Norte Paranaense de futebol de base - Prefeitura de Camb\u00e9","og_description":"O Centro Esportivo Castelo Branco sedia neste s\u00e1bado (29) a 5\u00aa rodada da Copa Centro Norte Paranaense de futebol de base. O campeonato acontece todos os s\u00e1bados, com cada rodada sendo realizada em uma das cidades participantes. Ao todo, ser\u00e3o oito jogos, com in\u00edcio \u00e0s 08h30. A equipe do Camb\u00e9 estar\u00e1 sendo representada em tr\u00eas [&hellip;]","og_url":"https:\/\/www.cambe.pr.gov.br\/index.php\/cambe-sedia-5a-rodada-da-copa-centro-norte-paranaense-de-futebol-de-base\/","og_site_name":"Prefeitura de Camb\u00e9","article_publisher":"https:\/\/m.facebook.com\/prefeituradecambe","article_published_time":"2023-04-28T20:05:36+00:00","article_modified_time":"2024-10-07T16:01:10+00:00","og_image":[{"url":"http:\/\/www.cambe.pr.gov.br\/wp-content\/uploads\/2023\/04\/WhatsApp-Image-2023-04-28-at-10.44.18-1024x724.jpeg","type":"","width":"","height":""}],"author":"Vinicius Augusto Batista Eira","twitter_card":"summary_large_image","twitter_misc":{"Escrito por":"Vinicius Augusto Batista Eira","Est. tempo de leitura":"2 minutos"},"schema":{"@context":"https:\/\/schema.org","@graph":[{"@type":"Article","@id":"https:\/\/www.cambe.pr.gov.br\/index.php\/cambe-sedia-5a-rodada-da-copa-centro-norte-paranaense-de-futebol-de-base\/#article","isPartOf":{"@id":"https:\/\/www.cambe.pr.gov.br\/index.php\/cambe-sedia-5a-rodada-da-copa-centro-norte-paranaense-de-futebol-de-base\/"},"author":{"name":"Vinicius Augusto Batista Eira","@id":"https:\/\/www.cambe.pr.gov.br\/#\/schema\/person\/8e3ee69cb2cadf4b9f8377407227effd"},"headline":"Camb\u00e9 sedia 5\u00aa rodada da Copa Centro Norte Paranaense de futebol de base","datePublished":"2023-04-28T20:05:36+00:00","dateModified":"2024-10-07T16:01:10+00:00","mainEntityOfPage":{"@id":"https:\/\/www.cambe.pr.gov.br\/index.php\/cambe-sedia-5a-rodada-da-copa-centro-norte-paranaense-de-futebol-de-base\/"},"wordCount":354,"publisher":{"@id":"https:\/\/www.cambe.pr.gov.br\/#organization"},"image":{"@id":"https:\/\/www.cambe.pr.gov.br\/index.php\/cambe-sedia-5a-rodada-da-copa-centro-norte-paranaense-de-futebol-de-base\/#primaryimage"},"thumbnailUrl":"http:\/\/www.cambe.pr.gov.br\/wp-content\/uploads\/2023\/04\/WhatsApp-Image-2023-04-28-at-10.44.18-1024x724.jpeg","articleSection":["Principal"],"inLanguage":"pt-BR"},{"@type":"WebPage","@id":"https:\/\/www.cambe.pr.gov.br\/index.php\/cambe-sedia-5a-rodada-da-copa-centro-norte-paranaense-de-futebol-de-base\/","url":"https:\/\/www.cambe.pr.gov.br\/index.php\/cambe-sedia-5a-rodada-da-copa-centro-norte-paranaense-de-futebol-de-base\/","name":"Camb\u00e9 sedia 5\u00aa rodada da Copa Centro Norte Paranaense de futebol de base - Prefeitura de Camb\u00e9","isPartOf":{"@id":"https:\/\/www.cambe.pr.gov.br\/#website"},"primaryImageOfPage":{"@id":"https:\/\/www.cambe.pr.gov.br\/index.php\/cambe-sedia-5a-rodada-da-copa-centro-norte-paranaense-de-futebol-de-base\/#primaryimage"},"image":{"@id":"https:\/\/www.cambe.pr.gov.br\/index.php\/cambe-sedia-5a-rodada-da-copa-centro-norte-paranaense-de-futebol-de-base\/#primaryimage"},"thumbnailUrl":"http:\/\/www.cambe.pr.gov.br\/wp-content\/uploads\/2023\/04\/WhatsApp-Image-2023-04-28-at-10.44.18-1024x724.jpeg","datePublished":"2023-04-28T20:05:36+00:00","dateModified":"2024-10-07T16:01:10+00:00","breadcrumb":{"@id":"https:\/\/www.cambe.pr.gov.br\/index.php\/cambe-sedia-5a-rodada-da-copa-centro-norte-paranaense-de-futebol-de-base\/#breadcrumb"},"inLanguage":"pt-BR","potentialAction":[{"@type":"ReadAction","target":["https:\/\/www.cambe.pr.gov.br\/index.php\/cambe-sedia-5a-rodada-da-copa-centro-norte-paranaense-de-futebol-de-base\/"]}]},{"@type":"ImageObject","inLanguage":"pt-BR","@id":"https:\/\/www.cambe.pr.gov.br\/index.php\/cambe-sedia-5a-rodada-da-copa-centro-norte-paranaense-de-futebol-de-base\/#primaryimage","url":"http:\/\/www.cambe.pr.gov.br\/wp-content\/uploads\/2023\/04\/WhatsApp-Image-2023-04-28-at-10.44.18-1024x724.jpeg","contentUrl":"http:\/\/www.cambe.pr.gov.br\/wp-content\/uploads\/2023\/04\/WhatsApp-Image-2023-04-28-at-10.44.18-1024x724.jpeg"},{"@type":"BreadcrumbList","@id":"https:\/\/www.cambe.pr.gov.br\/index.php\/cambe-sedia-5a-rodada-da-copa-centro-norte-paranaense-de-futebol-de-base\/#breadcrumb","itemListElement":[{"@type":"ListItem","position":1,"name":"In\u00edcio","item":"https:\/\/www.cambe.pr.gov.br\/"},{"@type":"ListItem","position":2,"name":"Camb\u00e9 sedia 5\u00aa rodada da Copa Centro Norte Paranaense de futebol de base"}]},{"@type":"WebSite","@id":"https:\/\/www.cambe.pr.gov.br\/#website","url":"https:\/\/www.cambe.pr.gov.br\/","name":"Prefeitura de Camb\u00e9","description":"UM GOVERNO PARA TODOS","publisher":{"@id":"https:\/\/www.cambe.pr.gov.br\/#organization"},"potentialAction":[{"@type":"SearchAction","target":{"@type":"EntryPoint","urlTemplate":"https:\/\/www.cambe.pr.gov.br\/?s={search_term_string}"},"query-input":{"@type":"PropertyValueSpecification","valueRequired":true,"valueName":"search_term_string"}}],"inLanguage":"pt-BR"},{"@type":"Organization","@id":"https:\/\/www.cambe.pr.gov.br\/#organization","name":"Prefeitura de Camb\u00e9","url":"https:\/\/www.cambe.pr.gov.br\/","logo":{"@type":"ImageObject","inLanguage":"pt-BR","@id":"https:\/\/www.cambe.pr.gov.br\/#\/schema\/logo\/image\/","url":"https:\/\/www.cambe.pr.gov.br\/wp-content\/uploads\/2021\/01\/cropped-cropped-cambe_brazao-icone.png","contentUrl":"https:\/\/www.cambe.pr.gov.br\/wp-content\/uploads\/2021\/01\/cropped-cropped-cambe_brazao-icone.png","width":240,"height":240,"caption":"Prefeitura de Camb\u00e9"},"image":{"@id":"https:\/\/www.cambe.pr.gov.br\/#\/schema\/logo\/image\/"},"sameAs":["https:\/\/m.facebook.com\/prefeituradecambe"]},{"@type":"Person","@id":"https:\/\/www.cambe.pr.gov.br\/#\/schema\/person\/8e3ee69cb2cadf4b9f8377407227effd","name":"Vinicius Augusto Batista Eira","image":{"@type":"ImageObject","inLanguage":"pt-BR","@id":"https:\/\/secure.gravatar.com\/avatar\/1ec500de7013b30e1d4d7c8c3978f0e4433c37e5d5e4cd186239369c6440122b?s=96&d=mm&r=g","url":"https:\/\/secure.gravatar.com\/avatar\/1ec500de7013b30e1d4d7c8c3978f0e4433c37e5d5e4cd186239369c6440122b?s=96&d=mm&r=g","contentUrl":"https:\/\/secure.gravatar.com\/avatar\/1ec500de7013b30e1d4d7c8c3978f0e4433c37e5d5e4cd186239369c6440122b?s=96&d=mm&r=g","caption":"Vinicius Augusto Batista Eira"},"url":"https:\/\/www.cambe.pr.gov.br\/index.php\/author\/vabeira\/"}]}},"_links":{"self":[{"href":"https:\/\/www.cambe.pr.gov.br\/index.php\/wp-json\/wp\/v2\/posts\/10013","targetHints":{"allow":["GET"]}}],"collection":[{"href":"https:\/\/www.cambe.pr.gov.br\/index.php\/wp-json\/wp\/v2\/posts"}],"about":[{"href":"https:\/\/www.cambe.pr.gov.br\/index.php\/wp-json\/wp\/v2\/types\/post"}],"author":[{"embeddable":true,"href":"https:\/\/www.cambe.pr.gov.br\/index.php\/wp-json\/wp\/v2\/users\/16"}],"replies":[{"embeddable":true,"href":"https:\/\/www.cambe.pr.gov.br\/index.php\/wp-json\/wp\/v2\/comments?post=10013"}],"version-history":[{"count":2,"href":"https:\/\/www.cambe.pr.gov.br\/index.php\/wp-json\/wp\/v2\/posts\/10013\/revisions"}],"predecessor-version":[{"id":10018,"href":"https:\/\/www.cambe.pr.gov.br\/index.php\/wp-json\/wp\/v2\/posts\/10013\/revisions\/10018"}],"wp:attachment":[{"href":"https:\/\/www.cambe.pr.gov.br\/index.php\/wp-json\/wp\/v2\/media?parent=10013"}],"wp:term":[{"taxonomy":"category","embeddable":true,"href":"https:\/\/www.cambe.pr.gov.br\/index.php\/wp-json\/wp\/v2\/categories?post=10013"},{"taxonomy":"post_tag","embeddable":true,"href":"https:\/\/www.cambe.pr.gov.br\/index.php\/wp-json\/wp\/v2\/tags?post=10013"}],"curies":[{"name":"wp","href":"https:\/\/api.w.org\/{rel}","templated":true}]}}