{"id":1,"date":"2021-01-07T16:53:47","date_gmt":"2021-01-07T19:53:47","guid":{"rendered":"http:\/\/www.cambe.pr.gov.br\/?p=1"},"modified":"2024-10-07T13:00:21","modified_gmt":"2024-10-07T16:00:21","slug":"ola-mundo","status":"publish","type":"post","link":"https:\/\/www.cambe.pr.gov.br\/index.php\/ola-mundo\/","title":{"rendered":"Iniciada obra que melhorar\u00e1 acesso ao Conjunto Ant\u00f4nio Euthymio Casaroto"},"content":{"rendered":"<p style=\"text-align: justify;\"><img fetchpriority=\"high\" decoding=\"async\" class=\"alignleft wp-image-1664 size-large\" src=\"https:\/\/www.cambe.pr.gov.br\/wp-content\/uploads\/2020\/12\/ObraCasaroto2021-e1627504567402-1024x683.jpeg\" alt=\"\" width=\"610\" height=\"407\" srcset=\"https:\/\/www.cambe.pr.gov.br\/wp-content\/uploads\/2020\/12\/ObraCasaroto2021-e1627504567402-1024x683.jpeg 1024w, https:\/\/www.cambe.pr.gov.br\/wp-content\/uploads\/2020\/12\/ObraCasaroto2021-e1627504567402-300x200.jpeg 300w, https:\/\/www.cambe.pr.gov.br\/wp-content\/uploads\/2020\/12\/ObraCasaroto2021-e1627504567402-768x512.jpeg 768w, https:\/\/www.cambe.pr.gov.br\/wp-content\/uploads\/2020\/12\/ObraCasaroto2021-e1627504567402.jpeg 1280w\" sizes=\"(max-width: 610px) 100vw, 610px\" \/><span style=\"font-family: arial, helvetica, sans-serif; font-size: 12pt;\">Quem passa pelo trecho entre a Rua Belo Horizonte e a Estrada de Ferro \u2013 cerca de 250 metros \u2013 v\u00ea um grande sonho dos moradores da regi\u00e3o saindo do papel. \u00c9 que come\u00e7aram as obras de pavimenta\u00e7\u00e3o na Rua Jos\u00e9 Gomedi, via de acesso ao Conjunto Habitacional Ant\u00f4nio Euthymio Casaroto. A obra tem previs\u00e3o de conclus\u00e3o de 30 dias.<\/span><\/p>\n<p style=\"text-align: justify;\"><span style=\"font-family: arial, helvetica, sans-serif; font-size: 12pt;\">A engenheira civil da Secretaria de Planejamento, Solange Marquezi, explica que a via \u00e9 de paralelep\u00edpedo e agora ser\u00e1 pavimentada em CBUQ \u2013 material utilizado em vias de tr\u00e1fego mais pesado. Ela ainda esclarece que essa obra vai acontecer em raz\u00e3o da constru\u00e7\u00e3o de um novo condom\u00ednio residencial na regi\u00e3o. \u201cO propriet\u00e1rio desse novo condom\u00ednio assinou um Termo de Mitiga\u00e7\u00e3o com a Prefeitura de Camb\u00e9, que oficializa a obra de melhoria como uma justificativa para a implanta\u00e7\u00e3o de uma nova constru\u00e7\u00e3o no local\u201d, ressalta a engenheira. Marquezi ainda pontua que a obra e todos os custos s\u00e3o de responsabilidade do propriet\u00e1rio do condom\u00ednio.<\/span><\/p>\n<p style=\"text-align: justify;\"><span style=\"font-family: arial, helvetica, sans-serif; font-size: 12pt;\">O local est\u00e1 interditado, mas Marquezi ressalta que os moradores do Conjunto Habitacional Ant\u00f4nio Euthymio Casaroto v\u00e3o poder acessar o bairro \u2013 durante a interdi\u00e7\u00e3o \u2013 pela Rua Gaivotas e Rua Beija Flor, ambas no Camb\u00e9 III.<\/span><br \/>\n<span style=\"font-family: arial, helvetica, sans-serif; font-size: 12pt;\">O prefeito Conrado Scheller visitou a obra e se mostrou aliviado com o in\u00edcio dos trabalhos. \u201cEra uma reinvindica\u00e7\u00e3o antiga dos moradores desta regi\u00e3o e tamb\u00e9m uma promessa minha de campanha. Claro que h\u00e1 um transtorno natural durante o per\u00edodo das obras, mas ap\u00f3s a conclus\u00e3o, a vida destas pessoas ser\u00e1 diferente para melhor\u201d, apontou, ressaltando que esta \u00e9 a primeira fase ainda e que a via ser\u00e1 totalmente asfaltada. \u201cAp\u00f3s o termino da obra por parte desta empresa, iniciaremos a segunda fase, que ser\u00e1s feita com recursos do programa Paran\u00e1 Urbano\u201d.<\/span><\/p>\n","protected":false},"excerpt":{"rendered":"<p>Quem passa pelo trecho entre a Rua Belo Horizonte e a Estrada de Ferro \u2013 cerca de 250 metros \u2013 v\u00ea um grande sonho dos moradores da regi\u00e3o saindo do papel. \u00c9 que come\u00e7aram as obras de pavimenta\u00e7\u00e3o na Rua Jos\u00e9 Gomedi, via de acesso ao Conjunto Habitacional Ant\u00f4nio Euthymio Casaroto. A obra tem previs\u00e3o [&hellip;]<\/p>\n","protected":false},"author":1,"featured_media":0,"comment_status":"closed","ping_status":"closed","sticky":false,"template":"","format":"standard","meta":{"ngg_post_thumbnail":0,"footnotes":""},"categories":[1],"tags":[],"class_list":["post-1","post","type-post","status-publish","format-standard","hentry","category-principal"],"yoast_head":"<!-- This site is optimized with the Yoast SEO plugin v27.4 - https:\/\/yoast.com\/product\/yoast-seo-wordpress\/ -->\n<title>Iniciada obra que melhorar\u00e1 acesso ao Conjunto Ant\u00f4nio Euthymio Casaroto - Prefeitura de Camb\u00e9<\/title>\n<meta name=\"robots\" content=\"index, follow, max-snippet:-1, max-image-preview:large, max-video-preview:-1\" \/>\n<link rel=\"canonical\" href=\"https:\/\/www.cambe.pr.gov.br\/index.php\/ola-mundo\/\" \/>\n<meta property=\"og:locale\" content=\"pt_BR\" \/>\n<meta property=\"og:type\" content=\"article\" \/>\n<meta property=\"og:title\" content=\"Iniciada obra que melhorar\u00e1 acesso ao Conjunto Ant\u00f4nio Euthymio Casaroto - Prefeitura de Camb\u00e9\" \/>\n<meta property=\"og:description\" content=\"Quem passa pelo trecho entre a Rua Belo Horizonte e a Estrada de Ferro \u2013 cerca de 250 metros \u2013 v\u00ea um grande sonho dos moradores da regi\u00e3o saindo do papel. \u00c9 que come\u00e7aram as obras de pavimenta\u00e7\u00e3o na Rua Jos\u00e9 Gomedi, via de acesso ao Conjunto Habitacional Ant\u00f4nio Euthymio Casaroto. A obra tem previs\u00e3o [&hellip;]\" \/>\n<meta property=\"og:url\" content=\"https:\/\/www.cambe.pr.gov.br\/index.php\/ola-mundo\/\" \/>\n<meta property=\"og:site_name\" content=\"Prefeitura de Camb\u00e9\" \/>\n<meta property=\"article:publisher\" content=\"https:\/\/m.facebook.com\/prefeituradecambe\" \/>\n<meta property=\"article:published_time\" content=\"2021-01-07T19:53:47+00:00\" \/>\n<meta property=\"article:modified_time\" content=\"2024-10-07T16:00:21+00:00\" \/>\n<meta property=\"og:image\" content=\"http:\/\/www.cambe.pr.gov.br\/wp-content\/uploads\/2020\/12\/ObraCasaroto2021-e1627504567402-1024x683.jpeg\" \/>\n<meta name=\"author\" content=\"ticambe75732\" \/>\n<meta name=\"twitter:card\" content=\"summary_large_image\" \/>\n<meta name=\"twitter:label1\" content=\"Escrito por\" \/>\n\t<meta name=\"twitter:data1\" content=\"ticambe75732\" \/>\n\t<meta name=\"twitter:label2\" content=\"Est. tempo de leitura\" \/>\n\t<meta name=\"twitter:data2\" content=\"2 minutos\" \/>\n<script type=\"application\/ld+json\" class=\"yoast-schema-graph\">{\"@context\":\"https:\\\/\\\/schema.org\",\"@graph\":[{\"@type\":\"Article\",\"@id\":\"https:\\\/\\\/www.cambe.pr.gov.br\\\/index.php\\\/ola-mundo\\\/#article\",\"isPartOf\":{\"@id\":\"https:\\\/\\\/www.cambe.pr.gov.br\\\/index.php\\\/ola-mundo\\\/\"},\"author\":{\"name\":\"ticambe75732\",\"@id\":\"https:\\\/\\\/www.cambe.pr.gov.br\\\/#\\\/schema\\\/person\\\/163bab0d3b46eb61934629275d4c1321\"},\"headline\":\"Iniciada obra que melhorar\u00e1 acesso ao Conjunto Ant\u00f4nio Euthymio Casaroto\",\"datePublished\":\"2021-01-07T19:53:47+00:00\",\"dateModified\":\"2024-10-07T16:00:21+00:00\",\"mainEntityOfPage\":{\"@id\":\"https:\\\/\\\/www.cambe.pr.gov.br\\\/index.php\\\/ola-mundo\\\/\"},\"wordCount\":325,\"publisher\":{\"@id\":\"https:\\\/\\\/www.cambe.pr.gov.br\\\/#organization\"},\"image\":{\"@id\":\"https:\\\/\\\/www.cambe.pr.gov.br\\\/index.php\\\/ola-mundo\\\/#primaryimage\"},\"thumbnailUrl\":\"http:\\\/\\\/www.cambe.pr.gov.br\\\/wp-content\\\/uploads\\\/2020\\\/12\\\/ObraCasaroto2021-e1627504567402-1024x683.jpeg\",\"articleSection\":[\"Principal\"],\"inLanguage\":\"pt-BR\"},{\"@type\":\"WebPage\",\"@id\":\"https:\\\/\\\/www.cambe.pr.gov.br\\\/index.php\\\/ola-mundo\\\/\",\"url\":\"https:\\\/\\\/www.cambe.pr.gov.br\\\/index.php\\\/ola-mundo\\\/\",\"name\":\"Iniciada obra que melhorar\u00e1 acesso ao Conjunto Ant\u00f4nio Euthymio Casaroto - Prefeitura de Camb\u00e9\",\"isPartOf\":{\"@id\":\"https:\\\/\\\/www.cambe.pr.gov.br\\\/#website\"},\"primaryImageOfPage\":{\"@id\":\"https:\\\/\\\/www.cambe.pr.gov.br\\\/index.php\\\/ola-mundo\\\/#primaryimage\"},\"image\":{\"@id\":\"https:\\\/\\\/www.cambe.pr.gov.br\\\/index.php\\\/ola-mundo\\\/#primaryimage\"},\"thumbnailUrl\":\"http:\\\/\\\/www.cambe.pr.gov.br\\\/wp-content\\\/uploads\\\/2020\\\/12\\\/ObraCasaroto2021-e1627504567402-1024x683.jpeg\",\"datePublished\":\"2021-01-07T19:53:47+00:00\",\"dateModified\":\"2024-10-07T16:00:21+00:00\",\"breadcrumb\":{\"@id\":\"https:\\\/\\\/www.cambe.pr.gov.br\\\/index.php\\\/ola-mundo\\\/#breadcrumb\"},\"inLanguage\":\"pt-BR\",\"potentialAction\":[{\"@type\":\"ReadAction\",\"target\":[\"https:\\\/\\\/www.cambe.pr.gov.br\\\/index.php\\\/ola-mundo\\\/\"]}]},{\"@type\":\"ImageObject\",\"inLanguage\":\"pt-BR\",\"@id\":\"https:\\\/\\\/www.cambe.pr.gov.br\\\/index.php\\\/ola-mundo\\\/#primaryimage\",\"url\":\"http:\\\/\\\/www.cambe.pr.gov.br\\\/wp-content\\\/uploads\\\/2020\\\/12\\\/ObraCasaroto2021-e1627504567402-1024x683.jpeg\",\"contentUrl\":\"http:\\\/\\\/www.cambe.pr.gov.br\\\/wp-content\\\/uploads\\\/2020\\\/12\\\/ObraCasaroto2021-e1627504567402-1024x683.jpeg\"},{\"@type\":\"BreadcrumbList\",\"@id\":\"https:\\\/\\\/www.cambe.pr.gov.br\\\/index.php\\\/ola-mundo\\\/#breadcrumb\",\"itemListElement\":[{\"@type\":\"ListItem\",\"position\":1,\"name\":\"In\u00edcio\",\"item\":\"https:\\\/\\\/www.cambe.pr.gov.br\\\/\"},{\"@type\":\"ListItem\",\"position\":2,\"name\":\"Iniciada obra que melhorar\u00e1 acesso ao Conjunto Ant\u00f4nio Euthymio Casaroto\"}]},{\"@type\":\"WebSite\",\"@id\":\"https:\\\/\\\/www.cambe.pr.gov.br\\\/#website\",\"url\":\"https:\\\/\\\/www.cambe.pr.gov.br\\\/\",\"name\":\"Prefeitura de Camb\u00e9\",\"description\":\"UM GOVERNO PARA TODOS\",\"publisher\":{\"@id\":\"https:\\\/\\\/www.cambe.pr.gov.br\\\/#organization\"},\"potentialAction\":[{\"@type\":\"SearchAction\",\"target\":{\"@type\":\"EntryPoint\",\"urlTemplate\":\"https:\\\/\\\/www.cambe.pr.gov.br\\\/?s={search_term_string}\"},\"query-input\":{\"@type\":\"PropertyValueSpecification\",\"valueRequired\":true,\"valueName\":\"search_term_string\"}}],\"inLanguage\":\"pt-BR\"},{\"@type\":\"Organization\",\"@id\":\"https:\\\/\\\/www.cambe.pr.gov.br\\\/#organization\",\"name\":\"Prefeitura de Camb\u00e9\",\"url\":\"https:\\\/\\\/www.cambe.pr.gov.br\\\/\",\"logo\":{\"@type\":\"ImageObject\",\"inLanguage\":\"pt-BR\",\"@id\":\"https:\\\/\\\/www.cambe.pr.gov.br\\\/#\\\/schema\\\/logo\\\/image\\\/\",\"url\":\"https:\\\/\\\/www.cambe.pr.gov.br\\\/wp-content\\\/uploads\\\/2021\\\/01\\\/cropped-cropped-cambe_brazao-icone.png\",\"contentUrl\":\"https:\\\/\\\/www.cambe.pr.gov.br\\\/wp-content\\\/uploads\\\/2021\\\/01\\\/cropped-cropped-cambe_brazao-icone.png\",\"width\":240,\"height\":240,\"caption\":\"Prefeitura de Camb\u00e9\"},\"image\":{\"@id\":\"https:\\\/\\\/www.cambe.pr.gov.br\\\/#\\\/schema\\\/logo\\\/image\\\/\"},\"sameAs\":[\"https:\\\/\\\/m.facebook.com\\\/prefeituradecambe\"]},{\"@type\":\"Person\",\"@id\":\"https:\\\/\\\/www.cambe.pr.gov.br\\\/#\\\/schema\\\/person\\\/163bab0d3b46eb61934629275d4c1321\",\"name\":\"ticambe75732\",\"image\":{\"@type\":\"ImageObject\",\"inLanguage\":\"pt-BR\",\"@id\":\"https:\\\/\\\/secure.gravatar.com\\\/avatar\\\/bf7b8cb9f36bf9e3ee532b1e57cd7056b16a580f9e5742ed9d6bc1db542370f4?s=96&d=mm&r=g\",\"url\":\"https:\\\/\\\/secure.gravatar.com\\\/avatar\\\/bf7b8cb9f36bf9e3ee532b1e57cd7056b16a580f9e5742ed9d6bc1db542370f4?s=96&d=mm&r=g\",\"contentUrl\":\"https:\\\/\\\/secure.gravatar.com\\\/avatar\\\/bf7b8cb9f36bf9e3ee532b1e57cd7056b16a580f9e5742ed9d6bc1db542370f4?s=96&d=mm&r=g\",\"caption\":\"ticambe75732\"},\"sameAs\":[\"http:\\\/\\\/www.cambe.pr.gov.br\"],\"url\":\"https:\\\/\\\/www.cambe.pr.gov.br\\\/index.php\\\/author\\\/ticambe75732\\\/\"}]}<\/script>\n<!-- \/ Yoast SEO plugin. -->","yoast_head_json":{"title":"Iniciada obra que melhorar\u00e1 acesso ao Conjunto Ant\u00f4nio Euthymio Casaroto - Prefeitura de Camb\u00e9","robots":{"index":"index","follow":"follow","max-snippet":"max-snippet:-1","max-image-preview":"max-image-preview:large","max-video-preview":"max-video-preview:-1"},"canonical":"https:\/\/www.cambe.pr.gov.br\/index.php\/ola-mundo\/","og_locale":"pt_BR","og_type":"article","og_title":"Iniciada obra que melhorar\u00e1 acesso ao Conjunto Ant\u00f4nio Euthymio Casaroto - Prefeitura de Camb\u00e9","og_description":"Quem passa pelo trecho entre a Rua Belo Horizonte e a Estrada de Ferro \u2013 cerca de 250 metros \u2013 v\u00ea um grande sonho dos moradores da regi\u00e3o saindo do papel. \u00c9 que come\u00e7aram as obras de pavimenta\u00e7\u00e3o na Rua Jos\u00e9 Gomedi, via de acesso ao Conjunto Habitacional Ant\u00f4nio Euthymio Casaroto. A obra tem previs\u00e3o [&hellip;]","og_url":"https:\/\/www.cambe.pr.gov.br\/index.php\/ola-mundo\/","og_site_name":"Prefeitura de Camb\u00e9","article_publisher":"https:\/\/m.facebook.com\/prefeituradecambe","article_published_time":"2021-01-07T19:53:47+00:00","article_modified_time":"2024-10-07T16:00:21+00:00","og_image":[{"url":"http:\/\/www.cambe.pr.gov.br\/wp-content\/uploads\/2020\/12\/ObraCasaroto2021-e1627504567402-1024x683.jpeg","type":"","width":"","height":""}],"author":"ticambe75732","twitter_card":"summary_large_image","twitter_misc":{"Escrito por":"ticambe75732","Est. tempo de leitura":"2 minutos"},"schema":{"@context":"https:\/\/schema.org","@graph":[{"@type":"Article","@id":"https:\/\/www.cambe.pr.gov.br\/index.php\/ola-mundo\/#article","isPartOf":{"@id":"https:\/\/www.cambe.pr.gov.br\/index.php\/ola-mundo\/"},"author":{"name":"ticambe75732","@id":"https:\/\/www.cambe.pr.gov.br\/#\/schema\/person\/163bab0d3b46eb61934629275d4c1321"},"headline":"Iniciada obra que melhorar\u00e1 acesso ao Conjunto Ant\u00f4nio Euthymio Casaroto","datePublished":"2021-01-07T19:53:47+00:00","dateModified":"2024-10-07T16:00:21+00:00","mainEntityOfPage":{"@id":"https:\/\/www.cambe.pr.gov.br\/index.php\/ola-mundo\/"},"wordCount":325,"publisher":{"@id":"https:\/\/www.cambe.pr.gov.br\/#organization"},"image":{"@id":"https:\/\/www.cambe.pr.gov.br\/index.php\/ola-mundo\/#primaryimage"},"thumbnailUrl":"http:\/\/www.cambe.pr.gov.br\/wp-content\/uploads\/2020\/12\/ObraCasaroto2021-e1627504567402-1024x683.jpeg","articleSection":["Principal"],"inLanguage":"pt-BR"},{"@type":"WebPage","@id":"https:\/\/www.cambe.pr.gov.br\/index.php\/ola-mundo\/","url":"https:\/\/www.cambe.pr.gov.br\/index.php\/ola-mundo\/","name":"Iniciada obra que melhorar\u00e1 acesso ao Conjunto Ant\u00f4nio Euthymio Casaroto - Prefeitura de Camb\u00e9","isPartOf":{"@id":"https:\/\/www.cambe.pr.gov.br\/#website"},"primaryImageOfPage":{"@id":"https:\/\/www.cambe.pr.gov.br\/index.php\/ola-mundo\/#primaryimage"},"image":{"@id":"https:\/\/www.cambe.pr.gov.br\/index.php\/ola-mundo\/#primaryimage"},"thumbnailUrl":"http:\/\/www.cambe.pr.gov.br\/wp-content\/uploads\/2020\/12\/ObraCasaroto2021-e1627504567402-1024x683.jpeg","datePublished":"2021-01-07T19:53:47+00:00","dateModified":"2024-10-07T16:00:21+00:00","breadcrumb":{"@id":"https:\/\/www.cambe.pr.gov.br\/index.php\/ola-mundo\/#breadcrumb"},"inLanguage":"pt-BR","potentialAction":[{"@type":"ReadAction","target":["https:\/\/www.cambe.pr.gov.br\/index.php\/ola-mundo\/"]}]},{"@type":"ImageObject","inLanguage":"pt-BR","@id":"https:\/\/www.cambe.pr.gov.br\/index.php\/ola-mundo\/#primaryimage","url":"http:\/\/www.cambe.pr.gov.br\/wp-content\/uploads\/2020\/12\/ObraCasaroto2021-e1627504567402-1024x683.jpeg","contentUrl":"http:\/\/www.cambe.pr.gov.br\/wp-content\/uploads\/2020\/12\/ObraCasaroto2021-e1627504567402-1024x683.jpeg"},{"@type":"BreadcrumbList","@id":"https:\/\/www.cambe.pr.gov.br\/index.php\/ola-mundo\/#breadcrumb","itemListElement":[{"@type":"ListItem","position":1,"name":"In\u00edcio","item":"https:\/\/www.cambe.pr.gov.br\/"},{"@type":"ListItem","position":2,"name":"Iniciada obra que melhorar\u00e1 acesso ao Conjunto Ant\u00f4nio Euthymio Casaroto"}]},{"@type":"WebSite","@id":"https:\/\/www.cambe.pr.gov.br\/#website","url":"https:\/\/www.cambe.pr.gov.br\/","name":"Prefeitura de Camb\u00e9","description":"UM GOVERNO PARA TODOS","publisher":{"@id":"https:\/\/www.cambe.pr.gov.br\/#organization"},"potentialAction":[{"@type":"SearchAction","target":{"@type":"EntryPoint","urlTemplate":"https:\/\/www.cambe.pr.gov.br\/?s={search_term_string}"},"query-input":{"@type":"PropertyValueSpecification","valueRequired":true,"valueName":"search_term_string"}}],"inLanguage":"pt-BR"},{"@type":"Organization","@id":"https:\/\/www.cambe.pr.gov.br\/#organization","name":"Prefeitura de Camb\u00e9","url":"https:\/\/www.cambe.pr.gov.br\/","logo":{"@type":"ImageObject","inLanguage":"pt-BR","@id":"https:\/\/www.cambe.pr.gov.br\/#\/schema\/logo\/image\/","url":"https:\/\/www.cambe.pr.gov.br\/wp-content\/uploads\/2021\/01\/cropped-cropped-cambe_brazao-icone.png","contentUrl":"https:\/\/www.cambe.pr.gov.br\/wp-content\/uploads\/2021\/01\/cropped-cropped-cambe_brazao-icone.png","width":240,"height":240,"caption":"Prefeitura de Camb\u00e9"},"image":{"@id":"https:\/\/www.cambe.pr.gov.br\/#\/schema\/logo\/image\/"},"sameAs":["https:\/\/m.facebook.com\/prefeituradecambe"]},{"@type":"Person","@id":"https:\/\/www.cambe.pr.gov.br\/#\/schema\/person\/163bab0d3b46eb61934629275d4c1321","name":"ticambe75732","image":{"@type":"ImageObject","inLanguage":"pt-BR","@id":"https:\/\/secure.gravatar.com\/avatar\/bf7b8cb9f36bf9e3ee532b1e57cd7056b16a580f9e5742ed9d6bc1db542370f4?s=96&d=mm&r=g","url":"https:\/\/secure.gravatar.com\/avatar\/bf7b8cb9f36bf9e3ee532b1e57cd7056b16a580f9e5742ed9d6bc1db542370f4?s=96&d=mm&r=g","contentUrl":"https:\/\/secure.gravatar.com\/avatar\/bf7b8cb9f36bf9e3ee532b1e57cd7056b16a580f9e5742ed9d6bc1db542370f4?s=96&d=mm&r=g","caption":"ticambe75732"},"sameAs":["http:\/\/www.cambe.pr.gov.br"],"url":"https:\/\/www.cambe.pr.gov.br\/index.php\/author\/ticambe75732\/"}]}},"_links":{"self":[{"href":"https:\/\/www.cambe.pr.gov.br\/index.php\/wp-json\/wp\/v2\/posts\/1","targetHints":{"allow":["GET"]}}],"collection":[{"href":"https:\/\/www.cambe.pr.gov.br\/index.php\/wp-json\/wp\/v2\/posts"}],"about":[{"href":"https:\/\/www.cambe.pr.gov.br\/index.php\/wp-json\/wp\/v2\/types\/post"}],"author":[{"embeddable":true,"href":"https:\/\/www.cambe.pr.gov.br\/index.php\/wp-json\/wp\/v2\/users\/1"}],"replies":[{"embeddable":true,"href":"https:\/\/www.cambe.pr.gov.br\/index.php\/wp-json\/wp\/v2\/comments?post=1"}],"version-history":[{"count":12,"href":"https:\/\/www.cambe.pr.gov.br\/index.php\/wp-json\/wp\/v2\/posts\/1\/revisions"}],"predecessor-version":[{"id":2008,"href":"https:\/\/www.cambe.pr.gov.br\/index.php\/wp-json\/wp\/v2\/posts\/1\/revisions\/2008"}],"wp:attachment":[{"href":"https:\/\/www.cambe.pr.gov.br\/index.php\/wp-json\/wp\/v2\/media?parent=1"}],"wp:term":[{"taxonomy":"category","embeddable":true,"href":"https:\/\/www.cambe.pr.gov.br\/index.php\/wp-json\/wp\/v2\/categories?post=1"},{"taxonomy":"post_tag","embeddable":true,"href":"https:\/\/www.cambe.pr.gov.br\/index.php\/wp-json\/wp\/v2\/tags?post=1"}],"curies":[{"name":"wp","href":"https:\/\/api.w.org\/{rel}","templated":true}]}}